{"id":2851224,"date":"2015-11-17T19:34:22","date_gmt":"2015-11-18T03:34:22","guid":{"rendered":"http:\/\/agpnoticias.com\/news\/?p=2851224"},"modified":"2015-11-17T19:35:56","modified_gmt":"2015-11-18T03:35:56","slug":"luis-gerardo-chaavez-motivados-de-cara-al-duelo-ante-atlas","status":"publish","type":"post","link":"https:\/\/agpnoticias.com\/news\/?p=2851224","title":{"rendered":"Luis Gerardo Ch\u00e1vez motivados de cara al duelo ante Atlas"},"content":{"rendered":"<figure id=\"attachment_2851231\" aria-describedby=\"caption-attachment-2851231\" style=\"width: 1200px\" class=\"wp-caption aligncenter\"><a href=\"http:\/\/agpnoticias.com\/news\/luis-gerardo-chaavez-motivados-de-cara-al-duelo-ante-atlas\/20151117_xolos\/\" rel=\"attachment wp-att-2851231\"><img fetchpriority=\"high\" decoding=\"async\" class=\"wp-image-2851231 size-full\" src=\"http:\/\/agpnoticias.com\/news\/wp-content\/uploads\/2015\/11\/20151117_xolos.jpg\" alt=\"20151117_xolos\" width=\"1200\" height=\"800\" srcset=\"https:\/\/agpnoticias.com\/news\/wp-content\/uploads\/2015\/11\/20151117_xolos.jpg 1200w, https:\/\/agpnoticias.com\/news\/wp-content\/uploads\/2015\/11\/20151117_xolos-200x133.jpg 200w, https:\/\/agpnoticias.com\/news\/wp-content\/uploads\/2015\/11\/20151117_xolos-1024x683.jpg 1024w\" sizes=\"(max-width: 1200px) 100vw, 1200px\" \/><\/a><figcaption id=\"caption-attachment-2851231\" class=\"wp-caption-text\">Luis Gerardo Ch\u00e1vez<\/figcaption><\/figure>\n<p>Tijuana, Baja California.- El camino de Luis\u00a0Gerardo Ch\u00e1vez en el futbol profesional no ha sido sencillo. El\u00a0mediocampista tapat\u00edo de 19 a\u00f1os forma parte del Club Tijuana desde 2011\u00a0y fue en el Torneo Apertura 2012 cuando jug\u00f3 su primer torneo nacional\u00a0como Xoloitzcuintle en la divisi\u00f3n Sub17. Despu\u00e9s de realizar un proceso\u00a0en las categor\u00edas juveniles Rojinegras, as\u00ed como en COPA MX, Luis ya<br \/>\ncuenta con experiencia en Primera Divisi\u00f3n y es uno de los j\u00f3venes\u00a0referentes de la cantera Xoloitzcuintle.<\/p>\n<p>Ante la visita del Atlas de Guadalajara en el cierre del Apertura 2015,\u00a0Ch\u00e1vez Magall\u00f3n, nativo de Cihuatl\u00e1n, Jalisco, se dice motivado por\u00a0enfrentar a un equipo de su tierra natal, adem\u00e1s por la rivalidad<br \/>\ndeportiva que ha vivido en las divisiones juveniles con el Club Tijuana\u00a0ante sus similares atlistas.<\/p>\n<p>\u201cMe siento motivado por el partido que di en Puebla en la jornada\u00a0pasada, creo que el profe Ra\u00fal (Chabrand) est\u00e1 viendo si me da de nuevo\u00a0la posibilidad y si me toca estar dentro o en la banca hay que apoyar.<\/p>\n<p>\u201cSiempre es bonito enfrentar al Atlas porque es un equipo de donde yo\u00a0soy, me gusta jugar contra ellos y hacerles goles. Contra el Atlas es un\u00a0duelo especial porque fue en una final contra ellos cuando estaba en un\u00a0filial del Club Tijuana cuando el profesor Marco Marroqu\u00edn hizo un\u00a0visoreo y de ah\u00ed me llev\u00f3 al equipo Sub17 del DF\u201d, explic\u00f3.<\/p>\n<p>Luis ha jugado cinco partidos en el m\u00e1ximo circuito con los\u00a0Xoloitzcuintles. Su debut se dio en el Torneo Apertura 2014 en la Fecha\u00a01 ante el Puebla FC (18 de Julio de 2014), curiosamente fue ante el<br \/>\nmismo equipo de La Franja en el que tuvo su participaci\u00f3n m\u00e1s reciente\u00a0en el Apertura 2015.<\/p>\n<p>\u201cMe sent\u00ed muy bien en el partido ante Puebla en la fecha pasada, pens\u00e9\u00a0que iba a ser un poco m\u00e1s dif\u00edcil, pero me sent\u00ed muy bien, mis\u00a0compa\u00f1eros me arroparon de la mejor forma y creo que hizo un buen\u00a0partido\u201d, coment\u00f3 Ch\u00e1vez.<\/p>\n<p>\u00c9l mismo fue quien inici\u00f3 la jugada del gol que anotaron los\u00a0Xoloitzcuintles en el duelo de la Fecha 16 en el Estadio Ol\u00edmpico de la\u00a0BUAP.<\/p>\n<p>\u201cRecuerdo que agarr\u00e9 el bal\u00f3n en la media cancha, avanc\u00e9 hice como que\u00a0iba a patear, el central sali\u00f3, me apoy\u00e9 con Henry (Mart\u00edn), \u00e9l se la\u00a0toc\u00f3 al Chango (Moreno), dispar\u00f3, el portero la solt\u00f3 y lleg\u00f3 Dayro\u00a0(Moreno( que tuvo la oportunidad de meter el gol\u201d, relat\u00f3.<\/p>\n<p>Luis Gerardo destaca la paciencia que ha tenido para ganarse un lugar\u00a0en el primer equipo del Club Tijuana, en el que espera consolidarse en\u00a0Primera Divisi\u00f3n.<br \/>\n\u201cEs la perseverancia, siempre hay que estar ah\u00ed para cuando el t\u00e9cnico\u00a0que est\u00e9 te ocupe y estar al cien. Ahora primero hay que tratar de tener\u00a0m\u00e1s minutos e irme consolidando poco a poco en Primera\u201d, explic\u00f3.<\/p>\n<p>El crecimiento de Ch\u00e1vez ha sido importante en el Club Tijuana y sus\u00a0condiciones futbol\u00edsticas, con un gran nivel de golpeo de pierna\u00a0izquierda y a bal\u00f3n parado, as\u00ed como una visi\u00f3n de juego netamente<br \/>\nofensiva lo colocan como uno de los prospectos de referencia en la\u00a0cantera Xoloitzcuintle.<\/p>\n<p>\u201cNunca me imagin\u00e9 estar tan r\u00e1pido ac\u00e1 y estar ahora donde estoy, trato\u00a0de siempre aprovecharlo y echarle las ganas para seguir aqu\u00ed. Cuando me\u00a0ha tocado estar fuera me gusta ver mucho ver a Juan Arango porque tiene\u00a0una t\u00e9cnica individual impresionante, un golpeo tambi\u00e9n y es con el<br \/>\njugador con el que m\u00e1s me identifico\u201d, coment\u00f3.<\/p>\n<p>Junto a sus compa\u00f1eros Xoloitzcuintles, Ch\u00e1vez realiz\u00f3 la pr\u00e1ctica de\u00a0este lunes en la cancha del Estadio Caliente con miras al partido del\u00a0pr\u00f3ximo viernes ante el Atlas en la Frontera Norte.<\/p>\n<p>Este martes el\u00a0primer equipo de los Canes Aztecas continuar\u00e1 con los entrenamientos\u00a0para el cierre del rol regular en el Apertura 2015.<\/p>\n","protected":false},"excerpt":{"rendered":"<p>Tijuana, Baja California.- El camino de Luis\u00a0Gerardo Ch\u00e1vez en el futbol profesional no ha sido&#8230;<\/p>\n","protected":false},"author":1,"featured_media":2851231,"comment_status":"closed","ping_status":"closed","sticky":false,"template":"","format":"standard","meta":{"footnotes":""},"categories":[7,17],"tags":[],"class_list":["post-2851224","post","type-post","status-publish","format-standard","has-post-thumbnail","hentry","category-deportes","category-xolos-de-tijuana"],"_links":{"self":[{"href":"https:\/\/agpnoticias.com\/news\/index.php?rest_route=\/wp\/v2\/posts\/2851224","targetHints":{"allow":["GET"]}}],"collection":[{"href":"https:\/\/agpnoticias.com\/news\/index.php?rest_route=\/wp\/v2\/posts"}],"about":[{"href":"https:\/\/agpnoticias.com\/news\/index.php?rest_route=\/wp\/v2\/types\/post"}],"author":[{"embeddable":true,"href":"https:\/\/agpnoticias.com\/news\/index.php?rest_route=\/wp\/v2\/users\/1"}],"replies":[{"embeddable":true,"href":"https:\/\/agpnoticias.com\/news\/index.php?rest_route=%2Fwp%2Fv2%2Fcomments&post=2851224"}],"version-history":[{"count":4,"href":"https:\/\/agpnoticias.com\/news\/index.php?rest_route=\/wp\/v2\/posts\/2851224\/revisions"}],"predecessor-version":[{"id":2851235,"href":"https:\/\/agpnoticias.com\/news\/index.php?rest_route=\/wp\/v2\/posts\/2851224\/revisions\/2851235"}],"wp:featuredmedia":[{"embeddable":true,"href":"https:\/\/agpnoticias.com\/news\/index.php?rest_route=\/wp\/v2\/media\/2851231"}],"wp:attachment":[{"href":"https:\/\/agpnoticias.com\/news\/index.php?rest_route=%2Fwp%2Fv2%2Fmedia&parent=2851224"}],"wp:term":[{"taxonomy":"category","embeddable":true,"href":"https:\/\/agpnoticias.com\/news\/index.php?rest_route=%2Fwp%2Fv2%2Fcategories&post=2851224"},{"taxonomy":"post_tag","embeddable":true,"href":"https:\/\/agpnoticias.com\/news\/index.php?rest_route=%2Fwp%2Fv2%2Ftags&post=2851224"}],"curies":[{"name":"wp","href":"https:\/\/api.w.org\/{rel}","templated":true}]}}