{"id":2851236,"date":"2015-11-17T19:38:59","date_gmt":"2015-11-18T03:38:59","guid":{"rendered":"http:\/\/agpnoticias.com\/news\/?p=2851236"},"modified":"2015-11-17T22:04:37","modified_gmt":"2015-11-18T06:04:37","slug":"inauguran-gimnasio-al-aire-libre-en-villas-del-rey-ii%e2%80%8f","status":"publish","type":"post","link":"https:\/\/agpnoticias.com\/news\/?p=2851236","title":{"rendered":"Inaugur\u00e1n gimnasio al aire libre en Villas del Rey II"},"content":{"rendered":"<figure id=\"attachment_2851238\" aria-describedby=\"caption-attachment-2851238\" style=\"width: 1024px\" class=\"wp-caption aligncenter\"><a href=\"http:\/\/agpnoticias.com\/news\/inauguran-gimnasio-al-aire-libre-en-villas-del-rey-ii%e2%80%8f\/20151117_gimnasio-villas-del-rey5\/\" rel=\"attachment wp-att-2851238\"><img fetchpriority=\"high\" decoding=\"async\" class=\"wp-image-2851238 size-full\" src=\"http:\/\/agpnoticias.com\/news\/wp-content\/uploads\/2015\/11\/20151117_Gimnasio-Villas-del-Rey5.jpg\" alt=\"20151117_Gimnasio Villas del Rey5\" width=\"1024\" height=\"683\" srcset=\"https:\/\/agpnoticias.com\/news\/wp-content\/uploads\/2015\/11\/20151117_Gimnasio-Villas-del-Rey5.jpg 1024w, https:\/\/agpnoticias.com\/news\/wp-content\/uploads\/2015\/11\/20151117_Gimnasio-Villas-del-Rey5-200x133.jpg 200w\" sizes=\"(max-width: 1024px) 100vw, 1024px\" \/><\/a><figcaption id=\"caption-attachment-2851238\" class=\"wp-caption-text\">El alcalde Gilberto Hirata inaugur\u00f3 un gimnasio al aire libre en Villas del Rey<\/figcaption><\/figure>\n<p style=\"margin: 0px; text-align: justify; background-image: initial; background-attachment: initial; background-color: white; background-size: initial; background-origin: initial; background-clip: initial; background-position: initial; background-repeat: initial;\"><span style=\"font-family: 'Arial','sans-serif';\">Ensenada Baja California.-<\/span><span style=\"font-family: 'Arial','sans-serif';\">\u00a0Resultado del trabajo coordinado entre el XXI Ayuntamiento de Ensenada y empresas socialmente responsables, el presidente municipal, maestro Gilberto Hirata, inaugur\u00f3 un gimnasio al aire libre en Villas del Rey segunda secci\u00f3n.<\/span><\/p>\n<p style=\"margin: 0px; text-align: justify; background-image: initial; background-attachment: initial; background-color: white; background-size: initial; background-origin: initial; background-clip: initial; background-position: initial; background-repeat: initial;\"><span style=\"font-family: 'Arial','sans-serif';\">\u00a0<\/span><\/p>\n<p style=\"margin: 0px; text-align: justify; background-image: initial; background-attachment: initial; background-color: white; background-size: initial; background-origin: initial; background-clip: initial; background-position: initial; background-repeat: initial;\"><span style=\"font-family: 'Arial','sans-serif';\">Gilberto Hirata subray\u00f3 que esta importante obra en beneficio de miles de familias se concret\u00f3 gracias a la donaci\u00f3n de aparatos de ejercitaci\u00f3n f\u00edsica por parte de la compa\u00f1\u00eda Cuauht\u00e9moc Moctezuma Heineken M\u00e9xico.<\/span><\/p>\n<p style=\"margin: 0px; text-align: justify; background-image: initial; background-attachment: initial; background-color: white; background-size: initial; background-origin: initial; background-clip: initial; background-position: initial; background-repeat: initial;\"><span style=\"font-family: 'Arial','sans-serif';\">\u00a0<\/span><\/p>\n<p style=\"margin: 0px; text-align: justify; background-image: initial; background-attachment: initial; background-color: white; background-size: initial; background-origin: initial; background-clip: initial; background-position: initial; background-repeat: initial;\"><span style=\"font-family: 'Arial','sans-serif';\">Resalt\u00f3 que este es el primer parque de Baja California que recibe el apoyo de esta importante empresa internacional para contar con un gimnasio al aire libre, aportaci\u00f3n que asegur\u00f3 se suma a las acciones emprendidas por el Ayuntamiento para promover estilos de vida saludables y prevenir enfermedades.<\/span><\/p>\n<p style=\"margin: 0px; text-align: justify; background-image: initial; background-attachment: initial; background-color: white; background-size: initial; background-origin: initial; background-clip: initial; background-position: initial; background-repeat: initial;\"><span style=\"font-family: 'Arial','sans-serif';\">\u00a0<\/span><\/p>\n<figure id=\"attachment_2851237\" aria-describedby=\"caption-attachment-2851237\" style=\"width: 320px\" class=\"wp-caption alignright\"><a href=\"http:\/\/agpnoticias.com\/news\/inauguran-gimnasio-al-aire-libre-en-villas-del-rey-ii%e2%80%8f\/20151117_gimnasio-villas-del-rey4\/\" rel=\"attachment wp-att-2851237\"><img decoding=\"async\" class=\"size-medium wp-image-2851237\" src=\"http:\/\/agpnoticias.com\/news\/wp-content\/uploads\/2015\/11\/20151117_Gimnasio-Villas-del-Rey4-320x240.jpg\" alt=\"Inst\u00f3 a los vecinos de la zona a apropiarse del lugar\" width=\"320\" height=\"240\" srcset=\"https:\/\/agpnoticias.com\/news\/wp-content\/uploads\/2015\/11\/20151117_Gimnasio-Villas-del-Rey4-320x240.jpg 320w, https:\/\/agpnoticias.com\/news\/wp-content\/uploads\/2015\/11\/20151117_Gimnasio-Villas-del-Rey4-640x480.jpg 640w\" sizes=\"(max-width: 320px) 100vw, 320px\" \/><\/a><figcaption id=\"caption-attachment-2851237\" class=\"wp-caption-text\">Inst\u00f3 a los vecinos de la zona a apropiarse del lugar<\/figcaption><\/figure>\n<p style=\"margin: 0px; text-align: justify; background-image: initial; background-attachment: initial; background-color: white; background-size: initial; background-origin: initial; background-clip: initial; background-position: initial; background-repeat: initial;\"><span style=\"font-family: 'Arial','sans-serif';\">El primer edil asegur\u00f3 que este tipo de espacios se replicar\u00e1n en las distintas colonias de la zona urbana y en las 22 delegaciones, pues la meta es que hasta en los asentamientos m\u00e1s distantes del municipio se implementen programas de activaci\u00f3n f\u00edsica que coadyuven en la sana recreaci\u00f3n y la uni\u00f3n familiar.<\/span><\/p>\n<p style=\"margin: 0px; text-align: justify; background-image: initial; background-attachment: initial; background-color: white; background-size: initial; background-origin: initial; background-clip: initial; background-position: initial; background-repeat: initial;\"><span style=\"font-family: 'Arial','sans-serif';\">\u00a0<\/span><\/p>\n<p style=\"margin: 0px; text-align: justify; background-image: initial; background-attachment: initial; background-color: white; background-size: initial; background-origin: initial; background-clip: initial; background-position: initial; background-repeat: initial;\"><span style=\"font-family: 'Arial','sans-serif';\">Inst\u00f3 a los vecinos de la zona a apropiarse del lugar y cuidarlo como si se tratara de su casa, ya que es un patrimonio para la comunidad y especialmente para que las nuevas generaciones se mantengan alejadas de conductas nocivas.<\/span><\/p>\n<p style=\"margin: 0px; text-align: justify; background-image: initial; background-attachment: initial; background-color: white; background-size: initial; background-origin: initial; background-clip: initial; background-position: initial; background-repeat: initial;\"><span style=\"font-family: 'Arial','sans-serif';\">\u00a0<\/span><\/p>\n<p style=\"margin: 0px; text-align: justify; background-image: initial; background-attachment: initial; background-color: white; background-size: initial; background-origin: initial; background-clip: initial; background-position: initial; background-repeat: initial;\"><span style=\"font-family: 'Arial','sans-serif';\">Por su parte, la coordinadora de Sustentabilidad de la Compa\u00f1\u00eda Cuauht\u00e9moc Moctezuma Heineken M\u00e9xico, Abril Cereceres Ram\u00edrez explic\u00f3 que desde el 2011 con el respaldo de la Comisi\u00f3n Nacional de Cultura F\u00edsica y Deporte (Conade) se emprendi\u00f3 este proyecto de instalar gimnasios al aire libre en distintas ciudades de la Rep\u00fablica.<\/span><\/p>\n<p style=\"margin: 0px; text-align: justify; background-image: initial; background-attachment: initial; background-color: white; background-size: initial; background-origin: initial; background-clip: initial; background-position: initial; background-repeat: initial;\"><span style=\"font-family: 'Arial','sans-serif';\">\u00a0<\/span><\/p>\n<p style=\"margin: 0px; text-align: justify; background-image: initial; background-attachment: initial; background-color: white; background-size: initial; background-origin: initial; background-clip: initial; background-position: initial; background-repeat: initial;\"><span style=\"font-family: 'Arial','sans-serif';\">\u201cEstamos muy agradecidos con el alcalde por este gimnasio, porque la meta es fomentar el deporte y los estilos de vida saludables, por ello invitamos a la comunidad a que hagan buen uso de estas instalaciones\u201d, afirm\u00f3.<\/span><\/p>\n<p style=\"margin: 0px; text-align: justify; background-image: initial; background-attachment: initial; background-color: white; background-size: initial; background-origin: initial; background-clip: initial; background-position: initial; background-repeat: initial;\"><span style=\"font-family: 'Arial','sans-serif';\">\u00a0<\/span><\/p>\n<p style=\"margin: 0px; text-align: justify; background-image: initial; background-attachment: initial; background-color: white; background-size: initial; background-origin: initial; background-clip: initial; background-position: initial; background-repeat: initial;\"><span style=\"font-family: 'Arial','sans-serif';\">En nombre de la poblaci\u00f3n beneficiada, la se\u00f1ora Rosa Mar\u00eda Rangel Mendoza expres\u00f3 su agradecimiento al maestro Gilberto Hirata y a la empresa por hacer posible este espacio, ya que antes s\u00f3lo contaban con una pista para correr pero tras esta inauguraci\u00f3n enfatiz\u00f3 que ya no necesitar\u00e1n inscribirse en un gimnasio, porque ya lo tienen en forma gratuita y a unos cuantos pasos de sus hogares.<\/span><\/p>\n<p style=\"margin: 0px; text-align: justify; background-image: initial; background-attachment: initial; background-color: white; background-size: initial; background-origin: initial; background-clip: initial; background-position: initial; background-repeat: initial;\"><span style=\"font-family: 'Arial','sans-serif';\">\u00a0<\/span><\/p>\n<p style=\"margin: 0px; text-align: justify; background-image: initial; background-attachment: initial; background-color: white; background-size: initial; background-origin: initial; background-clip: initial; background-position: initial; background-repeat: initial;\"><span style=\"font-family: 'Arial','sans-serif';\">Participaron en el evento: Miguel Garc\u00eda Ur\u00edas, director del Instituto Municipal del Deporte y Recreaci\u00f3n (Inmudere); el subdirector de Servicios P\u00fablicos, Francisco Javier Lara Navarro; Carlos Chavira, jefe de Ventas de Cuauht\u00e9moc Moctezuma Heineken M\u00e9xico en Ensenada; \u00d3scar Aguirre Jalil, entrenador ol\u00edmpico en la disciplina de gimnasia; Corina S\u00e1mago, representante vecinal y alumnos de la Primaria Antonio Mel\u00e9ndrez Cese\u00f1a.<\/span><\/p>\n","protected":false},"excerpt":{"rendered":"<p>Ensenada Baja California.-\u00a0Resultado del trabajo coordinado entre el XXI Ayuntamiento de Ensenada y empresas socialmente&#8230;<\/p>\n","protected":false},"author":1,"featured_media":2851238,"comment_status":"closed","ping_status":"closed","sticky":false,"template":"","format":"standard","meta":{"footnotes":""},"categories":[7,173],"tags":[],"class_list":["post-2851236","post","type-post","status-publish","format-standard","has-post-thumbnail","hentry","category-deportes","category-ayuntamiento-de-ensenada"],"_links":{"self":[{"href":"https:\/\/agpnoticias.com\/news\/index.php?rest_route=\/wp\/v2\/posts\/2851236","targetHints":{"allow":["GET"]}}],"collection":[{"href":"https:\/\/agpnoticias.com\/news\/index.php?rest_route=\/wp\/v2\/posts"}],"about":[{"href":"https:\/\/agpnoticias.com\/news\/index.php?rest_route=\/wp\/v2\/types\/post"}],"author":[{"embeddable":true,"href":"https:\/\/agpnoticias.com\/news\/index.php?rest_route=\/wp\/v2\/users\/1"}],"replies":[{"embeddable":true,"href":"https:\/\/agpnoticias.com\/news\/index.php?rest_route=%2Fwp%2Fv2%2Fcomments&post=2851236"}],"version-history":[{"count":3,"href":"https:\/\/agpnoticias.com\/news\/index.php?rest_route=\/wp\/v2\/posts\/2851236\/revisions"}],"predecessor-version":[{"id":2851260,"href":"https:\/\/agpnoticias.com\/news\/index.php?rest_route=\/wp\/v2\/posts\/2851236\/revisions\/2851260"}],"wp:featuredmedia":[{"embeddable":true,"href":"https:\/\/agpnoticias.com\/news\/index.php?rest_route=\/wp\/v2\/media\/2851238"}],"wp:attachment":[{"href":"https:\/\/agpnoticias.com\/news\/index.php?rest_route=%2Fwp%2Fv2%2Fmedia&parent=2851236"}],"wp:term":[{"taxonomy":"category","embeddable":true,"href":"https:\/\/agpnoticias.com\/news\/index.php?rest_route=%2Fwp%2Fv2%2Fcategories&post=2851236"},{"taxonomy":"post_tag","embeddable":true,"href":"https:\/\/agpnoticias.com\/news\/index.php?rest_route=%2Fwp%2Fv2%2Ftags&post=2851236"}],"curies":[{"name":"wp","href":"https:\/\/api.w.org\/{rel}","templated":true}]}}