{"id":2851599,"date":"2015-11-27T19:23:48","date_gmt":"2015-11-28T03:23:48","guid":{"rendered":"http:\/\/agpnoticias.com\/news\/?p=2851599"},"modified":"2016-12-28T21:20:37","modified_gmt":"2016-12-29T05:20:37","slug":"cerrara-inmudere-2015-con-carreras-ciclismo-y-box","status":"publish","type":"post","link":"https:\/\/agpnoticias.com\/news\/?p=2851599","title":{"rendered":"Cerrar\u00e1 Inmudere 2015 con carreras, ciclismo y box"},"content":{"rendered":"<figure id=\"attachment_2851601\" aria-describedby=\"caption-attachment-2851601\" style=\"width: 800px\" class=\"wp-caption aligncenter\"><a href=\"http:\/\/agpnoticias.com\/news\/cerrara-inmudere-2015-con-carreras-ciclismo-y-box\/en-diciembre-inmudere-promovera-tres-carreras-del-pavo\/\" rel=\"attachment wp-att-2851601\"><img fetchpriority=\"high\" decoding=\"async\" class=\"size-full wp-image-2851601\" src=\"http:\/\/agpnoticias.com\/news\/wp-content\/uploads\/2015\/11\/En-diciembre-Inmudere-promover\u00e1-tres-carreras-del-Pavo-e1448680995827.jpg\" alt=\"En diciembre, Inmudere promover\u00e1 tres carreras del Pavo\" width=\"800\" height=\"533\" \/><\/a><figcaption id=\"caption-attachment-2851601\" class=\"wp-caption-text\">En diciembre, Inmudere promover\u00e1 tres carreras del Pavo<\/figcaption><\/figure>\n<p>Ensenada, Baja California.-Con tres carreras atl\u00e9ticas, una funci\u00f3n de box y la ciclov\u00eda recreativa cerrar\u00e1 el a\u00f1o el Instituto Municipal del Deporte y Recreaci\u00f3n de Ensenada (Inmudere).<\/p>\n<p>Miguel Garc\u00eda Ur\u00edas anunci\u00f3 durante una rueda de prensa los detalles de los cinco eventos deportivos con los que la dependencia que dirige culminar\u00e1 el a\u00f1o.<\/p>\n<p>El primero de ellos ser\u00e1 una funci\u00f3n de box amateur programada el s\u00e1bado 28 de noviembre en el gimnasio de Chapultepec a las 13:00 horas.<\/p>\n<p>El torneo ser\u00e1 abierto para todos los clubes box\u00edsticos que deseen participar y habr\u00e1 medallas para los ganadores, mientras que el pesaje ser\u00e1 el mismo d\u00eda de la pelea a las 11:00 horas.<\/p>\n<p>Para el domingo 13 de diciembre se realizar\u00e1 la ciclov\u00eda recreativa correspondiente a diciembre en la extensi\u00f3n del boulevard de 9:00 a 11:00 horas; ah\u00ed se rifar\u00e1 una bicicleta y material deportivo.<\/p>\n<p>Garc\u00eda Urias tambi\u00e9n dio a conocer las tres carreras del pavo que ser\u00e1n en San Antonio de las minas, San Quint\u00edn y en Isla de Cedros.<\/p>\n<p>En las tres se premiar\u00e1 con un pavo a los tres primeros lugares de las diferentes categor\u00edas.<\/p>\n<p>Tambi\u00e9n dijo que habr\u00e1 carreras atl\u00e9ticas infantiles que van desde uno hasta los 13 a\u00f1os; en este caso se premiar\u00e1 con material deportivo a los tres primeros lugares.<\/p>\n<p>En San Quint\u00edn la tercera carrera del pavo ser\u00e1 el domingo 6 de diciembre a las\u00a0 9:00horas con salida y meta en la unidad deportiva L\u00e1zaro C\u00e1rdenas y se dar\u00e1n camiseta a los 200 primeros en cruzar la meta.<\/p>\n<p>En Isla de Cedros se llevara a cabo el 13 de diciembre a las 8:30 horas; en este\u00a0poblado el recorrido ser\u00e1 de 3.5 kil\u00f3metros \u201cdebido a que la gente no est\u00e1 acostumbrada a estE tipo de evento de atletismo\u201d, mencion\u00f3 el funcionario.<\/p>\n<p>Para el domingo 20 de diciembre a las 8:30 horas tocar\u00e1 turno al poblado San Antonio de las Minas, donde celebrar\u00e1n la edici\u00f3n n\u00famero 12 de la carrera del pavo en memoria de Alfredo \u201cChato\u201d Bern\u00e1ldez.<\/p>\n<p>En este evento el recorrido ser\u00e1 de 6.5 kil\u00f3metros a campo traviesa, habr\u00e1 500 camisetas a los primero en cruzar la meta.<\/p>\n<p>Miguel Garc\u00eda Ur\u00edas dijo que son esperadas alrededor de mil personas con salida y meta ser\u00e1 en el Rancho Bern\u00e1ldez.<\/p>\n","protected":false},"excerpt":{"rendered":"<p>Ensenada, Baja California.-Con tres carreras atl\u00e9ticas, una funci\u00f3n de box y la ciclov\u00eda recreativa cerrar\u00e1&#8230;<\/p>\n","protected":false},"author":1,"featured_media":2851601,"comment_status":"closed","ping_status":"closed","sticky":false,"template":"","format":"standard","meta":{"footnotes":""},"categories":[1,31,692,7],"tags":[],"class_list":["post-2851599","post","type-post","status-publish","format-standard","has-post-thumbnail","hentry","category-uncategorized","category-atletismo","category-ciclismo","category-deportes"],"_links":{"self":[{"href":"https:\/\/agpnoticias.com\/news\/index.php?rest_route=\/wp\/v2\/posts\/2851599","targetHints":{"allow":["GET"]}}],"collection":[{"href":"https:\/\/agpnoticias.com\/news\/index.php?rest_route=\/wp\/v2\/posts"}],"about":[{"href":"https:\/\/agpnoticias.com\/news\/index.php?rest_route=\/wp\/v2\/types\/post"}],"author":[{"embeddable":true,"href":"https:\/\/agpnoticias.com\/news\/index.php?rest_route=\/wp\/v2\/users\/1"}],"replies":[{"embeddable":true,"href":"https:\/\/agpnoticias.com\/news\/index.php?rest_route=%2Fwp%2Fv2%2Fcomments&post=2851599"}],"version-history":[{"count":3,"href":"https:\/\/agpnoticias.com\/news\/index.php?rest_route=\/wp\/v2\/posts\/2851599\/revisions"}],"predecessor-version":[{"id":2851603,"href":"https:\/\/agpnoticias.com\/news\/index.php?rest_route=\/wp\/v2\/posts\/2851599\/revisions\/2851603"}],"wp:featuredmedia":[{"embeddable":true,"href":"https:\/\/agpnoticias.com\/news\/index.php?rest_route=\/wp\/v2\/media\/2851601"}],"wp:attachment":[{"href":"https:\/\/agpnoticias.com\/news\/index.php?rest_route=%2Fwp%2Fv2%2Fmedia&parent=2851599"}],"wp:term":[{"taxonomy":"category","embeddable":true,"href":"https:\/\/agpnoticias.com\/news\/index.php?rest_route=%2Fwp%2Fv2%2Fcategories&post=2851599"},{"taxonomy":"post_tag","embeddable":true,"href":"https:\/\/agpnoticias.com\/news\/index.php?rest_route=%2Fwp%2Fv2%2Ftags&post=2851599"}],"curies":[{"name":"wp","href":"https:\/\/api.w.org\/{rel}","templated":true}]}}