{"id":2852019,"date":"2015-12-04T17:56:21","date_gmt":"2015-12-05T01:56:21","guid":{"rendered":"http:\/\/agpnoticias.com\/news\/?p=2852019"},"modified":"2015-12-04T18:28:13","modified_gmt":"2015-12-05T02:28:13","slug":"enterate-teodoro-araiza-ira-por-la-presidencia","status":"publish","type":"post","link":"https:\/\/agpnoticias.com\/news\/?p=2852019","title":{"rendered":"ENT\u00c9RATE: Teodoro Araiza ir\u00e1 por la presidencia"},"content":{"rendered":"<div class=\"AppContainer\">\n<div id=\"c_base\" class=\"c_base\">\n<div id=\"c_content\" class=\"c_main\">\n<div id=\"pageContent\">\n<div id=\"pageInbox\" class=\"v-Page\">\n<div id=\"inboxControl0f\">\n<div class=\"containsYSizerBar\">\n<div class=\"ContentRight WithRightRail FullView\" data-link=\"class{:~tag.contentRightClass(Layout.IsFullView, Layout.ReadingPaneMode)}\">\n<div class=\"ContentRightInner t_mbgc t_qtc t_urtc\">\n<div id=\"inboxControl0fv-ReadMessageContainer\" class=\"v-ReadMessageContainer slideOnResize\" tabindex=\"-1\">\n<div class=\"c-ReadMessage\" data-link=\"class{readMessageClass: ~tag.Show}\">\n<div id=\"ReadMessageScrollableSection\" class=\"rmMessages ClearBoth\" tabindex=\"-1\">\n<div id=\"readMessagePartControl1394f\" class=\"c-ReadMessagePart ReadMsgContainer HasLayout ClearBoth HideShadows FullPart NoHistory Read RmIc\" data-link=\"class{:~tag.getHeaderCssClass(IsConversationPart, IsRead, IsDraft, IsTrustedSender, Items.length)}\">\n<div class=\"c-ReadMessagePartBody\" data-link=\"class{getClass:IsBodyExpanded}\">\n<div class=\"readMsgBody\">\n<div id=\"bodyreadMessagePartBodyControl1396f\" class=\"ExternalClass MsgBodyContainer\" data-link=\"class{:~tag.cssClasses(PlainText, IsContentFiltered)}\">\n<div dir=\"ltr\">\n<div>\n<div>\n<figure id=\"attachment_2852020\" aria-describedby=\"caption-attachment-2852020\" style=\"width: 1200px\" class=\"wp-caption aligncenter\"><a href=\"http:\/\/agpnoticias.com\/news\/enterate-teodoro-araiza-ira-por-la-presidencia\/teodoro-araiza\/\" rel=\"attachment wp-att-2852020\"><img fetchpriority=\"high\" decoding=\"async\" class=\"size-full wp-image-2852020\" src=\"http:\/\/agpnoticias.com\/news\/wp-content\/uploads\/2015\/12\/Teodoro-Araiza.jpg\" alt=\"Teodoro &quot;tito&quot;Araiza\" width=\"1200\" height=\"803\" srcset=\"https:\/\/agpnoticias.com\/news\/wp-content\/uploads\/2015\/12\/Teodoro-Araiza.jpg 1200w, https:\/\/agpnoticias.com\/news\/wp-content\/uploads\/2015\/12\/Teodoro-Araiza-1024x685.jpg 1024w\" sizes=\"(max-width: 1200px) 100vw, 1200px\" \/><\/a><figcaption id=\"caption-attachment-2852020\" class=\"wp-caption-text\">Teodoro \u00abtito\u00bbAraiza<\/figcaption><\/figure>\n<p>Ensenada, Baja California.- Regresar a la afici\u00f3n a las gradas y conseguir escenarios para los equipos de todas las categor\u00edas son dos de las propuestas planteadas por Teodoro \u00abTito\u00bb Araiza en busca de la presidencia de la Liga Municipal de Beisbol de Ensenada.<\/p>\n<\/div>\n<div>La elecci\u00f3n ser\u00e1 el lunes 14 de diciembre en el deportivo Antonio Palacios y hay una plantilla m\u00e1s, encabezada por el actual programador Jos\u00e9 P\u00e9rez, representante del equipo Llantera P\u00e9rez.<\/div>\n<div><\/div>\n<div>La diferencia, de acuerdo a Tito Araiza, ser\u00e1n \u00abla militancia de m\u00e1s de 20 a\u00f1os, la juventud y las nuevas ideas\u00bb que pretende establecer para convertirse en sucesor de Sergio L\u00f3pez Jacques.<\/div>\n<div><\/div>\n<div>\u00abLa misma gente me est\u00e1 proponiendo, porque se han dado cuenta de mi carrera, yo he patrocinado equipos desde infantil hasta la primera fuerza\u00bb, opin\u00f3.<\/div>\n<div><\/div>\n<div>En ese sentido, prioriz\u00f3 la promoci\u00f3n a las actividades del circuito para generar el inter\u00e9s de los fan\u00e1ticos.<\/div>\n<div><\/div>\n<div>\u00abEs muy triste ver tan poca afici\u00f3n, que deber\u00eda estar multiplicada 10 veces, y en el caso de la primera especial y la segunda fuerza debemos contar con campos funcionales, que es por lo que m\u00e1s se batalla\u00bb, apunt\u00f3.<\/div>\n<div><\/div>\n<div>El empresario y actual patrocinador del equipo Farmacia Lis consider\u00f3 que \u00abser\u00e1n unas elecciones limpias y no habr\u00e1 impedimento para los candidatos\u00bb.<\/div>\n<div><\/div>\n<div>\u00abMe siento seguro de ganar porque la gente me quiere, me prefiere a m\u00ed, me quiere dar la oportunidad y no les voy a fallar\u201d, garantiz\u00f3.<\/div>\n<div><\/div>\n<div>Por el momento, Tito Araiza no cuenta con una planilla definida en su intenci\u00f3n de sustituir a Sergio L\u00f3pez, quien ya no puede contender al haber cumplido con un par de periodos.<\/div>\n<div><\/div>\n<div><strong>Ficha<\/strong><\/div>\n<div>Nombre: Teodoro Araiza Santana<\/div>\n<div>Edad: 42 a\u00f1os<\/div>\n<div>Fecha de nacimiento: 14 de diciembre de 1972<\/div>\n<div>Lugar de Nacimiento: Ensenada, Baja California<\/div>\n<div>A\u00f1os como militante de la liga Municipal: 21 a\u00f1os<\/div>\n<div>Posici\u00f3n que jugo: Primera Base y Bateador designado.<\/div>\n<div>Patrocinador del equipo Farmacia Lis<\/div>\n<div>Oficio: Empresario<\/div>\n<\/div>\n<\/div>\n<\/div>\n<\/div>\n<\/div>\n<\/div>\n<\/div>\n<\/div>\n<\/div>\n<\/div>\n<div class=\"v-InboxFooterContainer\">\n<div class=\"c-PageFooter Unselectable\">\n<table class=\"uxp_ftr_control t_fbgc\" cellspacing=\"0\" cellpadding=\"0\">\n<tbody>\n<tr>\n<td class=\"uxp_ftr_left t_lnksi\">\n<ul>\n<li><span id=\"uxp_ftr_link_trademark\">\u00a9 2015 Microsoft<\/span><\/li>\n<li><a id=\"uxp_ftr_link_legal\" tabindex=\"60\" href=\"http:\/\/go.microsoft.com\/fwlink\/?LinkID=530144\" target=\"_self\">T\u00e9rminos<\/a><\/li>\n<li><a id=\"uxp_ftr_link_privacy\" tabindex=\"60\" href=\"http:\/\/go.microsoft.com\/fwlink\/p\/?LinkId=521839\" target=\"_self\">Privacidad y cookies<\/a><\/li>\n<li data-jsv=\"#660_\"><a id=\"uxp_ftr_link_developers\" tabindex=\"60\" href=\"http:\/\/dev.outlook.com\/\" target=\"_self\">Desarrolladores<\/a><\/li>\n<li data-jsv=\"\/660_#661_\"><a tabindex=\"60\" href=\"https:\/\/blu180.mail.live.com\/mail\/options.aspx?subsection=12&amp;n=284125914\" target=\"_self\">Espa\u00f1ol<\/a><\/li>\n<\/ul>\n<\/td>\n<\/tr>\n<\/tbody>\n<\/table>\n<\/div>\n<\/div>\n<\/div>\n<div id=\"RightRailContainer\" class=\"c-RightRail RightRailContainerWidth t_sbgc\">\n<div id=\"RadAd_Skyscraper\" class=\"RightRailContent\">\n<div id=\"adbarContainer\">\n<div class=\"adBar container\">\n<div class=\"innerContainer\"><\/div>\n<p><iframe class=\"adbar_if\" src=\"https:\/\/ads1.msads.net\/adbar\/products\/v3.7\/wl_html\/adbar_iframe.htm?rqp=false#o:=https%3A%2F%2Fblu180.mail.live.com;pu:=https%3A%2F%2Ffd.rad.msn.com%2Fv3%2Fdelivery%2FDisplayFD%3FGetSAd%3D%26rafb%3D2%26jsontype%3Dcallback%26DACSPNID%3Dadbar%26jsonp%3DGETADR%26PG%3DWAB2USES%26PN%3DMSFT%26ID%3DF813589C4FC081D7B230EAEFFFFFFFFF%26MUID%3D0DD1A66CF25F688005F7AE0CF65F6E49%26mkt%3Des-us%26VWS%3D1%26sdkv%3D3.7%26WLV%3DInbox;t:=2000;m:=es-us;g:=%7B%22win%22%3A%7B%22t%22%3A0%2C%22l%22%3A0%2C%22w%22%3A1440%2C%22h%22%3A755%2C%22b%22%3A755%2C%22r%22%3A1440%7D%2C%22self%22%3A%7B%22t%22%3A50%2C%22b%22%3A724%2C%22l%22%3A1280%2C%22r%22%3A1440%2C%22h%22%3A674%2C%22w%22%3A160%2C%22z%22%3A%223%22%2C%22xiv%22%3A1%2C%22yiv%22%3A1%2C%22iv%22%3A1%7D%2C%22exp%22%3A%7B%22t%22%3A0%2C%22r%22%3A0%2C%22b%22%3A31%2C%22xs%22%3A0%2C%22ys%22%3A0%2C%22l%22%3A1280%7D%7D;rt:=1449278195621;f:=true;\" width=\"300\" height=\"150\" frameborder=\"0\" scrolling=\"no\" allowfullscreen=\"allowfullscreen\"><\/iframe><\/p>\n<div class=\"adBarLoading\"><\/div>\n<div class=\"footer\"><\/div>\n<\/div>\n<\/div>\n<\/div>\n<\/div>\n<div class=\"reauthenticationDiv\"><\/div>\n<\/div>\n<\/div>\n<\/div>\n<\/div>\n<\/div>\n<\/div>\n<div id=\"m_whm\"><\/div>\n<div id=\"m_mm\"><\/div>\n<\/div>\n<p><iframe id=\"silentLoginFrame3\" src=\"https:\/\/login.skype.com\/login\/silent?response_type=postmessage&amp;client_id=580081&amp;redirect_uri=https%3A%2F%2Fblu180.mail.live.com%2Fdefault.aspx&amp;state=silentloginsdk_1449277868492&amp;_accept=1.0&amp;_nc=1449277868492&amp;partner=999\" width=\"1px\" height=\"1px\" frameborder=\"0\"><\/iframe><\/p>\n","protected":false},"excerpt":{"rendered":"<p>Ensenada, Baja California.- Regresar a la afici\u00f3n a las gradas y conseguir escenarios para los&#8230;<\/p>\n","protected":false},"author":1,"featured_media":2852020,"comment_status":"closed","ping_status":"closed","sticky":false,"template":"","format":"standard","meta":{"footnotes":""},"categories":[30,7,53],"tags":[],"class_list":["post-2852019","post","type-post","status-publish","format-standard","has-post-thumbnail","hentry","category-beisbol","category-deportes","category-municipal-de-ensenada"],"_links":{"self":[{"href":"https:\/\/agpnoticias.com\/news\/index.php?rest_route=\/wp\/v2\/posts\/2852019","targetHints":{"allow":["GET"]}}],"collection":[{"href":"https:\/\/agpnoticias.com\/news\/index.php?rest_route=\/wp\/v2\/posts"}],"about":[{"href":"https:\/\/agpnoticias.com\/news\/index.php?rest_route=\/wp\/v2\/types\/post"}],"author":[{"embeddable":true,"href":"https:\/\/agpnoticias.com\/news\/index.php?rest_route=\/wp\/v2\/users\/1"}],"replies":[{"embeddable":true,"href":"https:\/\/agpnoticias.com\/news\/index.php?rest_route=%2Fwp%2Fv2%2Fcomments&post=2852019"}],"version-history":[{"count":5,"href":"https:\/\/agpnoticias.com\/news\/index.php?rest_route=\/wp\/v2\/posts\/2852019\/revisions"}],"predecessor-version":[{"id":2852030,"href":"https:\/\/agpnoticias.com\/news\/index.php?rest_route=\/wp\/v2\/posts\/2852019\/revisions\/2852030"}],"wp:featuredmedia":[{"embeddable":true,"href":"https:\/\/agpnoticias.com\/news\/index.php?rest_route=\/wp\/v2\/media\/2852020"}],"wp:attachment":[{"href":"https:\/\/agpnoticias.com\/news\/index.php?rest_route=%2Fwp%2Fv2%2Fmedia&parent=2852019"}],"wp:term":[{"taxonomy":"category","embeddable":true,"href":"https:\/\/agpnoticias.com\/news\/index.php?rest_route=%2Fwp%2Fv2%2Fcategories&post=2852019"},{"taxonomy":"post_tag","embeddable":true,"href":"https:\/\/agpnoticias.com\/news\/index.php?rest_route=%2Fwp%2Fv2%2Ftags&post=2852019"}],"curies":[{"name":"wp","href":"https:\/\/api.w.org\/{rel}","templated":true}]}}