{"id":2852031,"date":"2015-12-04T19:52:19","date_gmt":"2015-12-05T03:52:19","guid":{"rendered":"http:\/\/agpnoticias.com\/news\/?p=2852031"},"modified":"2017-01-18T14:46:43","modified_gmt":"2017-01-18T22:46:43","slug":"premian-a-los-mejores-deportistas-ensenadenses","status":"publish","type":"post","link":"https:\/\/agpnoticias.com\/news\/?p=2852031","title":{"rendered":"Premian a los mejores deportistas ensenadenses"},"content":{"rendered":"<figure id=\"attachment_2852032\" aria-describedby=\"caption-attachment-2852032\" style=\"width: 1200px\" class=\"wp-caption aligncenter\"><a href=\"http:\/\/agpnoticias.com\/news\/premian-a-los-mejores-deportistas-ensenadenses\/adelina-quinonez-2\/\" rel=\"attachment wp-att-2852032\"><img fetchpriority=\"high\" decoding=\"async\" class=\"size-full wp-image-2852032\" src=\"http:\/\/agpnoticias.com\/news\/wp-content\/uploads\/2015\/12\/Adelina-Qui\u00f1onez.jpg\" alt=\"Adelina Qui\u00f1onez, Badminton\" width=\"1200\" height=\"800\" srcset=\"https:\/\/agpnoticias.com\/news\/wp-content\/uploads\/2015\/12\/Adelina-Qui\u00f1onez.jpg 1200w, https:\/\/agpnoticias.com\/news\/wp-content\/uploads\/2015\/12\/Adelina-Qui\u00f1onez-1024x683.jpg 1024w\" sizes=\"(max-width: 1200px) 100vw, 1200px\" \/><\/a><figcaption id=\"caption-attachment-2852032\" class=\"wp-caption-text\">Adelina Qui\u00f1onez, Badminton<\/figcaption><\/figure>\n<p class=\"ecxMsoNormal\">Ensenada, Baja California.- De manos de las autoridades; deportistas destacados, entrenadores, promotores deportivos y de activaci\u00f3n f\u00edsica fueron reconocidos por sus logros este a\u00f1o.<\/p>\n<figure id=\"attachment_2852033\" aria-describedby=\"caption-attachment-2852033\" style=\"width: 210px\" class=\"wp-caption alignright\"><a href=\"http:\/\/agpnoticias.com\/news\/premian-a-los-mejores-deportistas-ensenadenses\/natalia-escalera-5\/\" rel=\"attachment wp-att-2852033\"><img decoding=\"async\" class=\"wp-image-2852033\" src=\"http:\/\/agpnoticias.com\/news\/wp-content\/uploads\/2015\/12\/Natalia-Escalera.jpg\" alt=\"Natalia Escalera\" width=\"210\" height=\"246\" \/><\/a><figcaption id=\"caption-attachment-2852033\" class=\"wp-caption-text\">Natalia Escalera, Gimnasta<\/figcaption><\/figure>\n<p class=\"ecxMsoNormal\">\u00a0La gala del deporte ensenadense 2015 tuvo como escenario el sal\u00f3n rojo del centro cultural Riviera de Ensenada.<\/p>\n<p class=\"ecxMsoNormal\">\u00a0El jurado fue compuesto por Zeferino Zamudio, Daniel Olea, \u00a0Fernando Ribeiro Cham y Nicolas Ayub.<\/p>\n<p class=\"ecxMsoNormal\">El director de INMUDERE, Miguel Garcia dijo que este evento \u00abtiene el objetivo de reconocer lo mas destacado del deporte ensenadense, destacando la relevancia y trayectoria de; 1 de diciembre del 2014 al 30 de noviembre de 2015\u00bb.<\/p>\n<p class=\"ecxMsoNormal\"><span style=\"font-family: Cambria, serif;\">Antes de la\u00a0premiaci\u00f3n\u00a0se realizo un homenaje\u00a0p\u00f3stumo\u00a0a la esgrimista \u00a0Eugenia Escudero, su familia recibio de manos de las autoridades un reconocimiento por su trayectoria a nivel mundial.<\/span><\/p>\n<p class=\"ecxMsoNormal\">\n<p class=\"ecxMsoNormal\" align=\"center\"><b>\u00a0<\/b><\/p>\n<p class=\"ecxMsoNormal\" align=\"center\"><b>GALA DEL DEPORTE ENSENADENSE 2015\u00a0<\/b><\/p>\n<table class=\"ecxMsoNormalTable\" style=\"height: 6530px;\" border=\"1\" width=\"734\" cellspacing=\"0\" cellpadding=\"0\">\n<tbody>\n<tr>\n<td valign=\"top\" width=\"142\">\n<p class=\"ecxMsoNoSpacing\">DEPORTE<\/p>\n<\/td>\n<td valign=\"top\" width=\"155\">\n<p class=\"ecxMsoNoSpacing\">NOMBRE<\/p>\n<\/td>\n<td valign=\"top\" width=\"346\">\n<p class=\"ecxMsoNoSpacing\">LOGROS<\/p>\n<\/td>\n<\/tr>\n<tr>\n<td valign=\"top\" width=\"142\">\n<p class=\"ecxMsoNoSpacing\">BALONCESTO PROFESIONAL<\/p>\n<p class=\"ecxMsoNoSpacing\">\n<\/td>\n<td valign=\"top\" width=\"155\">\n<p class=\"ecxMsoNoSpacing\">GERARDO LIRA HERNANDEZ<\/p>\n<\/td>\n<td valign=\"top\" width=\"346\">\n<p class=\"ecxMsoNoSpacing\">6 A\u00d1OS C\/ZONKYS TIJUANA<\/p>\n<p class=\"ecxMsoNoSpacing\">INICIO CON GALGOS DE TIJUANA11 A\u00d1OS BASQUET PROFES<\/p>\n<\/td>\n<\/tr>\n<tr>\n<td valign=\"top\" width=\"142\">\n<p class=\"ecxMsoNoSpacing\">\n<\/td>\n<td valign=\"top\" width=\"155\">\n<p class=\"ecxMsoNoSpacing\">\n<\/td>\n<td valign=\"top\" width=\"346\">\n<p class=\"ecxMsoNoSpacing\">\n<\/td>\n<\/tr>\n<tr>\n<td valign=\"top\" width=\"142\">\n<p class=\"ecxMsoNoSpacing\">BALONCESTO<\/p>\n<\/td>\n<td valign=\"top\" width=\"155\">\n<p class=\"ecxMsoNoSpacing\">MANUEL MASAHARU MAR\u00cdN KANEMOTO<\/p>\n<\/td>\n<td valign=\"top\" width=\"346\">\n<p class=\"ecxMsoNoSpacing\">CAMP ESTINTERPREP5TO. LUGAR NAC<\/p>\n<\/td>\n<\/tr>\n<tr>\n<td valign=\"top\" width=\"142\">\n<p class=\"ecxMsoNoSpacing\">\n<\/td>\n<td valign=\"top\" width=\"155\">\n<p class=\"ecxMsoNoSpacing\">GABRIELA AMOR AGUI\u00d1AGA BARRIOS<\/p>\n<\/td>\n<td valign=\"top\" width=\"346\">\n<p class=\"ecxMsoNoSpacing\">SUB. CAMP. NAC. UNIVERSIADA LIGA ABE<\/p>\n<\/td>\n<\/tr>\n<tr>\n<td valign=\"top\" width=\"142\">\n<p class=\"ecxMsoNoSpacing\">\n<\/td>\n<td valign=\"top\" width=\"155\">\n<p class=\"ecxMsoNoSpacing\">ALEJANDRA JIMENEZ MORALES<\/p>\n<\/td>\n<td valign=\"top\" width=\"346\">\n<p class=\"ecxMsoNoSpacing\">SUB. CAMP. NAC. UNIVERSIADA LIGA ABE<\/p>\n<\/td>\n<\/tr>\n<tr>\n<td valign=\"top\" width=\"142\">\n<p class=\"ecxMsoNoSpacing\">\n<\/td>\n<td valign=\"top\" width=\"155\">\n<p class=\"ecxMsoNoSpacing\">RA\u00daL BORQUEZ ALMADA<\/p>\n<p class=\"ecxMsoNoSpacing\">\n<\/td>\n<td valign=\"top\" width=\"346\">\n<p class=\"ecxMsoNoSpacing\">UNIVERSIADA MUNDIAL\u00a0 GWANGJU COREA DEL SUR<\/p>\n<\/td>\n<\/tr>\n<tr>\n<td valign=\"top\" width=\"142\">\n<p class=\"ecxMsoNoSpacing\">\n<\/td>\n<td valign=\"top\" width=\"155\">\n<p class=\"ecxMsoNoSpacing\">ORLANDO TORRERO MORA<\/p>\n<\/td>\n<td valign=\"top\" width=\"346\">\n<p class=\"ecxMsoNoSpacing\">CONVOCADO SELECC NAC. MEXICO SUB 17<\/p>\n<\/td>\n<\/tr>\n<tr>\n<td valign=\"top\" width=\"142\">\n<p class=\"ecxMsoNoSpacing\">\n<\/td>\n<td valign=\"top\" width=\"155\">\n<p class=\"ecxMsoNoSpacing\">\n<\/td>\n<td valign=\"top\" width=\"346\">\n<p class=\"ecxMsoNoSpacing\">\n<\/td>\n<\/tr>\n<tr>\n<td valign=\"top\" width=\"142\">\n<p class=\"ecxMsoNoSpacing\">BEISBOL PROF<\/p>\n<\/td>\n<td valign=\"top\" width=\"155\">\n<p class=\"ecxMsoNoSpacing\">FERNANDO PEREZ MAYORAL<\/p>\n<\/td>\n<td valign=\"top\" width=\"346\">\n<p class=\"ecxMsoNoSpacing\">PARTICIP\u00d3 ENTORNEO MUNDIAL EN CHINA Y ACTUALMENSE ENCUENTRA JUGANDO C\/PADRES DE SAN DIEGO<\/p>\n<\/td>\n<\/tr>\n<tr>\n<td valign=\"top\" width=\"142\">\n<p class=\"ecxMsoNoSpacing\">\n<\/td>\n<td valign=\"top\" width=\"155\">\n<p class=\"ecxMsoNoSpacing\">JORGE FLORES NAJERA<\/p>\n<\/td>\n<td valign=\"top\" width=\"346\">\n<p class=\"ecxMsoNoSpacing\">FIRMADO C\/AZULEJOS DE TORONTO<\/p>\n<p class=\"ecxMsoNoSpacing\">ACTUAL TITULAR CON NARANJEROS DEHERMOSILLO<\/p>\n<\/td>\n<\/tr>\n<tr>\n<td valign=\"top\" width=\"142\">\n<p class=\"ecxMsoNoSpacing\">\n<\/td>\n<td valign=\"top\" width=\"155\">\n<p class=\"ecxMsoNoSpacing\">ADRIAN GUZM\u00c1N<\/p>\n<\/td>\n<td valign=\"top\" width=\"346\">\n<p class=\"ecxMsoNoSpacing\">DELFINES CD DEL CARMEN<\/p>\n<\/td>\n<\/tr>\n<tr>\n<td valign=\"top\" width=\"142\">\n<p class=\"ecxMsoNoSpacing\">\n<\/td>\n<td valign=\"top\" width=\"155\">\n<p class=\"ecxMsoNoSpacing\">JUAN RODR\u00cdGUEZ<\/p>\n<\/td>\n<td valign=\"top\" width=\"346\">\n<p class=\"ecxMsoNoSpacing\">ACEREROS MONCLOVA<\/p>\n<\/td>\n<\/tr>\n<tr>\n<td valign=\"top\" width=\"142\">\n<p class=\"ecxMsoNoSpacing\">\n<\/td>\n<td valign=\"top\" width=\"155\">\n<p class=\"ecxMsoNoSpacing\">\n<\/td>\n<td valign=\"top\" width=\"346\">\n<p class=\"ecxMsoNoSpacing\">\n<\/td>\n<\/tr>\n<tr>\n<td valign=\"top\" width=\"142\">\n<p class=\"ecxMsoNoSpacing\">BEISBOL<\/p>\n<\/td>\n<td valign=\"top\" width=\"155\">\n<p class=\"ecxMsoNoSpacing\">MIGUEL CARRILLO SAIZA<\/p>\n<\/td>\n<td valign=\"top\" width=\"346\">\n<p class=\"ecxMsoNoSpacing\">PANAMERICANO EN AGUASCALIENTES<\/p>\n<\/td>\n<\/tr>\n<tr>\n<td valign=\"top\" width=\"142\">\n<p class=\"ecxMsoNoSpacing\">\n<\/td>\n<td valign=\"top\" width=\"155\">\n<p class=\"ecxMsoNoSpacing\">HECTOR AMADOR MEZA<\/p>\n<\/td>\n<td valign=\"top\" width=\"346\">\n<p class=\"ecxMsoNoSpacing\">PANAMERICANO EN AGUASCALIENTES<\/p>\n<\/td>\n<\/tr>\n<tr>\n<td valign=\"top\" width=\"142\">\n<p class=\"ecxMsoNoSpacing\">\n<\/td>\n<td valign=\"top\" width=\"155\">\n<p class=\"ecxMsoNoSpacing\">PEDRO JULIAN HERNANDEZ GUTIERREZ<\/p>\n<\/td>\n<td valign=\"top\" width=\"346\">\n<p class=\"ecxMsoNoSpacing\">MEJOR PARADOR EN CORTO EN EL MUND.SUB 12 CELEBRADO EN TAINAN, TAIWAN<\/p>\n<\/td>\n<\/tr>\n<tr>\n<td valign=\"top\" width=\"142\">\n<p class=\"ecxMsoNoSpacing\">\n<\/td>\n<td valign=\"top\" width=\"155\">\n<p class=\"ecxMsoNoSpacing\">\n<\/td>\n<td valign=\"top\" width=\"346\">\n<p class=\"ecxMsoNoSpacing\">\n<\/td>\n<\/tr>\n<tr>\n<td valign=\"top\" width=\"142\"><\/td>\n<td valign=\"top\" width=\"155\">\n<p class=\"ecxMsoNoSpacing\">BADEL LOPEZ ARCE<\/p>\n<\/td>\n<td valign=\"top\" width=\"346\">\n<p class=\"ecxMsoNoSpacing\">PANAMERICANO EN AGUASCALIENTES<\/p>\n<\/td>\n<\/tr>\n<tr>\n<td valign=\"top\" width=\"142\">\n<p class=\"ecxMsoNoSpacing\">\n<\/td>\n<td valign=\"top\" width=\"155\">\n<p class=\"ecxMsoNoSpacing\">ISAC MACIEL MELGOZA<\/p>\n<\/td>\n<td valign=\"top\" width=\"346\">\n<p class=\"ecxMsoNoSpacing\">PARTICIPANTE EN EL MUNDIAL DE\u00a0 JAPON<\/p>\n<\/td>\n<\/tr>\n<tr>\n<td valign=\"top\" width=\"142\">\n<p class=\"ecxMsoNoSpacing\">\n<\/td>\n<td valign=\"top\" width=\"155\">\n<p class=\"ecxMsoNoSpacing\">PEDRO ARENAS CARO<\/p>\n<\/td>\n<td valign=\"top\" width=\"346\">\n<p class=\"ecxMsoNoSpacing\">PARTICIPANTE EN ELMUNDIALDEJAPON<\/p>\n<\/td>\n<\/tr>\n<tr>\n<td valign=\"top\" width=\"142\">\n<p class=\"ecxMsoNoSpacing\">\n<\/td>\n<td valign=\"top\" width=\"155\">\n<p class=\"ecxMsoNoSpacing\">\n<\/td>\n<td valign=\"top\" width=\"346\">\n<p class=\"ecxMsoNoSpacing\">\n<\/td>\n<\/tr>\n<tr>\n<td valign=\"top\" width=\"142\">\n<p class=\"ecxMsoNoSpacing\">BOLICHE<\/p>\n<\/td>\n<td valign=\"top\" width=\"155\">\n<p class=\"ecxMsoNoSpacing\">PAMELA ALVAREZ AGUILERA<\/p>\n<\/td>\n<td valign=\"top\" width=\"346\">\n<p class=\"ecxMsoNoSpacing\">21 MEDALLAS DE ORO EN OLIMPIADA<\/p>\n<\/td>\n<\/tr>\n<tr>\n<td valign=\"top\" width=\"142\">\n<p class=\"ecxMsoNoSpacing\">\n<\/td>\n<td valign=\"top\" width=\"155\">\n<p class=\"ecxMsoNoSpacing\">\n<\/td>\n<td valign=\"top\" width=\"346\">\n<p class=\"ecxMsoNoSpacing\">\n<\/td>\n<\/tr>\n<tr>\n<td valign=\"top\" width=\"142\">\n<p class=\"ecxMsoNoSpacing\">BOX<\/p>\n<\/td>\n<td valign=\"top\" width=\"155\">\n<p class=\"ecxMsoNoSpacing\">EZEQUIEL AVILES GARC\u00cdA<\/p>\n<\/td>\n<td valign=\"top\" width=\"346\">\n<p class=\"ecxMsoNoSpacing\">CAMPE\u00d3N MUNDIAL JUVENIL PLATACELEBRADO EN ENSENADA<\/p>\n<\/td>\n<\/tr>\n<tr>\n<td valign=\"top\" width=\"142\">\n<p class=\"ecxMsoNoSpacing\">\n<\/td>\n<td valign=\"top\" width=\"155\">\n<p class=\"ecxMsoNoSpacing\">\n<\/td>\n<td valign=\"top\" width=\"346\">\n<p class=\"ecxMsoNoSpacing\">\n<\/td>\n<\/tr>\n<tr>\n<td valign=\"top\" width=\"142\">\n<p class=\"ecxMsoNoSpacing\">CICLISMO<\/p>\n<\/td>\n<td valign=\"top\" width=\"155\">\n<p class=\"ecxMsoNoSpacing\">EDER FRAIRE MOCTEZUMA<\/p>\n<\/td>\n<td valign=\"top\" width=\"346\">\n<p class=\"ecxMsoNoSpacing\">CICLISTA PROFESDE RUTA EN EL EQUIPO AMERICANO DE E.U.A.<\/p>\n<p class=\"ecxMsoNoSpacing\">SUB CAMP NAC. CAT ELITE\u00a0 C\/PARTICIPACEN MUDIALES Y COPAS PANAMERIC<\/p>\n<\/td>\n<\/tr>\n<tr>\n<td valign=\"top\" width=\"142\">\n<p class=\"ecxMsoNoSpacing\">\n<\/td>\n<td valign=\"top\" width=\"155\">\n<p class=\"ecxMsoNoSpacing\">\n<\/td>\n<td valign=\"top\" width=\"346\">\n<p class=\"ecxMsoNoSpacing\">\n<\/td>\n<\/tr>\n<tr>\n<td valign=\"top\" width=\"142\">\n<p class=\"ecxMsoNoSpacing\">DEPORTISTAS DISCAPACITADOS<\/p>\n<\/td>\n<td valign=\"top\" width=\"155\">\n<p class=\"ecxMsoNoSpacing\">ALAN ALFREDO CARBAJAL SANDOVAL<\/p>\n<\/td>\n<td valign=\"top\" width=\"346\">\n<p class=\"ecxMsoNoSpacing\">PRESIDENTE DE LA LIGA DEFUTBOLDEAMPUTADOS<\/p>\n<\/td>\n<\/tr>\n<tr>\n<td valign=\"top\" width=\"142\">\n<p class=\"ecxMsoNoSpacing\">\n<\/td>\n<td valign=\"top\" width=\"155\">\n<p class=\"ecxMsoNoSpacing\">ERNESTO MARTINEZ ORTIZ<\/p>\n<\/td>\n<td valign=\"top\" width=\"346\">\n<p class=\"ecxMsoNoSpacing\">NATACI\u00d3N\u00a0 Y 1ER. LUGAR PREMIO ESTATAL<\/p>\n<\/td>\n<\/tr>\n<tr>\n<td valign=\"top\" width=\"142\">\n<p class=\"ecxMsoNoSpacing\">\n<\/td>\n<td valign=\"top\" width=\"155\">\n<p class=\"ecxMsoNoSpacing\">RENE DOM\u00cdNGUEZ CARL\u00d3N<\/p>\n<\/td>\n<td valign=\"top\" width=\"346\">\n<p class=\"ecxMsoNoSpacing\">2DO. LUGAR PREM. EST. DEL DEPORTE<\/p>\n<\/td>\n<\/tr>\n<tr>\n<td valign=\"top\" width=\"142\">\n<p class=\"ecxMsoNoSpacing\">\n<\/td>\n<td valign=\"top\" width=\"155\">\n<p class=\"ecxMsoNoSpacing\">JUAN CORONA SANTIAGO (CIEGO)<\/p>\n<\/td>\n<td valign=\"top\" width=\"346\">\n<p class=\"ecxMsoNoSpacing\">BEISBOLISTA INVIDENTEPARTICIPA NIVEL NACIONAL EINTERNAC<\/p>\n<\/td>\n<\/tr>\n<tr>\n<td valign=\"top\" width=\"142\">\n<p class=\"ecxMsoNoSpacing\">\n<\/td>\n<td valign=\"top\" width=\"155\">\n<p class=\"ecxMsoNoSpacing\">ADRI\u00c1N DOM\u00cdNGUEZ SANDOVAL<\/p>\n<\/td>\n<td valign=\"top\" width=\"346\">\n<p class=\"ecxMsoNoSpacing\">PARTICIPO EN EVENTO INTERNAC. NATACI\u00d3N LIMA PER\u00da ORO 25 MTS. ORO EN RELEVOS<\/p>\n<\/td>\n<\/tr>\n<tr>\n<td valign=\"top\" width=\"142\">\n<p class=\"ecxMsoNoSpacing\">\n<\/td>\n<td valign=\"top\" width=\"155\">\n<p class=\"ecxMsoNoSpacing\">\n<\/td>\n<td valign=\"top\" width=\"346\">\n<p class=\"ecxMsoNoSpacing\">\n<\/td>\n<\/tr>\n<tr>\n<td valign=\"top\" width=\"142\">\n<p class=\"ecxMsoNoSpacing\">FUTBOL AMERIC<\/p>\n<\/td>\n<td valign=\"top\" width=\"155\">\n<p class=\"ecxMsoNoSpacing\">GERMAN MEZA SING<\/p>\n<\/td>\n<td valign=\"top\" width=\"346\">\n<p class=\"ecxMsoNoSpacing\">SUB CAMPE\u00d3N NAC. UDLAP<\/p>\n<\/td>\n<\/tr>\n<tr>\n<td valign=\"top\" width=\"142\">\n<p class=\"ecxMsoNoSpacing\">\n<\/td>\n<td valign=\"top\" width=\"155\">\n<p class=\"ecxMsoNoSpacing\">DIEGO IGNACIO IBARRA SALGADO<\/p>\n<\/td>\n<td valign=\"top\" width=\"346\">\n<p class=\"ecxMsoNoSpacing\">SUB CAMPE\u00d3N NAC. UDLAP<\/p>\n<\/td>\n<\/tr>\n<tr>\n<td valign=\"top\" width=\"142\">\n<p class=\"ecxMsoNoSpacing\">\n<\/td>\n<td valign=\"top\" width=\"155\">\n<p class=\"ecxMsoNoSpacing\">\n<\/td>\n<td valign=\"top\" width=\"346\">\n<p class=\"ecxMsoNoSpacing\">\n<\/td>\n<\/tr>\n<tr>\n<td valign=\"top\" width=\"142\">\n<p class=\"ecxMsoNoSpacing\">FUTBOL RAPIDO<\/p>\n<\/td>\n<td valign=\"top\" width=\"155\">\n<p class=\"ecxMsoNoSpacing\">CHRISTIAN SARAY VALENZUELA<\/p>\n<\/td>\n<td valign=\"top\" width=\"346\">\n<p class=\"ecxMsoNoSpacing\">JUGADOR PROFESIONAL EN ESTADOS UNIDOS<\/p>\n<\/td>\n<\/tr>\n<tr>\n<td valign=\"top\" width=\"142\">\n<p class=\"ecxMsoNoSpacing\">\n<\/td>\n<td valign=\"top\" width=\"155\">\n<p class=\"ecxMsoNoSpacing\">\n<\/td>\n<td valign=\"top\" width=\"346\">\n<p class=\"ecxMsoNoSpacing\">\n<\/td>\n<\/tr>\n<tr>\n<td valign=\"top\" width=\"142\">\n<p class=\"ecxMsoNoSpacing\">KARATE<\/p>\n<\/td>\n<td valign=\"top\" width=\"155\">\n<p class=\"ecxMsoNoSpacing\">JOS\u00c9 ARMANDO LUQUES\u00c1NCHEZ<\/p>\n<\/td>\n<td valign=\"top\" width=\"346\">\n<p class=\"ecxMsoNoSpacing\">1ER. LUGAR FIESTA INTERNACIONAL EN LAS VEGAS<\/p>\n<p class=\"ecxMsoNoSpacing\">1 ORO 1 ORO X EQ OLIMPIADA NACIONAL<\/p>\n<p class=\"ecxMsoNoSpacing\">1ER. LUGAR CENTROAMERICANOS MERIDA, YUCATAN<\/p>\n<\/td>\n<\/tr>\n<tr>\n<td valign=\"top\" width=\"142\">\n<p class=\"ecxMsoNoSpacing\">\n<\/td>\n<td valign=\"top\" width=\"155\">\n<p class=\"ecxMsoNoSpacing\">ERICKA GABRIELA LUQUES\u00c1NCHEZ<\/p>\n<\/td>\n<td valign=\"top\" width=\"346\">\n<p class=\"ecxMsoNoSpacing\">1ER. LUGAR SELEC.CENTROAMERICANO EN EL SALVADOR<\/p>\n<p class=\"ecxMsoNoSpacing\">1ER. LUGAR CAMPEONATO NAC.DE M\u00c9XICO<\/p>\n<\/td>\n<\/tr>\n<tr>\n<td valign=\"top\" width=\"142\">\n<p class=\"ecxMsoNoSpacing\">\n<\/td>\n<td valign=\"top\" width=\"155\">\n<p class=\"ecxMsoNoSpacing\">\n<\/td>\n<td valign=\"top\" width=\"346\">\n<p class=\"ecxMsoNoSpacing\">\n<\/td>\n<\/tr>\n<tr>\n<td valign=\"top\" width=\"142\">\n<p class=\"ecxMsoNoSpacing\">OFF ROAD<\/p>\n<\/td>\n<td valign=\"top\" width=\"155\">\n<p class=\"ecxMsoNoSpacing\">ADOLFO ARAMBULA BROWN<\/p>\n<\/td>\n<td valign=\"top\" width=\"346\">\n<p class=\"ecxMsoNoSpacing\">GANADOR BAJA 1000\u00a0CLASE 1600<\/p>\n<\/td>\n<\/tr>\n<tr>\n<td valign=\"top\" width=\"142\">\n<p class=\"ecxMsoNoSpacing\">\n<\/td>\n<td valign=\"top\" width=\"155\">\n<p class=\"ecxMsoNoSpacing\">\n<\/td>\n<td valign=\"top\" width=\"346\">\n<p class=\"ecxMsoNoSpacing\">\n<\/td>\n<\/tr>\n<tr>\n<td valign=\"top\" width=\"142\">\n<p class=\"ecxMsoNoSpacing\">MOTOCICLISMO<\/p>\n<\/td>\n<td valign=\"top\" width=\"155\">\n<p class=\"ecxMsoNoSpacing\">IV\u00c1N RAM\u00cdREZ SALAS<\/p>\n<\/td>\n<td valign=\"top\" width=\"346\">\n<p class=\"ecxMsoNoSpacing\">CORREDOR BAJA 1000<\/p>\n<\/td>\n<\/tr>\n<tr>\n<td valign=\"top\" width=\"142\">\n<p class=\"ecxMsoNoSpacing\">\n<\/td>\n<td valign=\"top\" width=\"155\">\n<p class=\"ecxMsoNoSpacing\">\n<\/td>\n<td valign=\"top\" width=\"346\">\n<p class=\"ecxMsoNoSpacing\">\n<\/td>\n<\/tr>\n<tr>\n<td valign=\"top\" width=\"142\">\n<p class=\"ecxMsoNoSpacing\">\n<\/td>\n<td valign=\"top\" width=\"155\">\n<p class=\"ecxMsoNoSpacing\">\n<\/td>\n<td valign=\"top\" width=\"346\">\n<p class=\"ecxMsoNoSpacing\">\n<\/td>\n<\/tr>\n<tr>\n<td valign=\"top\" width=\"142\">\n<p class=\"ecxMsoNoSpacing\">SOFTBOL<\/p>\n<\/td>\n<td valign=\"top\" width=\"155\">\n<p class=\"ecxMsoNoSpacing\">ANA CLAUDIA L\u00d3PEZ<\/p>\n<\/td>\n<td valign=\"top\" width=\"346\">\n<p class=\"ecxMsoNoSpacing\">MEDALLA DE ORO X EQ OLIMPIADA NAC. 2015<\/p>\n<\/td>\n<\/tr>\n<tr>\n<td valign=\"top\" width=\"142\">\n<p class=\"ecxMsoNoSpacing\">\n<\/td>\n<td valign=\"top\" width=\"155\">\n<p class=\"ecxMsoNoSpacing\">SAIDY LIZANI LOPEZ HERNANDEZ<\/p>\n<\/td>\n<td valign=\"top\" width=\"346\">\n<p class=\"ecxMsoNoSpacing\">JUEGA EN SELECCION\u00a0 DE TIJUANA<\/p>\n<\/td>\n<\/tr>\n<tr>\n<td valign=\"top\" width=\"142\">\n<p class=\"ecxMsoNoSpacing\">\n<\/td>\n<td valign=\"top\" width=\"155\">\n<p class=\"ecxMsoNoSpacing\">MARIO PEREZ LE\u00d3N<\/p>\n<\/td>\n<td valign=\"top\" width=\"346\">\n<p class=\"ecxMsoNoSpacing\">PANAMERICANO ENTORONTO, CANAD\u00c1<\/p>\n<\/td>\n<\/tr>\n<tr>\n<td valign=\"top\" width=\"142\">\n<p class=\"ecxMsoNoSpacing\">\n<\/td>\n<td valign=\"top\" width=\"155\">\n<p class=\"ecxMsoNoSpacing\">ALEJANDRO GARC\u00cdA VILLALOBOS<\/p>\n<\/td>\n<td valign=\"top\" width=\"346\">\n<p class=\"ecxMsoNoSpacing\">PANAMERICANO ENTORONTO, CANAD\u00c1<\/p>\n<\/td>\n<\/tr>\n<tr>\n<td valign=\"top\" width=\"142\">\n<p class=\"ecxMsoNoSpacing\">\n<\/td>\n<td valign=\"top\" width=\"155\">\n<p class=\"ecxMsoNoSpacing\">\n<\/td>\n<td valign=\"top\" width=\"346\">\n<p class=\"ecxMsoNoSpacing\">\n<\/td>\n<\/tr>\n<tr>\n<td valign=\"top\" width=\"142\">\n<p class=\"ecxMsoNoSpacing\">SURF<\/p>\n<\/td>\n<td valign=\"top\" width=\"155\">\n<p class=\"ecxMsoNoSpacing\">CHARVEL AZZI MAYMES<\/p>\n<\/td>\n<td valign=\"top\" width=\"346\">\n<p class=\"ecxMsoNoSpacing\">1ER. LUGAR EN RANQUIN ESTATAL<\/p>\n<p class=\"ecxMsoNoSpacing\">REP. DE B.C. EN MAZATL\u00c1N<\/p>\n<\/td>\n<\/tr>\n<tr>\n<td valign=\"top\" width=\"142\">\n<p class=\"ecxMsoNoSpacing\">\n<\/td>\n<td valign=\"top\" width=\"155\">\n<p class=\"ecxMsoNoSpacing\">\n<\/td>\n<td valign=\"top\" width=\"346\">\n<p class=\"ecxMsoNoSpacing\">\n<\/td>\n<\/tr>\n<tr>\n<td valign=\"top\" width=\"142\">\n<p class=\"ecxMsoNoSpacing\">TAE KWON DO<\/p>\n<\/td>\n<td valign=\"top\" width=\"155\">\n<p class=\"ecxMsoNoSpacing\">MONSERRAT GARC\u00cdA HINOJOSA<\/p>\n<\/td>\n<td valign=\"top\" width=\"346\">\n<p class=\"ecxMsoNoSpacing\">4 VECES CAMP NAC<\/p>\n<p class=\"ecxMsoNoSpacing\">INTEGRANTE DE LA SELECC MEXICANA<\/p>\n<\/td>\n<\/tr>\n<tr>\n<td valign=\"top\" width=\"142\">\n<p class=\"ecxMsoNoSpacing\">\n<\/td>\n<td valign=\"top\" width=\"155\">\n<p class=\"ecxMsoNoSpacing\">\n<\/td>\n<td valign=\"top\" width=\"346\">\n<p class=\"ecxMsoNoSpacing\">\n<\/td>\n<\/tr>\n<tr>\n<td valign=\"top\" width=\"142\">\n<p class=\"ecxMsoNoSpacing\">\n<\/td>\n<td valign=\"top\" width=\"155\">\n<p class=\"ecxMsoNoSpacing\">DANIEL TORRES BARBOSA<\/p>\n<\/td>\n<td valign=\"top\" width=\"346\">\n<p class=\"ecxMsoNoSpacing\">MEDALLISTA DE BRONCE EN PANAMERICANO<\/p>\n<p class=\"ecxMsoNoSpacing\">INTEGRANTE DE LA SELECC MEXICANA<\/p>\n<\/td>\n<\/tr>\n<tr>\n<td valign=\"top\" width=\"142\">\n<p class=\"ecxMsoNoSpacing\">\n<\/td>\n<td valign=\"top\" width=\"155\">\n<p class=\"ecxMsoNoSpacing\">\n<\/td>\n<td valign=\"top\" width=\"346\">\n<p class=\"ecxMsoNoSpacing\">\n<\/td>\n<\/tr>\n<tr>\n<td valign=\"top\" width=\"142\">\n<p class=\"ecxMsoNoSpacing\">VOLEIBOL<\/p>\n<\/td>\n<td valign=\"top\" width=\"155\">\n<p class=\"ecxMsoNoSpacing\">GABRIELA ZAZUETA VELAZQUEZ<\/p>\n<\/td>\n<td valign=\"top\" width=\"346\">\n<p class=\"ecxMsoNoSpacing\">VIVE EN TIJUANA<\/p>\n<\/td>\n<\/tr>\n<tr>\n<td valign=\"top\" width=\"142\">\n<p class=\"ecxMsoNoSpacing\">\n<\/td>\n<td valign=\"top\" width=\"155\">\n<p class=\"ecxMsoNoSpacing\">MARLA ARREOLA NU\u00d1EZ<\/p>\n<\/td>\n<td valign=\"top\" width=\"346\">\n<p class=\"ecxMsoNoSpacing\">MEJOR DEFENSAMUNDIAL SUB 18<\/p>\n<p class=\"ecxMsoNoSpacing\">LIMA PER\u00da<\/p>\n<p class=\"ecxMsoNoSpacing\">L\u00cdBERO COPA PANAMERICANA EN CUBA 2015<\/p>\n<\/td>\n<\/tr>\n<tr>\n<td valign=\"top\" width=\"142\">\n<p class=\"ecxMsoNoSpacing\">\n<\/td>\n<td valign=\"top\" width=\"155\">\n<p class=\"ecxMsoNoSpacing\">ALEJANDRO MORENO HERN\u00c1NDEZ<\/p>\n<\/td>\n<td valign=\"top\" width=\"346\">\n<p class=\"ecxMsoNoSpacing\">PARTICIP\u00d3 EN MUNDIAL EN DUBAI<\/p>\n<\/td>\n<\/tr>\n<tr>\n<td valign=\"top\" width=\"142\">\n<p class=\"ecxMsoNoSpacing\">\n<\/td>\n<td valign=\"top\" width=\"155\">\n<p class=\"ecxMsoNoSpacing\">\n<\/td>\n<td valign=\"top\" width=\"346\">\n<p class=\"ecxMsoNoSpacing\">\n<\/td>\n<\/tr>\n<tr>\n<td valign=\"top\" width=\"142\">\n<p class=\"ecxMsoNoSpacing\">VOLEIBOL DE PLAYA<\/p>\n<\/td>\n<td valign=\"top\" width=\"155\">\n<p class=\"ecxMsoNoSpacing\">ALEJANDRO MARTINEZ PADILLA<\/p>\n<\/td>\n<td valign=\"top\" width=\"346\">\n<p class=\"ecxMsoNoSpacing\">PARTICIPANTE EN UNIVERSIADA Y OLIMPIADA NACIONALASI COMO EN BAJA OPEN INTERNACIONAL<\/p>\n<\/td>\n<\/tr>\n<tr>\n<td valign=\"top\" width=\"142\">\n<p class=\"ecxMsoNoSpacing\">\n<\/td>\n<td valign=\"top\" width=\"155\">\n<p class=\"ecxMsoNoSpacing\">MANUEL CARRILLOSAIZA<\/p>\n<\/td>\n<td valign=\"top\" width=\"346\">\n<p class=\"ecxMsoNoSpacing\">PARTICIPANTE EN UNIVERSIADA Y OLIMPIADA NACIONAL<\/p>\n<\/td>\n<\/tr>\n<tr>\n<td valign=\"top\" width=\"142\">\n<p class=\"ecxMsoNoSpacing\">\n<\/td>\n<td valign=\"top\" width=\"155\">\n<p class=\"ecxMsoNoSpacing\">\n<\/td>\n<td valign=\"top\" width=\"346\">\n<p class=\"ecxMsoNoSpacing\">\n<\/td>\n<\/tr>\n<tr>\n<td valign=\"top\" width=\"142\">\n<p class=\"ecxMsoNoSpacing\">RECONOCIMIENTO POR TRAYECTORIA<\/p>\n<\/td>\n<td valign=\"top\" width=\"155\">\n<p class=\"ecxMsoNoSpacing\">EUGENIA ESCUDERO VIUDA DE BACKHOFF<\/p>\n<\/td>\n<td valign=\"top\" width=\"346\">\n<p class=\"ecxMsoNoSpacing\">1RA. DEPORTISTA ABANDERADAJUEGOS OLIMPICOS LOS ANGELES, CA.1932<\/p>\n<\/td>\n<\/tr>\n<tr>\n<td valign=\"top\" width=\"142\">\n<p class=\"ecxMsoNoSpacing\">\n<\/td>\n<td valign=\"top\" width=\"155\">\n<p class=\"ecxMsoNoSpacing\">\n<\/td>\n<td valign=\"top\" width=\"346\">\n<p class=\"ecxMsoNoSpacing\">\n<\/td>\n<\/tr>\n<tr>\n<td valign=\"top\" width=\"142\">\n<p class=\"ecxMsoNoSpacing\">ENTRENADORES<\/p>\n<\/td>\n<td valign=\"top\" width=\"155\">\n<p class=\"ecxMsoNoSpacing\">OSCAR AGUIRRE JALIL<\/p>\n<\/td>\n<td valign=\"top\" width=\"346\">\n<p class=\"ecxMsoNoSpacing\">GIMNASIA<\/p>\n<\/td>\n<\/tr>\n<tr>\n<td valign=\"top\" width=\"142\">\n<p class=\"ecxMsoNoSpacing\">\n<\/td>\n<td valign=\"top\" width=\"155\">\n<p class=\"ecxMsoNoSpacing\">CARLOS ALBERTO BERN\u00c1LDEZ P\u00c9REZ<\/p>\n<\/td>\n<td valign=\"top\" width=\"346\">\n<p class=\"ecxMsoNoSpacing\">ENTRENADOR DESOFTBOL<\/p>\n<\/td>\n<\/tr>\n<tr>\n<td valign=\"top\" width=\"142\">\n<p class=\"ecxMsoNoSpacing\">\n<\/td>\n<td valign=\"top\" width=\"155\">\n<p class=\"ecxMsoNoSpacing\">ROBERTO CARDOSO GARC\u00cdA<\/p>\n<\/td>\n<td valign=\"top\" width=\"346\">\n<p class=\"ecxMsoNoSpacing\">TENIS DE MESA<\/p>\n<p class=\"ecxMsoNoSpacing\">\n<\/td>\n<\/tr>\n<tr>\n<td valign=\"top\" width=\"142\">\n<p class=\"ecxMsoNoSpacing\">\n<\/td>\n<td valign=\"top\" width=\"155\">\n<p class=\"ecxMsoNoSpacing\">RAFAEL GUZM\u00c1N QUIROZ<\/p>\n<\/td>\n<td valign=\"top\" width=\"346\">\n<p class=\"ecxMsoNoSpacing\">BOX<\/p>\n<\/td>\n<\/tr>\n<tr>\n<td valign=\"top\" width=\"142\">\n<p class=\"ecxMsoNoSpacing\">\n<\/td>\n<td valign=\"top\" width=\"155\">\n<p class=\"ecxMsoNoSpacing\">ALEJANDRO GONZ\u00c1LEZ VALENZUELA<\/p>\n<\/td>\n<td valign=\"top\" width=\"346\">\n<p class=\"ecxMsoNoSpacing\">TAE KWON DO<\/p>\n<\/td>\n<\/tr>\n<tr>\n<td valign=\"top\" width=\"142\">\n<p class=\"ecxMsoNoSpacing\">\n<\/td>\n<td valign=\"top\" width=\"155\">\n<p class=\"ecxMsoNoSpacing\">JUAN DIEGO RODR\u00cdGUEZ<\/p>\n<p class=\"ecxMsoNoSpacing\">\n<\/td>\n<td valign=\"top\" width=\"346\">\n<p class=\"ecxMsoNoSpacing\">KARATE<\/p>\n<\/td>\n<\/tr>\n<tr>\n<td valign=\"top\" width=\"142\">\n<p class=\"ecxMsoNoSpacing\">\n<\/td>\n<td valign=\"top\" width=\"155\">\n<p class=\"ecxMsoNoSpacing\">PEDRO GUERRERO<\/p>\n<\/td>\n<td valign=\"top\" width=\"346\">\n<p class=\"ecxMsoNoSpacing\">BEISBOL ENTRENADOR JUAN<\/p>\n<\/td>\n<\/tr>\n<tr>\n<td valign=\"top\" width=\"142\">\n<p class=\"ecxMsoNoSpacing\">\n<\/td>\n<td valign=\"top\" width=\"155\">\n<p class=\"ecxMsoNoSpacing\">PAVEL OCEGUERA ORNELAS<\/p>\n<\/td>\n<td valign=\"top\" width=\"346\">\n<p class=\"ecxMsoNoSpacing\">ENTRENADOR DEL MAXIMO MEDALLISTA DE OLIMPIADA NACIONAL GIMNASIA<\/p>\n<\/td>\n<\/tr>\n<\/tbody>\n<\/table>\n<p class=\"ecxMsoNormal\" align=\"center\"><b>\u00a0<\/b><\/p>\n<p class=\"ecxMsoNormal\" align=\"center\"><b>PROMOTORES DEPORTIVOS<\/b><\/p>\n<table class=\"ecxMsoNormalTable\" style=\"height: 645px;\" border=\"1\" width=\"739\" cellspacing=\"0\" cellpadding=\"0\">\n<tbody>\n<tr>\n<td valign=\"top\" width=\"161\">\n<p class=\"ecxMsoNormal\">DR. ROBERTO ALVIDREZ MENDOZA Y SRA. IRENE ZAVALA DE ALVIDREZ<\/p>\n<\/td>\n<td valign=\"top\" width=\"113\">\n<p class=\"ecxMsoNormal\">DEPORTES ESPECIALES<\/p>\n<\/td>\n<td valign=\"top\" width=\"369\">\n<p class=\"ecxMsoNormal\">FUNDADOR DEL CLUB TIBURONES Y MIEMBRO DE LA ASOCIACI\u00d3NDE DEPORTISTAS ESPECIALES\u00a0ACTUALMENTE TESORERO DE LA FEDERACI\u00d3N MEXICANA DE DEP.ESPECIALES<\/p>\n<\/td>\n<\/tr>\n<tr>\n<td valign=\"top\" width=\"161\">\n<p class=\"ecxMsoNormal\">JACQUELINE MONTES HERN\u00c1NDEZ<\/p>\n<\/td>\n<td valign=\"top\" width=\"113\">\n<p class=\"ecxMsoNormal\">DEPORTES ESPECIALES<\/p>\n<\/td>\n<td valign=\"top\" width=\"369\">\n<p class=\"ecxMsoNormal\">PRESIDENTA DE LA ASOCIACION DEDEPORTES ESPECIALES<\/p>\n<\/td>\n<\/tr>\n<tr>\n<td valign=\"top\" width=\"161\">\n<p class=\"ecxMsoNormal\">RAMIRO CELAYA ORTEGA<\/p>\n<\/td>\n<td valign=\"top\" width=\"113\">\n<p class=\"ecxMsoNormal\">CIEGOS Y D\u00c9BILESVISUA<\/p>\n<\/td>\n<td valign=\"top\" width=\"369\">\n<p class=\"ecxMsoNormal\">PARTICIPANTE DE MARATON GOBERNADOR<\/p>\n<\/td>\n<\/tr>\n<tr>\n<td valign=\"top\" width=\"161\">\n<p class=\"ecxMsoNormal\">JOS\u00c9 HILARI\u00d3NROM\u00c1N MIRANDA<\/p>\n<\/td>\n<td valign=\"top\" width=\"113\">\n<p class=\"ecxMsoNormal\">CACHIBOL<\/p>\n<\/td>\n<td valign=\"top\" width=\"369\"><\/td>\n<\/tr>\n<tr>\n<td valign=\"top\" width=\"161\">\n<p class=\"ecxMsoNormal\">NESTOR RAZOG\u00d3MEZ<\/p>\n<\/td>\n<td valign=\"top\" width=\"113\">\n<p class=\"ecxMsoNormal\">FUTBOL FLAG<\/p>\n<\/td>\n<td valign=\"top\" width=\"369\">\n<p class=\"ecxMsoNormal\">\n<\/td>\n<\/tr>\n<tr>\n<td valign=\"top\" width=\"161\">\n<p class=\"ecxMsoNormal\">\n<\/td>\n<td valign=\"top\" width=\"113\">\n<p class=\"ecxMsoNormal\">\n<\/td>\n<td valign=\"top\" width=\"369\">\n<p class=\"ecxMsoNormal\">\n<\/td>\n<\/tr>\n<\/tbody>\n<\/table>\n<p class=\"ecxMsoNormal\" align=\"center\">\n<p class=\"ecxMsoNormal\" align=\"center\"><b>ACTIVADORA FISICA<\/b><\/p>\n<table class=\"ecxMsoNormalTable\" style=\"height: 57px;\" border=\"1\" width=\"751\" cellspacing=\"0\" cellpadding=\"0\">\n<tbody>\n<tr>\n<td valign=\"top\" width=\"152\">\n<p class=\"ecxMsoNormal\">VERONICA ORT\u00cdZ<\/p>\n<\/td>\n<td valign=\"top\" width=\"208\">\n<p class=\"ecxMsoNormal\">ACTIVADORA DEPORTIVA<\/p>\n<\/td>\n<td valign=\"top\" width=\"283\">\n<p class=\"ecxMsoNormal\">COLONIA 89<\/p>\n<\/td>\n<\/tr>\n<\/tbody>\n<\/table>\n<p class=\"ecxMsoNormal\" align=\"center\">\n<p class=\"ecxMsoNormal\" align=\"center\"><b>GANADORES DE ORO<\/b><\/p>\n<table class=\"ecxMsoNormalTable\" style=\"height: 811px;\" border=\"1\" width=\"794\" cellspacing=\"0\" cellpadding=\"0\">\n<tbody>\n<tr>\n<td valign=\"top\" width=\"473\">\n<p class=\"ecxMsoNormal\">CARLOS MORENO DOM\u00cdNGUEZ<\/p>\n<\/td>\n<td valign=\"top\" width=\"94\">\n<p class=\"ecxMsoNormal\">ATLETISMO<\/p>\n<\/td>\n<td valign=\"top\" width=\"76\">\n<p class=\"ecxMsoNormal\">1 ORO<\/p>\n<\/td>\n<\/tr>\n<tr>\n<td valign=\"top\" width=\"473\">\n<p class=\"ecxMsoNormal\">GERARDO MANUEL JASSO MURO<\/p>\n<\/td>\n<td valign=\"top\" width=\"94\">\n<p class=\"ecxMsoNormal\">BOX<\/p>\n<\/td>\n<td valign=\"top\" width=\"76\">\n<p class=\"ecxMsoNormal\">1 ORO<\/p>\n<\/td>\n<\/tr>\n<tr>\n<td valign=\"top\" width=\"473\">\n<p class=\"ecxMsoNormal\">OMAR ALEJANDRO AGUILAR DELGADILLO<\/p>\n<\/td>\n<td valign=\"top\" width=\"94\">\n<p class=\"ecxMsoNormal\">BOX<\/p>\n<\/td>\n<td valign=\"top\" width=\"76\">\n<p class=\"ecxMsoNormal\">1 ORO<\/p>\n<\/td>\n<\/tr>\n<tr>\n<td valign=\"top\" width=\"473\">\n<p class=\"ecxMsoNormal\">JOS\u00c9 GUILLERMO ALVARADO RIVERA<\/p>\n<\/td>\n<td valign=\"top\" width=\"94\">\n<p class=\"ecxMsoNormal\">BOX<\/p>\n<\/td>\n<td valign=\"top\" width=\"76\">\n<p class=\"ecxMsoNormal\">1 ORO<\/p>\n<\/td>\n<\/tr>\n<tr>\n<td valign=\"top\" width=\"473\">\n<p class=\"ecxMsoNormal\">JESUS RAFAEL SANDOVALGARC\u00cdA TRAVESI<\/p>\n<\/td>\n<td valign=\"top\" width=\"94\">\n<p class=\"ecxMsoNormal\">BOX<\/p>\n<\/td>\n<td valign=\"top\" width=\"76\">\n<p class=\"ecxMsoNormal\">1 ORO<\/p>\n<\/td>\n<\/tr>\n<tr>\n<td valign=\"top\" width=\"473\">\n<p class=\"ecxMsoNormal\">ALEJANDRO BURGOS FERRER<\/p>\n<\/td>\n<td valign=\"top\" width=\"94\">\n<p class=\"ecxMsoNormal\">BOX<\/p>\n<\/td>\n<td valign=\"top\" width=\"76\">\n<p class=\"ecxMsoNormal\">1 ORO<\/p>\n<\/td>\n<\/tr>\n<tr>\n<td valign=\"top\" width=\"473\">\n<p class=\"ecxMsoNormal\">JOSUE ISMAEL BECERRA<\/p>\n<\/td>\n<td valign=\"top\" width=\"94\">\n<p class=\"ecxMsoNormal\">FRONTON<\/p>\n<\/td>\n<td valign=\"top\" width=\"76\">\n<p class=\"ecxMsoNormal\">1 ORO<\/p>\n<\/td>\n<\/tr>\n<tr>\n<td valign=\"top\" width=\"473\">\n<p class=\"ecxMsoNormal\">JIMENA ANAHI CARRILLO MORALES<\/p>\n<\/td>\n<td valign=\"top\" width=\"94\">\n<p class=\"ecxMsoNormal\">JUDO<\/p>\n<\/td>\n<td valign=\"top\" width=\"76\">\n<p class=\"ecxMsoNormal\">1 ORO<\/p>\n<\/td>\n<\/tr>\n<tr>\n<td valign=\"top\" width=\"473\">\n<p class=\"ecxMsoNormal\">ESTRELLA GONZALEZ CALDERON<\/p>\n<\/td>\n<td valign=\"top\" width=\"94\">\n<p class=\"ecxMsoNormal\">JUDO<\/p>\n<\/td>\n<td valign=\"top\" width=\"76\">\n<p class=\"ecxMsoNormal\">1 ORO<\/p>\n<\/td>\n<\/tr>\n<tr>\n<td valign=\"top\" width=\"473\">\n<p class=\"ecxMsoNormal\">JULISSA LOPEZ ROCHIN<\/p>\n<\/td>\n<td valign=\"top\" width=\"94\">\n<p class=\"ecxMsoNormal\">JUDO<\/p>\n<\/td>\n<td valign=\"top\" width=\"76\">\n<p class=\"ecxMsoNormal\">1 ORO<\/p>\n<\/td>\n<\/tr>\n<tr>\n<td valign=\"top\" width=\"473\">\n<p class=\"ecxMsoNormal\">JOHANA KARINA MORAN SANDEZ<\/p>\n<\/td>\n<td valign=\"top\" width=\"94\">\n<p class=\"ecxMsoNormal\">KARATE<\/p>\n<\/td>\n<td valign=\"top\" width=\"76\">\n<p class=\"ecxMsoNormal\">1 ORO<\/p>\n<\/td>\n<\/tr>\n<tr>\n<td valign=\"top\" width=\"473\">\n<p class=\"ecxMsoNormal\">ALAN IBARRA VELAZCO<\/p>\n<\/td>\n<td valign=\"top\" width=\"94\">\n<p class=\"ecxMsoNormal\">KARATE<\/p>\n<\/td>\n<td valign=\"top\" width=\"76\">\n<p class=\"ecxMsoNormal\">1 ORO<\/p>\n<\/td>\n<\/tr>\n<tr>\n<td valign=\"top\" width=\"473\">\n<p class=\"ecxMsoNormal\">MARIO GOMEZ HERNANDEZ<\/p>\n<\/td>\n<td valign=\"top\" width=\"94\">\n<p class=\"ecxMsoNormal\">VOLEIBOL DE SALA<\/p>\n<\/td>\n<td valign=\"top\" width=\"76\">\n<p class=\"ecxMsoNormal\">1 ORO<\/p>\n<\/td>\n<\/tr>\n<\/tbody>\n<\/table>\n<p class=\"ecxMsoNormal\">\n<p class=\"ecxMsoNormal\" align=\"center\">\n<p class=\"ecxMsoNormal\" align=\"center\">\n<p class=\"ecxMsoNormal\" align=\"center\">\n<p class=\"ecxMsoNormal\" align=\"center\"><b>MULTIMEDALLISTAS DE OLIMPIADA<\/b><\/p>\n<table class=\"ecxMsoNormalTable\" style=\"height: 1826px;\" border=\"1\" width=\"811\" cellspacing=\"0\" cellpadding=\"0\">\n<tbody>\n<tr>\n<td valign=\"top\" width=\"350\">\n<p class=\"ecxMsoNormal\" align=\"center\"><b>NOMBRE<\/b><\/p>\n<\/td>\n<td valign=\"top\" width=\"123\">\n<p class=\"ecxMsoNormal\" align=\"center\"><b>DEPORTE<\/b><\/p>\n<\/td>\n<td valign=\"top\" width=\"170\">\n<p class=\"ecxMsoNormal\" align=\"center\"><b>LOGROS<\/b><\/p>\n<\/td>\n<\/tr>\n<tr>\n<td valign=\"top\" width=\"350\">\n<p class=\"ecxMsoNormal\">ADELINA QUI\u00d1ONES VENTURA<\/p>\n<\/td>\n<td valign=\"top\" width=\"123\">\n<p class=\"ecxMsoNormal\">BADMINTON<\/p>\n<\/td>\n<td valign=\"top\" width=\"170\">\n<p class=\"ecxMsoNoSpacing\">1 ORO 1 ORO POR EQUIPO<\/p>\n<p class=\"ecxMsoNoSpacing\">1 BRONCE POR EQUIPO<\/p>\n<\/td>\n<\/tr>\n<tr>\n<td valign=\"top\" width=\"350\">\n<p class=\"ecxMsoNormal\">BRENDA MENDEZ TELLEZ GIRON<\/p>\n<\/td>\n<td valign=\"top\" width=\"123\">\n<p class=\"ecxMsoNormal\">BADMINTON<\/p>\n<\/td>\n<td valign=\"top\" width=\"170\">\n<p class=\"ecxMsoNormal\">2 ORO POR EQUIPO<\/p>\n<\/td>\n<\/tr>\n<tr>\n<td valign=\"top\" width=\"350\">\n<p class=\"ecxMsoNormal\">ISIDRO LIZARRAGA GUTIERREZ<\/p>\n<\/td>\n<td valign=\"top\" width=\"123\">\n<p class=\"ecxMsoNormal\">BADMINTON<\/p>\n<\/td>\n<td valign=\"top\" width=\"170\">\n<p class=\"ecxMsoNoSpacing\">1 ORO X EQ<\/p>\n<p class=\"ecxMsoNoSpacing\">2 BRONCE<\/p>\n<p class=\"ecxMsoNoSpacing\">1 BRONCE POR EQUIPO<\/p>\n<\/td>\n<\/tr>\n<tr>\n<td valign=\"top\" width=\"350\">\n<p class=\"ecxMsoNoSpacing\">SOPHIA ANGELA OCHOA RITSEMA<\/p>\n<\/td>\n<td valign=\"top\" width=\"123\">\n<p class=\"ecxMsoNoSpacing\">GIMNASIA ARTISTICA<\/p>\n<\/td>\n<td valign=\"top\" width=\"170\">\n<p class=\"ecxMsoNoSpacing\">2 ORO 1 PLATA POR EQUIPO<\/p>\n<\/td>\n<\/tr>\n<tr>\n<td valign=\"top\" width=\"350\">\n<p class=\"ecxMsoNoSpacing\">NATALIA ESCALERA CARDENAS<\/p>\n<\/td>\n<td valign=\"top\" width=\"123\">\n<p class=\"ecxMsoNoSpacing\">GIMNASIA ARTISTICA<\/p>\n<\/td>\n<td valign=\"top\" width=\"170\">\n<p class=\"ecxMsoNoSpacing\">1 ORO POR EQUIPO<\/p>\n<p class=\"ecxMsoNoSpacing\">4 PLATA<\/p>\n<\/td>\n<\/tr>\n<tr>\n<td valign=\"top\" width=\"350\">\n<p class=\"ecxMsoNoSpacing\">MIGUEL \u00c1NGEL CANT\u00da GARC\u00cdA<\/p>\n<p class=\"ecxMsoNoSpacing\">\n<\/td>\n<td valign=\"top\" width=\"123\">\n<p class=\"ecxMsoNoSpacing\">\n<\/td>\n<td valign=\"top\" width=\"170\">\n<p class=\"ecxMsoNoSpacing\">5 ORO 1 PLATA POR EQUIPO<\/p>\n<\/td>\n<\/tr>\n<tr>\n<td valign=\"top\" width=\"350\">\n<p class=\"ecxMsoNoSpacing\">ANTONIO HERN\u00c1NDEZ RODR\u00cdGUEZ<\/p>\n<\/td>\n<td valign=\"top\" width=\"123\">\n<p class=\"ecxMsoNoSpacing\">\n<\/td>\n<td valign=\"top\" width=\"170\">\n<p class=\"ecxMsoNoSpacing\">1 ORO 2 PLATA<\/p>\n<p class=\"ecxMsoNoSpacing\">1 BRONCE<\/p>\n<\/td>\n<\/tr>\n<tr>\n<td valign=\"top\" width=\"350\">\n<p class=\"ecxMsoNoSpacing\">ISAAC N\u00da\u00d1EZ FARFAN<\/p>\n<p class=\"ecxMsoNoSpacing\">\n<\/td>\n<td valign=\"top\" width=\"123\">\n<p class=\"ecxMsoNoSpacing\">\n<\/td>\n<td valign=\"top\" width=\"170\">\n<p class=\"ecxMsoNoSpacing\">1 ORO 3 PLATA<\/p>\n<\/td>\n<\/tr>\n<tr>\n<td valign=\"top\" width=\"350\">\n<p class=\"ecxMsoNoSpacing\">JAVIER LOPEZ VIANA<\/p>\n<\/td>\n<td valign=\"top\" width=\"123\">\n<p class=\"ecxMsoNoSpacing\">\n<\/td>\n<td valign=\"top\" width=\"170\">\n<p class=\"ecxMsoNoSpacing\">2 ORO 1 ORO POR EQUIPO<\/p>\n<p class=\"ecxMsoNoSpacing\">1 PLATA 1 BRONCE<\/p>\n<\/td>\n<\/tr>\n<tr>\n<td valign=\"top\" width=\"350\">\n<p class=\"ecxMsoNoSpacing\">MARIO ARTEMIO GUZM\u00c1N GONZ\u00c1LEZ<\/p>\n<\/td>\n<td valign=\"top\" width=\"123\">\n<p class=\"ecxMsoNoSpacing\">KARATE<\/p>\n<\/td>\n<td valign=\"top\" width=\"170\">\n<p class=\"ecxMsoNoSpacing\">1 ORO 1 BRONCE<\/p>\n<p class=\"ecxMsoNoSpacing\">\n<\/td>\n<\/tr>\n<tr>\n<td valign=\"top\" width=\"350\">\n<p class=\"ecxMsoNoSpacing\">MELISA OROZCO VARGAS<\/p>\n<\/td>\n<td valign=\"top\" width=\"123\">\n<p class=\"ecxMsoNoSpacing\">PATINES S\/RUEDAS<\/p>\n<\/td>\n<td valign=\"top\" width=\"170\">\n<p class=\"ecxMsoNoSpacing\">3 ORO OLIMPIADA<\/p>\n<p class=\"ecxMsoNoSpacing\">1 ORO 3 PLATA 1 BRONCE EN NACIONAL DE LA FEDERACI\u00d3N<\/p>\n<\/td>\n<\/tr>\n<tr>\n<td valign=\"top\" width=\"350\">\n<p class=\"ecxMsoNoSpacing\">PABLO OCTAVIO GASTELUM SILVA<\/p>\n<\/td>\n<td valign=\"top\" width=\"123\">\n<p class=\"ecxMsoNoSpacing\">TENIS DE MESA<\/p>\n<\/td>\n<td valign=\"top\" width=\"170\">\n<p class=\"ecxMsoNoSpacing\">1 ORO 1 ORO X EQ<\/p>\n<p class=\"ecxMsoNoSpacing\">2 PLATA X EQ<\/p>\n<\/td>\n<\/tr>\n<tr>\n<td valign=\"top\" width=\"350\">\n<p class=\"ecxMsoNoSpacing\">JESSICA CUELLAR LERMA<\/p>\n<\/td>\n<td valign=\"top\" width=\"123\">\n<p class=\"ecxMsoNoSpacing\">\n<\/td>\n<td valign=\"top\" width=\"170\">\n<p class=\"ecxMsoNoSpacing\">1 ORO 3 ORO X EQ<\/p>\n<p class=\"ecxMsoNoSpacing\">\n<\/td>\n<\/tr>\n<tr>\n<td valign=\"top\" width=\"350\">\n<p class=\"ecxMsoNoSpacing\">MELISSA LISETTE RIVERA Z\u00da\u00d1IGA<\/p>\n<\/td>\n<td valign=\"top\" width=\"123\">\n<p class=\"ecxMsoNoSpacing\">\n<\/td>\n<td valign=\"top\" width=\"170\">\n<p class=\"ecxMsoNoSpacing\">2 ORO X EQ<\/p>\n<p class=\"ecxMsoNoSpacing\">1 PLATA<\/p>\n<\/td>\n<\/tr>\n<tr>\n<td valign=\"top\" width=\"350\">\n<p class=\"ecxMsoNoSpacing\">ALFREDO ARAUJO LUNA<\/p>\n<\/td>\n<td valign=\"top\" width=\"123\">\n<p class=\"ecxMsoNoSpacing\">TIRO C\/ARCO<\/p>\n<\/td>\n<td valign=\"top\" width=\"170\">\n<p class=\"ecxMsoNoSpacing\">1 ORO X EQ<\/p>\n<p class=\"ecxMsoNoSpacing\">1 PLATA<\/p>\n<p class=\"ecxMsoNoSpacing\">2 BRONCE<\/p>\n<\/td>\n<\/tr>\n<tr>\n<td valign=\"top\" width=\"350\">\n<p class=\"ecxMsoNoSpacing\">\n<p class=\"ecxMsoNoSpacing\">\n<\/td>\n<td valign=\"top\" width=\"123\">\n<p class=\"ecxMsoNoSpacing\">\n<\/td>\n<td valign=\"top\" width=\"170\">\n<p class=\"ecxMsoNoSpacing\">\n<\/td>\n<\/tr>\n<\/tbody>\n<\/table>\n<p>&nbsp;<\/p>\n","protected":false},"excerpt":{"rendered":"<p>Ensenada, Baja California.- De manos de las autoridades; deportistas destacados, entrenadores, promotores deportivos y de&#8230;<\/p>\n","protected":false},"author":1,"featured_media":2852032,"comment_status":"closed","ping_status":"closed","sticky":false,"template":"","format":"standard","meta":{"footnotes":""},"categories":[692,7,695,705],"tags":[],"class_list":["post-2852031","post","type-post","status-publish","format-standard","has-post-thumbnail","hentry","category-ciclismo","category-deportes","category-karate","category-natacion"],"_links":{"self":[{"href":"https:\/\/agpnoticias.com\/news\/index.php?rest_route=\/wp\/v2\/posts\/2852031","targetHints":{"allow":["GET"]}}],"collection":[{"href":"https:\/\/agpnoticias.com\/news\/index.php?rest_route=\/wp\/v2\/posts"}],"about":[{"href":"https:\/\/agpnoticias.com\/news\/index.php?rest_route=\/wp\/v2\/types\/post"}],"author":[{"embeddable":true,"href":"https:\/\/agpnoticias.com\/news\/index.php?rest_route=\/wp\/v2\/users\/1"}],"replies":[{"embeddable":true,"href":"https:\/\/agpnoticias.com\/news\/index.php?rest_route=%2Fwp%2Fv2%2Fcomments&post=2852031"}],"version-history":[{"count":2,"href":"https:\/\/agpnoticias.com\/news\/index.php?rest_route=\/wp\/v2\/posts\/2852031\/revisions"}],"predecessor-version":[{"id":2852035,"href":"https:\/\/agpnoticias.com\/news\/index.php?rest_route=\/wp\/v2\/posts\/2852031\/revisions\/2852035"}],"wp:featuredmedia":[{"embeddable":true,"href":"https:\/\/agpnoticias.com\/news\/index.php?rest_route=\/wp\/v2\/media\/2852032"}],"wp:attachment":[{"href":"https:\/\/agpnoticias.com\/news\/index.php?rest_route=%2Fwp%2Fv2%2Fmedia&parent=2852031"}],"wp:term":[{"taxonomy":"category","embeddable":true,"href":"https:\/\/agpnoticias.com\/news\/index.php?rest_route=%2Fwp%2Fv2%2Fcategories&post=2852031"},{"taxonomy":"post_tag","embeddable":true,"href":"https:\/\/agpnoticias.com\/news\/index.php?rest_route=%2Fwp%2Fv2%2Ftags&post=2852031"}],"curies":[{"name":"wp","href":"https:\/\/api.w.org\/{rel}","templated":true}]}}