{"id":2853657,"date":"2016-01-14T22:22:54","date_gmt":"2016-01-15T06:22:54","guid":{"rendered":"http:\/\/agpnoticias.com\/news\/?p=2853657"},"modified":"2016-01-15T20:48:56","modified_gmt":"2016-01-16T04:48:56","slug":"sheke-no-sera-peleador-de-gallinero-marchena","status":"publish","type":"post","link":"https:\/\/agpnoticias.com\/news\/?p=2853657","title":{"rendered":"Sheke no ser\u00e1 \u00abpeleador de gallinero\u00bb: Marchena"},"content":{"rendered":"<figure id=\"attachment_2853663\" aria-describedby=\"caption-attachment-2853663\" style=\"width: 800px\" class=\"wp-caption alignright\"><a href=\"http:\/\/agpnoticias.com\/news\/sheke-no-sera-peleador-de-gallinero-marchena\/image-273\/\" rel=\"attachment wp-att-2853663\"><img fetchpriority=\"high\" decoding=\"async\" class=\"size-full wp-image-2853663\" src=\"http:\/\/agpnoticias.com\/news\/wp-content\/uploads\/2016\/01\/image-83-e1452838880261.jpeg\" alt=\"Ezequiel Avil\u00e9s es dirigido por Ram\u00f3n Marchena\" width=\"800\" height=\"943\" \/><\/a><figcaption id=\"caption-attachment-2853663\" class=\"wp-caption-text\">Ezequiel Avil\u00e9s es dirigido por Ram\u00f3n Marchena<\/figcaption><\/figure>\n<p>Ensenada, Baja California.- Ram\u00f3n Marchena no hace caso a chismes creados para generar pol\u00e9micas prescritas en busca de vender peri\u00f3dicos, ni le interesa enfrentar a Ezequiel \u00abSheke\u00bb Avil\u00e9s contra alg\u00fan peleador de Ensenada.<\/p>\n<p>Mucho menos despu\u00e9s de un 2015 en el que su dirigido alcanz\u00f3 el campeonato juvenil plata de los ligeros que avala el Consejo Mundial de Boxeo, luego de desechar peleas\u00a0que no le interesaron.<\/p>\n<p>Un empate frente a Abraham \u00abBombi\u00bb Cordero y las victorias ante Joksan Hern\u00e1ndez, Erik \u00abFacebook\u00bb Martinez y Alexis \u00abPillo\u00bb Canett son par\u00e1metro suficiente para emigrar en busca de desaf\u00edos de mayor exigencia, fuera de Ensenada.<\/p>\n<p>En nueve peleas que Marchena lo ha dirigido, \u00abSheke\u00bb Avil\u00e9s, debutado por Rafael Guzm\u00e1n, registra ocho victorias y un empate.<\/p>\n<p>\u00abLa evoluci\u00f3n de &#8216;Sheke&#8217; ha sido muy grande en cuanto a t\u00e9cnica y agresividad. Todo su avance ha sido gracias a \u00e9l\u00bb, reconoci\u00f3 el entrenador.<\/p>\n<p>\u00ab\u00c9l\u00a0puede llegar lejos, hasta pelear por un campeonato mundial. Lo que pasa es que no hay muchas oportunidades, pero seremos pacientes y esperaremos la propuesta que nos convenza\u00bb, afirm\u00f3.<\/p>\n<p>Por lo pronto, Ezequiel Avil\u00e9s se recupera de una lesi\u00f3n en el brazo derecho, \u00abpero aun as\u00ed no ha dejado de entrenar\u00bb.<\/p>\n<p>\u00abSi llega una pelea, estamos listos. Y preferimos que la pelea sea fuera porque no queremos ser boxeadores de gallinero. Me gustar\u00eda que se midiera a gente como Mickey Rom\u00e1n y peleadores de nivel\u00bb, expres\u00f3.<\/p>\n<p>En resumen, dijo, por m\u00e1s que haya gente que pretenda reavivar pol\u00e9micas caducadas sobre supuestas peleas que pudo realizar el a\u00f1o pasado ante boxeadores locales que lo buscaron, \u00abSheke\u00bb Avil\u00e9s \u00abtratar\u00e1 de superarse en 2016 para lograr\u00a0un verdadero crecimiento lejos de Ensenada\u00bb.<\/p>\n","protected":false},"excerpt":{"rendered":"<p>Ensenada, Baja California.- Ram\u00f3n Marchena no hace caso a chismes creados para generar pol\u00e9micas prescritas&#8230;<\/p>\n","protected":false},"author":1,"featured_media":2853662,"comment_status":"closed","ping_status":"closed","sticky":false,"template":"","format":"standard","meta":{"footnotes":""},"categories":[1,36,7,405],"tags":[],"class_list":["post-2853657","post","type-post","status-publish","format-standard","has-post-thumbnail","hentry","category-uncategorized","category-boxeo","category-deportes","category-sin-categoria-es"],"_links":{"self":[{"href":"https:\/\/agpnoticias.com\/news\/index.php?rest_route=\/wp\/v2\/posts\/2853657","targetHints":{"allow":["GET"]}}],"collection":[{"href":"https:\/\/agpnoticias.com\/news\/index.php?rest_route=\/wp\/v2\/posts"}],"about":[{"href":"https:\/\/agpnoticias.com\/news\/index.php?rest_route=\/wp\/v2\/types\/post"}],"author":[{"embeddable":true,"href":"https:\/\/agpnoticias.com\/news\/index.php?rest_route=\/wp\/v2\/users\/1"}],"replies":[{"embeddable":true,"href":"https:\/\/agpnoticias.com\/news\/index.php?rest_route=%2Fwp%2Fv2%2Fcomments&post=2853657"}],"version-history":[{"count":9,"href":"https:\/\/agpnoticias.com\/news\/index.php?rest_route=\/wp\/v2\/posts\/2853657\/revisions"}],"predecessor-version":[{"id":2853690,"href":"https:\/\/agpnoticias.com\/news\/index.php?rest_route=\/wp\/v2\/posts\/2853657\/revisions\/2853690"}],"wp:featuredmedia":[{"embeddable":true,"href":"https:\/\/agpnoticias.com\/news\/index.php?rest_route=\/wp\/v2\/media\/2853662"}],"wp:attachment":[{"href":"https:\/\/agpnoticias.com\/news\/index.php?rest_route=%2Fwp%2Fv2%2Fmedia&parent=2853657"}],"wp:term":[{"taxonomy":"category","embeddable":true,"href":"https:\/\/agpnoticias.com\/news\/index.php?rest_route=%2Fwp%2Fv2%2Fcategories&post=2853657"},{"taxonomy":"post_tag","embeddable":true,"href":"https:\/\/agpnoticias.com\/news\/index.php?rest_route=%2Fwp%2Fv2%2Ftags&post=2853657"}],"curies":[{"name":"wp","href":"https:\/\/api.w.org\/{rel}","templated":true}]}}