{"id":2854584,"date":"2016-02-03T21:35:16","date_gmt":"2016-02-04T05:35:16","guid":{"rendered":"http:\/\/agpnoticias.com\/news\/?p=2854584"},"modified":"2016-02-03T21:38:19","modified_gmt":"2016-02-04T05:38:19","slug":"refuerzo-colombiano-listo-para-jugar-contra-la-maquina","status":"publish","type":"post","link":"https:\/\/agpnoticias.com\/news\/?p=2854584","title":{"rendered":"Refuerzo colombiano listo para jugar contra la M\u00e1quina"},"content":{"rendered":"<figure id=\"attachment_2854585\" aria-describedby=\"caption-attachment-2854585\" style=\"width: 800px\" class=\"wp-caption alignleft\"><a href=\"http:\/\/agpnoticias.com\/news\/refuerzo-colombiano-listo-para-jugar-contra-la-maquina\/ignacio-palou-presento-al-refuerzo-llegado-de-colombia\/\" rel=\"attachment wp-att-2854585\"><img fetchpriority=\"high\" decoding=\"async\" class=\"size-full wp-image-2854585\" src=\"http:\/\/agpnoticias.com\/news\/wp-content\/uploads\/2016\/02\/Ignacio-Palou-present\u00f3-al-refuerzo-llegado-de-Colombia.jpg\" alt=\"Ignacio Palou present\u00f3 al refuerzo llegado de Colombia\" width=\"800\" height=\"461\" srcset=\"https:\/\/agpnoticias.com\/news\/wp-content\/uploads\/2016\/02\/Ignacio-Palou-present\u00f3-al-refuerzo-llegado-de-Colombia.jpg 800w, https:\/\/agpnoticias.com\/news\/wp-content\/uploads\/2016\/02\/Ignacio-Palou-present\u00f3-al-refuerzo-llegado-de-Colombia-768x443.jpg 768w, https:\/\/agpnoticias.com\/news\/wp-content\/uploads\/2016\/02\/Ignacio-Palou-present\u00f3-al-refuerzo-llegado-de-Colombia-600x346.jpg 600w\" sizes=\"(max-width: 800px) 100vw, 800px\" \/><\/a><figcaption id=\"caption-attachment-2854585\" class=\"wp-caption-text\">Ignacio Palou present\u00f3 al refuerzo llegado de Colombia<\/figcaption><\/figure>\n<p>Tijuana, Baja California.- El refuerzo colombiano Juan David P\u00e9rez Ben\u00edtez fue presentado este mi\u00e9rcoles en el Estadio Caliente como el quinto extranjero del Club Tijuana para el Torneo Clausura 2016 de la LIGA MX. \u00abMe gustan los retos grandes\u00bb, adelant\u00f3 el ariete sudamericano.<\/p>\n<p>Juan David tuvo su debut como Xoloitzcuintle este martes en la COPA MX ante Coras Tepic, y este d\u00eda estuvo acompa\u00f1ado por el Director General del Club Tinuana, Ignacio Palou, quien le dio la bienvenida en la sala de prensa del Estadio Caliente. \u00abEn nombre del Presidente del Club, Jorgealberto Hank, esperamos que tengas muchos \u00e9xitos y nos ayudes a cumplir con los objetivos en este torneo\u00bb, coment\u00f3 Palou.<\/p>\n<p>Juan David, quien viene de jugar con el Club Junior de Barranquilla en el futbol cafetalero, destac\u00f3 el nivel con el que se ha encontrado en el vestidor Xoloitzcuintle, en el cual ya se ha acoplado con sus nuevos compa\u00f1eros.<\/p>\n<p>Esta etapa en la carrera de Juan David le significa una gran oportunidad al ser su primera incursi\u00f3n fuera de su Pa\u00eds; despu\u00e9s de casi un mes en Tijuana, el artillero colombiano ha conocido la cultura de la Ciudad en Movimiento de la cual se ha sorprendido por su calidez y apoyo hacia los Xoloitzcuintles.<\/p>\n<p>De cara al duelo ante Cruz Azul de este viernes en el Estadio Caliente, P\u00e9rez se\u00f1al\u00f3 que espera tener oportunidades para apoyar el ataque Rojinegro.<\/p>\n<p><em>Informaci\u00f3n y fotograf\u00eda: Club Tijuana Xoloitzcuintles de Caliente.<\/em><\/p>\n","protected":false},"excerpt":{"rendered":"<p>Tijuana, Baja California.- El refuerzo colombiano Juan David P\u00e9rez Ben\u00edtez fue presentado este mi\u00e9rcoles en&#8230;<\/p>\n","protected":false},"author":1,"featured_media":2854585,"comment_status":"closed","ping_status":"closed","sticky":false,"template":"","format":"standard","meta":{"footnotes":""},"categories":[1,7,32,17],"tags":[],"class_list":["post-2854584","post","type-post","status-publish","format-standard","has-post-thumbnail","hentry","category-uncategorized","category-deportes","category-soccer","category-xolos-de-tijuana"],"_links":{"self":[{"href":"https:\/\/agpnoticias.com\/news\/index.php?rest_route=\/wp\/v2\/posts\/2854584","targetHints":{"allow":["GET"]}}],"collection":[{"href":"https:\/\/agpnoticias.com\/news\/index.php?rest_route=\/wp\/v2\/posts"}],"about":[{"href":"https:\/\/agpnoticias.com\/news\/index.php?rest_route=\/wp\/v2\/types\/post"}],"author":[{"embeddable":true,"href":"https:\/\/agpnoticias.com\/news\/index.php?rest_route=\/wp\/v2\/users\/1"}],"replies":[{"embeddable":true,"href":"https:\/\/agpnoticias.com\/news\/index.php?rest_route=%2Fwp%2Fv2%2Fcomments&post=2854584"}],"version-history":[{"count":3,"href":"https:\/\/agpnoticias.com\/news\/index.php?rest_route=\/wp\/v2\/posts\/2854584\/revisions"}],"predecessor-version":[{"id":2854588,"href":"https:\/\/agpnoticias.com\/news\/index.php?rest_route=\/wp\/v2\/posts\/2854584\/revisions\/2854588"}],"wp:featuredmedia":[{"embeddable":true,"href":"https:\/\/agpnoticias.com\/news\/index.php?rest_route=\/wp\/v2\/media\/2854585"}],"wp:attachment":[{"href":"https:\/\/agpnoticias.com\/news\/index.php?rest_route=%2Fwp%2Fv2%2Fmedia&parent=2854584"}],"wp:term":[{"taxonomy":"category","embeddable":true,"href":"https:\/\/agpnoticias.com\/news\/index.php?rest_route=%2Fwp%2Fv2%2Fcategories&post=2854584"},{"taxonomy":"post_tag","embeddable":true,"href":"https:\/\/agpnoticias.com\/news\/index.php?rest_route=%2Fwp%2Fv2%2Ftags&post=2854584"}],"curies":[{"name":"wp","href":"https:\/\/api.w.org\/{rel}","templated":true}]}}