{"id":2854589,"date":"2016-02-03T22:26:14","date_gmt":"2016-02-04T06:26:14","guid":{"rendered":"http:\/\/agpnoticias.com\/news\/?p=2854589"},"modified":"2016-02-04T12:57:40","modified_gmt":"2016-02-04T20:57:40","slug":"va-en-serio-construccion-del-salon-de-la-fama-ribeiro","status":"publish","type":"post","link":"https:\/\/agpnoticias.com\/news\/?p=2854589","title":{"rendered":"Va en serio construcci\u00f3n del Sal\u00f3n de la Fama: Ribeiro"},"content":{"rendered":"<figure id=\"attachment_2854590\" aria-describedby=\"caption-attachment-2854590\" style=\"width: 800px\" class=\"wp-caption alignleft\"><a href=\"http:\/\/agpnoticias.com\/news\/va-en-serio-construccion-del-salon-de-la-fama-ribeiro\/fernando-ribeiro-d-junto-a-gilberto-ruiz-presidente-del-salon-de-la-fama-de-tijuana\/\" rel=\"attachment wp-att-2854590\"><img fetchpriority=\"high\" decoding=\"async\" class=\"size-full wp-image-2854590\" src=\"http:\/\/agpnoticias.com\/news\/wp-content\/uploads\/2016\/02\/Fernando-Ribeiro-d.-junto-a-Gilberto-Ruiz-presidente-del-Sal\u00f3n-de-la-Fama-de-Tijuana.jpg\" alt=\"Fernando Ribeiro (d.) junto a Gilberto Ruiz, presidente del Sal\u00f3n de la Fama de Tijuana\" width=\"800\" height=\"524\" srcset=\"https:\/\/agpnoticias.com\/news\/wp-content\/uploads\/2016\/02\/Fernando-Ribeiro-d.-junto-a-Gilberto-Ruiz-presidente-del-Sal\u00f3n-de-la-Fama-de-Tijuana.jpg 800w, https:\/\/agpnoticias.com\/news\/wp-content\/uploads\/2016\/02\/Fernando-Ribeiro-d.-junto-a-Gilberto-Ruiz-presidente-del-Sal\u00f3n-de-la-Fama-de-Tijuana-768x503.jpg 768w, https:\/\/agpnoticias.com\/news\/wp-content\/uploads\/2016\/02\/Fernando-Ribeiro-d.-junto-a-Gilberto-Ruiz-presidente-del-Sal\u00f3n-de-la-Fama-de-Tijuana-600x393.jpg 600w\" sizes=\"(max-width: 800px) 100vw, 800px\" \/><\/a><figcaption id=\"caption-attachment-2854590\" class=\"wp-caption-text\">Fernando Ribeiro (d.) junto a Gilberto Ruiz, presidente del Sal\u00f3n de la Fama de Tijuana<\/figcaption><\/figure>\n<p>Ensenada, Baja California.- Fernando Ribeiro Cham se ha tomado en serio la tarea de consumar la construcci\u00f3n del Sal\u00f3n de la Fama del Deporte de Ensenada como una forma de honrar la memoria de su principal promotor, Alfredo Mar\u00edn M\u00e9ndez.<\/p>\n<p>Por lo pronto, el Licenciado en Actividad F\u00edsica y Deporte logr\u00f3 reunir a un grupo de promotores del proyecto que ya cumple m\u00e1s de una d\u00e9cada, adem\u00e1s de nuevos integrantes que se han unido a la iniciativa.<\/p>\n<p>Dos jueves al mes en el Hotel San Nicol\u00e1s ser\u00e1n las sesiones para \u201cavanzar lo m\u00e1s posible\u201d y que \u201cno pasen m\u00e1s a\u00f1os sin colocar un solo bloque\u201d.<\/p>\n<p>\u201cEsto va en serio. Lo primero que debemos hacer es cercar el terreno que ya tenemos (en Ciudad Deportiva) y despu\u00e9s empezaremos a conseguir los materiales para iniciar la construcci\u00f3n\u201d, dijo.<\/p>\n<p>El coordinador regional de educaci\u00f3n f\u00edsica precis\u00f3 que \u201cno ser\u00e1 un proyecto de millones, sino un espacio digno y m\u00e1s realista que el anterior (que no ha podido consumarse desde 2003)\u201d.<\/p>\n<p>En ese sentido, explic\u00f3 que el arquitecto Jorge Chavira sigue su colaboraci\u00f3n en la construcci\u00f3n del inmueble, aunque ha adecuado el proyecto para que sea una instalaci\u00f3n \u201cm\u00e1s concreta\u201d.<\/p>\n<p>\u201cEntre todos tenemos que construir este espacio tan importante para la historia del deporte de Ensenada y haremos una campa\u00f1a para solicitar materiales entre la comunidad deportiva, ya sea un bloque, un saco de cemento o una varilla\u201d, apunt\u00f3.<\/p>\n<p>En particular, destac\u00f3 la presencia de Olegario Flemate y el \u00e1rbitro de baloncesto ol\u00edmpico, Jos\u00e9 Reyes Ronfini, quienes son concesionarios de la cadena de materiales para la construcci\u00f3n, Construrama, cuya tradicional carrera atl\u00e9tica, en 2016, ser\u00e1 recaudatoria para el Sal\u00f3n de la Fama.<\/p>\n<p>\u201cNo manejaremos nada de efectivo, todo ser\u00e1 en especie\u201d, subray\u00f3.<\/p>\n<p><strong>Adelantos<\/strong><\/p>\n<p>Ribeiro Cham agreg\u00f3 que en las siguientes sesiones iniciar\u00e1 la conformaci\u00f3n de un consejo t\u00e9cnico para definir los par\u00e1metros de elecci\u00f3n entre los aspirantes a formar parte del recinto y que el acceso al Sal\u00f3n de la Fama \u201cno se abarate, ni sea para cualquiera\u201d.<\/p>\n<p>\u201cPronto tendremos a mi amigo Gilberto Ruiz en Ensenada para que nos explique c\u00f3mo se trabaja en el Sal\u00f3n de la Fama de Tijuana\u201d, adelant\u00f3 en torno a la visita del titular de ese espacio.<\/p>\n<p>El nombre del lugar ser\u00e1 Alfredo Mar\u00edn M\u00e9ndez como reconocimiento al cronista de boxeo y beisbol que falleci\u00f3 el 2 de enero de 2016 sin poder ver cristalizado el proyecto.<\/p>\n<p>El representante del sector de educaci\u00f3n f\u00edsica dentro de la estructura del Sistema Educativo Estatal invit\u00f3 a los interesados a \u201cdar su like\u201d al espacio de Facebook que reci\u00e9n se ha abierto con el nombre Sal\u00f3n de la Fama del Deporte de Ensenada, A.C.<\/p>\n","protected":false},"excerpt":{"rendered":"<p>Ensenada, Baja California.- Fernando Ribeiro Cham se ha tomado en serio la tarea de consumar&#8230;<\/p>\n","protected":false},"author":1,"featured_media":2854590,"comment_status":"closed","ping_status":"closed","sticky":false,"template":"","format":"standard","meta":{"footnotes":""},"categories":[1,7],"tags":[],"class_list":["post-2854589","post","type-post","status-publish","format-standard","has-post-thumbnail","hentry","category-uncategorized","category-deportes"],"_links":{"self":[{"href":"https:\/\/agpnoticias.com\/news\/index.php?rest_route=\/wp\/v2\/posts\/2854589","targetHints":{"allow":["GET"]}}],"collection":[{"href":"https:\/\/agpnoticias.com\/news\/index.php?rest_route=\/wp\/v2\/posts"}],"about":[{"href":"https:\/\/agpnoticias.com\/news\/index.php?rest_route=\/wp\/v2\/types\/post"}],"author":[{"embeddable":true,"href":"https:\/\/agpnoticias.com\/news\/index.php?rest_route=\/wp\/v2\/users\/1"}],"replies":[{"embeddable":true,"href":"https:\/\/agpnoticias.com\/news\/index.php?rest_route=%2Fwp%2Fv2%2Fcomments&post=2854589"}],"version-history":[{"count":3,"href":"https:\/\/agpnoticias.com\/news\/index.php?rest_route=\/wp\/v2\/posts\/2854589\/revisions"}],"predecessor-version":[{"id":2854613,"href":"https:\/\/agpnoticias.com\/news\/index.php?rest_route=\/wp\/v2\/posts\/2854589\/revisions\/2854613"}],"wp:featuredmedia":[{"embeddable":true,"href":"https:\/\/agpnoticias.com\/news\/index.php?rest_route=\/wp\/v2\/media\/2854590"}],"wp:attachment":[{"href":"https:\/\/agpnoticias.com\/news\/index.php?rest_route=%2Fwp%2Fv2%2Fmedia&parent=2854589"}],"wp:term":[{"taxonomy":"category","embeddable":true,"href":"https:\/\/agpnoticias.com\/news\/index.php?rest_route=%2Fwp%2Fv2%2Fcategories&post=2854589"},{"taxonomy":"post_tag","embeddable":true,"href":"https:\/\/agpnoticias.com\/news\/index.php?rest_route=%2Fwp%2Fv2%2Ftags&post=2854589"}],"curies":[{"name":"wp","href":"https:\/\/api.w.org\/{rel}","templated":true}]}}