{"id":2854616,"date":"2016-02-04T14:43:49","date_gmt":"2016-02-04T22:43:49","guid":{"rendered":"http:\/\/agpnoticias.com\/news\/?p=2854616"},"modified":"2016-02-05T04:20:52","modified_gmt":"2016-02-05T12:20:52","slug":"cinco-xolos-convocados-al-tri-martin-a-la-mayor-cuatro-a-la-sub-23","status":"publish","type":"post","link":"https:\/\/agpnoticias.com\/news\/?p=2854616","title":{"rendered":"Cinco Xolos convocados al Tri; Martin a la mayor, cuatro a la Sub 23"},"content":{"rendered":"<figure id=\"attachment_2854618\" aria-describedby=\"caption-attachment-2854618\" style=\"width: 640px\" class=\"wp-caption aligncenter\"><a href=\"http:\/\/agpnoticias.com\/news\/cinco-xolos-convocados-al-tri-martin-a-la-mayor-cuatro-a-la-sub-23\/xolos-informo-la-convocatoria-de-cinco-de-sus-jugadores-a-las-convocatorias-del-tri-mayor-y-sub-23\/\" rel=\"attachment wp-att-2854618\"><img fetchpriority=\"high\" decoding=\"async\" class=\"size-full wp-image-2854618\" src=\"http:\/\/agpnoticias.com\/news\/wp-content\/uploads\/2016\/02\/Xolos-inform\u00f3-la-convocatoria-de-cinco-de-sus-jugadores-a-las-convocatorias-del-Tri-Mayor-y-Sub-23.jpg\" alt=\"Xolos inform\u00f3 la convocatoria de cinco de sus jugadores a las convocatorias del Tri Mayor y Sub 23\" width=\"640\" height=\"420\" srcset=\"https:\/\/agpnoticias.com\/news\/wp-content\/uploads\/2016\/02\/Xolos-inform\u00f3-la-convocatoria-de-cinco-de-sus-jugadores-a-las-convocatorias-del-Tri-Mayor-y-Sub-23.jpg 640w, https:\/\/agpnoticias.com\/news\/wp-content\/uploads\/2016\/02\/Xolos-inform\u00f3-la-convocatoria-de-cinco-de-sus-jugadores-a-las-convocatorias-del-Tri-Mayor-y-Sub-23-600x394.jpg 600w\" sizes=\"(max-width: 640px) 100vw, 640px\" \/><\/a><figcaption id=\"caption-attachment-2854618\" class=\"wp-caption-text\">Xolos inform\u00f3 la convocatoria de cinco de sus jugadores a las convocatorias del Tri Mayor y Sub 23<\/figcaption><\/figure>\n<p>Tijuana, Baja California.- Henry Mart\u00edn estar\u00e1 con la Mayor, en tanto Gibr\u00e1n Lajud, Carlos Guzm\u00e1n, Pedro Hern\u00e1ndez y Alonso Escoboza con la Sub23<\/p>\n<p>Tijuana, Baja California, 3 de Febrero de 2016._ Los Xoloitzcuintles estar\u00e1n representados por cinco elementos\u00a0 en las convocatorias de la Selecci\u00f3n Mexicana de Futbol.<\/p>\n<p>Henry Mart\u00edn fue incluido en la lista de delanteros Aztecas del equipo mayor nacional que dirige Juan Carlos Osorio para el partido amistoso ante Senegal de este 10 de Febrero, en tanto el portero Gibran Lajud, el defensa Carlos Guzm\u00e1n y los mediocampistas Alonso Escoboza y Pedro Hern\u00e1ndez, formar\u00e1n parte del segundo campamento de la Selecci\u00f3n Ol\u00edmpica, la cual comanda Ra\u00fal Guti\u00e9rrez y que se prepara de cara a los JJOO R\u00edo 2016.<\/p>\n<p>DATOS DE LOS XOLOITZCUINTLES CONVOCADOS POR EL TRI<\/p>\n<p>HENRY MART\u00cdN<br \/>\nSegunda Convocatoria. Debut\u00f3 con la Selecci\u00f3n Mayor\u00a0 el 4 de Septiembre vs Trinidad y Tobago. 4 goles en Primera Divisi\u00f3n.<\/p>\n<p>GIBRAN LAJUD<br \/>\nCampe\u00f3n con la Selecci\u00f3n Sub20 en Juegos Centroamericanos y del Caribe, Veracruz 2014<\/p>\n<p>Campe\u00f3n y Guante de Oro del Preol\u00edmpico de la CONCACAF EEUU 2015<\/p>\n<p>CARLOS GUZM\u00c1N<br \/>\nCampe\u00f3n del Mundo con la Selecci\u00f3n Sub17 en el Mundial juvenil de la FIFA M\u00e9xico 2011<\/p>\n<p>Jug\u00f3 el Torneo Esperanzas de Toulon 2015 con la Selecci\u00f3n Sub21<\/p>\n<p>PEDRO HERN\u00c1NDEZ<br \/>\nCampe\u00f3n con el Tri Sub20 en Juegos Centroamericanos y del Caribe, Veracruz 2014.<\/p>\n<p>Debut\u00f3 en LIGA MX con Jaguares de Chiapas en 2012, suma 24 partidos en Primera Divisi\u00f3n.<\/p>\n<p>ALONSO ESCOBOZA<br \/>\nMiembro del equipo mexicano que gan\u00f3 el Campeonato Sub20 de la CONCACAF M\u00e9xico 2013. Con el Tri Mayor jug\u00f3 los dos partidos de repesca ante Nueva Zelanda en la eliminatoria del Mundial de la FIFA Brasil 2014.<\/p>\n<p>Los cinco Xoloitzcuintles reportar\u00e1n con los equipos nacionales a partir del domingo 7 de Febrero en el Centro de Alto Rendimiento de la FMF.<\/p>\n<p><em>Informaci\u00f3n y fotograf\u00eda: Club Tijuana Xoloitzcuintles de Caliente.<\/em><\/p>\n","protected":false},"excerpt":{"rendered":"<p>Tijuana, Baja California.- Henry Mart\u00edn estar\u00e1 con la Mayor, en tanto Gibr\u00e1n Lajud, Carlos Guzm\u00e1n,&#8230;<\/p>\n","protected":false},"author":1,"featured_media":2854618,"comment_status":"closed","ping_status":"closed","sticky":false,"template":"","format":"standard","meta":{"footnotes":""},"categories":[1,7,32,17],"tags":[],"class_list":["post-2854616","post","type-post","status-publish","format-standard","has-post-thumbnail","hentry","category-uncategorized","category-deportes","category-soccer","category-xolos-de-tijuana"],"_links":{"self":[{"href":"https:\/\/agpnoticias.com\/news\/index.php?rest_route=\/wp\/v2\/posts\/2854616","targetHints":{"allow":["GET"]}}],"collection":[{"href":"https:\/\/agpnoticias.com\/news\/index.php?rest_route=\/wp\/v2\/posts"}],"about":[{"href":"https:\/\/agpnoticias.com\/news\/index.php?rest_route=\/wp\/v2\/types\/post"}],"author":[{"embeddable":true,"href":"https:\/\/agpnoticias.com\/news\/index.php?rest_route=\/wp\/v2\/users\/1"}],"replies":[{"embeddable":true,"href":"https:\/\/agpnoticias.com\/news\/index.php?rest_route=%2Fwp%2Fv2%2Fcomments&post=2854616"}],"version-history":[{"count":3,"href":"https:\/\/agpnoticias.com\/news\/index.php?rest_route=\/wp\/v2\/posts\/2854616\/revisions"}],"predecessor-version":[{"id":2854620,"href":"https:\/\/agpnoticias.com\/news\/index.php?rest_route=\/wp\/v2\/posts\/2854616\/revisions\/2854620"}],"wp:featuredmedia":[{"embeddable":true,"href":"https:\/\/agpnoticias.com\/news\/index.php?rest_route=\/wp\/v2\/media\/2854618"}],"wp:attachment":[{"href":"https:\/\/agpnoticias.com\/news\/index.php?rest_route=%2Fwp%2Fv2%2Fmedia&parent=2854616"}],"wp:term":[{"taxonomy":"category","embeddable":true,"href":"https:\/\/agpnoticias.com\/news\/index.php?rest_route=%2Fwp%2Fv2%2Fcategories&post=2854616"},{"taxonomy":"post_tag","embeddable":true,"href":"https:\/\/agpnoticias.com\/news\/index.php?rest_route=%2Fwp%2Fv2%2Ftags&post=2854616"}],"curies":[{"name":"wp","href":"https:\/\/api.w.org\/{rel}","templated":true}]}}