{"id":2854786,"date":"2016-02-09T21:16:08","date_gmt":"2016-02-10T05:16:08","guid":{"rendered":"http:\/\/agpnoticias.com\/news\/?p=2854786"},"modified":"2016-02-09T21:20:46","modified_gmt":"2016-02-10T05:20:46","slug":"se-despide-eduardo-acaba-hefziba-promotions","status":"publish","type":"post","link":"https:\/\/agpnoticias.com\/news\/?p=2854786","title":{"rendered":"Se despide Eduardo; acaba Hefziba Promotions"},"content":{"rendered":"<figure id=\"attachment_2854788\" aria-describedby=\"caption-attachment-2854788\" style=\"width: 800px\" class=\"wp-caption alignright\"><a href=\"http:\/\/agpnoticias.com\/news\/se-despide-eduardo-acaba-hefziba-promotions\/eduardo-hernandez-arroyo-durante-la-rueda-de-prensa-de-la-ultima-funcion-que-promovio-en-octubre-de-2015\/\" rel=\"attachment wp-att-2854788\"><img fetchpriority=\"high\" decoding=\"async\" class=\"size-full wp-image-2854788\" src=\"http:\/\/agpnoticias.com\/news\/wp-content\/uploads\/2016\/02\/Eduardo-Hern\u00e1ndez-Arroyo-durante-la-rueda-de-prensa-de-la-\u00faltima-funci\u00f3n-que-promovi\u00f3-en-octubre-de-2015.jpg\" alt=\"Eduardo Hern\u00e1ndez Arroyo durante la rueda de prensa de la \u00faltima funci\u00f3n que promovi\u00f3, en octubre de 2015\" width=\"800\" height=\"533\" srcset=\"https:\/\/agpnoticias.com\/news\/wp-content\/uploads\/2016\/02\/Eduardo-Hern\u00e1ndez-Arroyo-durante-la-rueda-de-prensa-de-la-\u00faltima-funci\u00f3n-que-promovi\u00f3-en-octubre-de-2015.jpg 800w, https:\/\/agpnoticias.com\/news\/wp-content\/uploads\/2016\/02\/Eduardo-Hern\u00e1ndez-Arroyo-durante-la-rueda-de-prensa-de-la-\u00faltima-funci\u00f3n-que-promovi\u00f3-en-octubre-de-2015-768x512.jpg 768w, https:\/\/agpnoticias.com\/news\/wp-content\/uploads\/2016\/02\/Eduardo-Hern\u00e1ndez-Arroyo-durante-la-rueda-de-prensa-de-la-\u00faltima-funci\u00f3n-que-promovi\u00f3-en-octubre-de-2015-600x400.jpg 600w\" sizes=\"(max-width: 800px) 100vw, 800px\" \/><\/a><figcaption id=\"caption-attachment-2854788\" class=\"wp-caption-text\">Eduardo Hern\u00e1ndez Arroyo durante la rueda de prensa de la \u00faltima funci\u00f3n que promovi\u00f3, en octubre de 2015<\/figcaption><\/figure>\n<p>Ensenada, Baja California.- Eduardo Hern\u00e1ndez Arroyo anunci\u00f3 a trav\u00e9s de redes sociales la conclusi\u00f3n de su carrera como promotor de boxeo.<\/p>\n<p>Despu\u00e9s de 10 funciones en menos de tres a\u00f1os, el empresario entr\u00f3 en una disputa con el actual presidente de la Comisi\u00f3n de Box, Lucha Libre y Artes Marciales de Ensenada, Raymundo L\u00f3pez, quien lo sancion\u00f3 por un a\u00f1o, debido al incumplimiento con el pago a algunos boxeadores tras su \u00faltima cartelera el viernes 9 de octubre.<\/p>\n<p>A ra\u00edz de ese hecho inici\u00f3 una serie de se\u00f1alamientos por ambas partes, sin llegar a conciliar.<\/p>\n<p>Incluso la funci\u00f3n que el s\u00e1bado 6 de febrero present\u00f3 la empresa Zanfer en Ensenada ser\u00eda coordinada por Hern\u00e1ndez Arroyo, pero por una solicitud del gobierno municipal, en respaldo al comisionado, cambi\u00f3 de promotor a nivel local.<\/p>\n<p>La despedida del propietario de un establecimiento de venta de ropa, as\u00ed como de un bar, es la siguiente, en un tono conciliatorio:<\/p>\n<p><em>Quisiera empezar agradeciendo a cada una de las personas que creyeron en mi proyecto hace 3 a\u00f1os , cuando dentro de mis locuras me naci\u00f3 una de las cuales estoy muy orgulloso, traer buen Box a mi Ensenada. Seria descort\u00e9s de mi parte no mencionar a todos, pero los que estuvieron en ese momento, los sabe y mi agradecimiento infinito.<br \/>\nHoy, decido dar por terminada mi promotora de Box\u00a0<a href=\"https:\/\/www.facebook.com\/hashtag\/hefzibaeduardopromotions?source=feed_text&amp;story_id=902149363232122\" data-ft=\"{&quot;tn&quot;:&quot;*N&quot;,&quot;type&quot;:104}\">#HefzibaEduardoPromotions<\/a>, me retiro de todo lo que tenga que ver con el boxeo en todos los niveles.<\/em><\/p>\n<p><em>Quiero agradecer al Sr. Ram\u00f3n Marchena Jr. por haberme dado mi primera funci\u00f3n, aquel 3 de abril del 2013, de igual manera a Ivan \u00bbChoco\u00bb Hern\u00e1ndez que como presidente de la comisi\u00f3n de Box trabaje de la mano y sin ning\u00fan problema, mi agradecimiento total. Al actual presidente Raymundo L\u00f3pez, que espero y lleve por buen camino la comisi\u00f3n, mi gratitud.<\/em><\/p>\n<p><em>Al gobierno del estado, gobierno municipal, por el apoyo a lo largo de mis 10 funciones, donde logre posicionar a Ensenada en los primeros planos a nivel nacional, campeonatos nacionales e internacionales, logre traer a Ensenada<\/em><\/p>\n<p><em>Y sin menospreciar a ninguno, A TODA LA AFICI\u00d3N DE MI PUERTO DE ENSENADA, que sin ella nunca hubiera logrado la satisfacci\u00f3n que me daban cada funci\u00f3n que presentaba.<\/em><\/p>\n<p><em>Me retiro alegre y tranquilo, se que hice un buen trabajo y eventos de calidad que es lo que se merece Ensenada, espero que el actual Comisionado, siga apoyando a los promotores, ya que con ello, los boxeadores siguen avanzando en su profesi\u00f3n.<\/em><\/p>\n<p><em>De todo Coraz\u00f3n, muchas gracias a todos, digo adi\u00f3s al Box, pero seguir\u00e9 luchando para que en Ensenada, siga figurando en los altos niveles de eventos, en toda la Rep\u00fablica.<\/em><\/p>\n<p><em>Eduardo Hern\u00e1ndez Arroyo.<\/em><\/p>\n","protected":false},"excerpt":{"rendered":"<p>Ensenada, Baja California.- Eduardo Hern\u00e1ndez Arroyo anunci\u00f3 a trav\u00e9s de redes sociales la conclusi\u00f3n de&#8230;<\/p>\n","protected":false},"author":1,"featured_media":2854788,"comment_status":"closed","ping_status":"closed","sticky":false,"template":"","format":"standard","meta":{"footnotes":""},"categories":[1,36,7],"tags":[],"class_list":["post-2854786","post","type-post","status-publish","format-standard","has-post-thumbnail","hentry","category-uncategorized","category-boxeo","category-deportes"],"_links":{"self":[{"href":"https:\/\/agpnoticias.com\/news\/index.php?rest_route=\/wp\/v2\/posts\/2854786","targetHints":{"allow":["GET"]}}],"collection":[{"href":"https:\/\/agpnoticias.com\/news\/index.php?rest_route=\/wp\/v2\/posts"}],"about":[{"href":"https:\/\/agpnoticias.com\/news\/index.php?rest_route=\/wp\/v2\/types\/post"}],"author":[{"embeddable":true,"href":"https:\/\/agpnoticias.com\/news\/index.php?rest_route=\/wp\/v2\/users\/1"}],"replies":[{"embeddable":true,"href":"https:\/\/agpnoticias.com\/news\/index.php?rest_route=%2Fwp%2Fv2%2Fcomments&post=2854786"}],"version-history":[{"count":4,"href":"https:\/\/agpnoticias.com\/news\/index.php?rest_route=\/wp\/v2\/posts\/2854786\/revisions"}],"predecessor-version":[{"id":2854791,"href":"https:\/\/agpnoticias.com\/news\/index.php?rest_route=\/wp\/v2\/posts\/2854786\/revisions\/2854791"}],"wp:featuredmedia":[{"embeddable":true,"href":"https:\/\/agpnoticias.com\/news\/index.php?rest_route=\/wp\/v2\/media\/2854788"}],"wp:attachment":[{"href":"https:\/\/agpnoticias.com\/news\/index.php?rest_route=%2Fwp%2Fv2%2Fmedia&parent=2854786"}],"wp:term":[{"taxonomy":"category","embeddable":true,"href":"https:\/\/agpnoticias.com\/news\/index.php?rest_route=%2Fwp%2Fv2%2Fcategories&post=2854786"},{"taxonomy":"post_tag","embeddable":true,"href":"https:\/\/agpnoticias.com\/news\/index.php?rest_route=%2Fwp%2Fv2%2Ftags&post=2854786"}],"curies":[{"name":"wp","href":"https:\/\/api.w.org\/{rel}","templated":true}]}}