{"id":2854792,"date":"2016-02-09T22:13:55","date_gmt":"2016-02-10T06:13:55","guid":{"rendered":"http:\/\/agpnoticias.com\/news\/?p=2854792"},"modified":"2016-02-10T20:55:54","modified_gmt":"2016-02-11T04:55:54","slug":"se-cayo-la-pelea-de-canett-con-zanfer-reaparecera-en-tijuana","status":"publish","type":"post","link":"https:\/\/agpnoticias.com\/news\/?p=2854792","title":{"rendered":"Se cay\u00f3 la pelea de Canett con Zanfer; reaparecer\u00e1 en Tijuana"},"content":{"rendered":"<figure id=\"attachment_2854794\" aria-describedby=\"caption-attachment-2854794\" style=\"width: 800px\" class=\"wp-caption alignright\"><a href=\"http:\/\/agpnoticias.com\/news\/se-cayo-la-pelea-de-canett-con-zanfer-reaparecera-en-tijuana\/alexis-canett-12\/\" rel=\"attachment wp-att-2854794\"><img fetchpriority=\"high\" decoding=\"async\" class=\"size-full wp-image-2854794\" src=\"http:\/\/agpnoticias.com\/news\/wp-content\/uploads\/2016\/02\/Alexis-Canett.jpg\" alt=\"Alexis Canett\" width=\"800\" height=\"533\" srcset=\"https:\/\/agpnoticias.com\/news\/wp-content\/uploads\/2016\/02\/Alexis-Canett.jpg 800w, https:\/\/agpnoticias.com\/news\/wp-content\/uploads\/2016\/02\/Alexis-Canett-768x512.jpg 768w, https:\/\/agpnoticias.com\/news\/wp-content\/uploads\/2016\/02\/Alexis-Canett-600x400.jpg 600w\" sizes=\"(max-width: 800px) 100vw, 800px\" \/><\/a><figcaption id=\"caption-attachment-2854794\" class=\"wp-caption-text\">Alexis Canett<\/figcaption><\/figure>\n<p>Ensenada, Baja California.- Alexis \u201cPillo\u201d Canett era esperado por un sector de la afici\u00f3n local que asisti\u00f3 a ver la funci\u00f3n que Zanfer present\u00f3 en Ensenada el s\u00e1bado.<\/p>\n<p>El peleador local cumpli\u00f3 durante la ceremonia de pesaje, pero su rival, Jos\u00e9 Salazar, no pudo participar en la cartelera con sede en el gimnasio Jos\u00e9 Reyes Ronfini de la delegaci\u00f3n ensenadense de Maneadero.<\/p>\n<p>Jos\u00e9 Guardado, entrenador de Canett, inform\u00f3 lo anterior y agreg\u00f3 que a su adversario \u201cse le baj\u00f3 la presi\u00f3n y el m\u00e9dico no le permiti\u00f3 pelear\u201d.<\/p>\n<p>Sin embargo, \u201c\u00b4Pillo\u00b4pelear\u00e1 en Tijuana dentro de dos semanas y dentro de algunos d\u00edas nos dir\u00e1n qui\u00e9n es el rival\u201d.<\/p>\n<p>Alexis Canett pele\u00f3 por \u00faltima vez en Ensenada contra Ezequiel Avil\u00e9s, quien le hab\u00eda concedido la revancha tras vencerlo, aunque ese combate, proyectado en marzo, no se concret\u00f3.<\/p>\n","protected":false},"excerpt":{"rendered":"<p>Ensenada, Baja California.- Alexis \u201cPillo\u201d Canett era esperado por un sector de la afici\u00f3n local&#8230;<\/p>\n","protected":false},"author":1,"featured_media":2854794,"comment_status":"closed","ping_status":"closed","sticky":false,"template":"","format":"standard","meta":{"footnotes":""},"categories":[1,36,7],"tags":[],"class_list":["post-2854792","post","type-post","status-publish","format-standard","has-post-thumbnail","hentry","category-uncategorized","category-boxeo","category-deportes"],"_links":{"self":[{"href":"https:\/\/agpnoticias.com\/news\/index.php?rest_route=\/wp\/v2\/posts\/2854792","targetHints":{"allow":["GET"]}}],"collection":[{"href":"https:\/\/agpnoticias.com\/news\/index.php?rest_route=\/wp\/v2\/posts"}],"about":[{"href":"https:\/\/agpnoticias.com\/news\/index.php?rest_route=\/wp\/v2\/types\/post"}],"author":[{"embeddable":true,"href":"https:\/\/agpnoticias.com\/news\/index.php?rest_route=\/wp\/v2\/users\/1"}],"replies":[{"embeddable":true,"href":"https:\/\/agpnoticias.com\/news\/index.php?rest_route=%2Fwp%2Fv2%2Fcomments&post=2854792"}],"version-history":[{"count":4,"href":"https:\/\/agpnoticias.com\/news\/index.php?rest_route=\/wp\/v2\/posts\/2854792\/revisions"}],"predecessor-version":[{"id":2854841,"href":"https:\/\/agpnoticias.com\/news\/index.php?rest_route=\/wp\/v2\/posts\/2854792\/revisions\/2854841"}],"wp:featuredmedia":[{"embeddable":true,"href":"https:\/\/agpnoticias.com\/news\/index.php?rest_route=\/wp\/v2\/media\/2854794"}],"wp:attachment":[{"href":"https:\/\/agpnoticias.com\/news\/index.php?rest_route=%2Fwp%2Fv2%2Fmedia&parent=2854792"}],"wp:term":[{"taxonomy":"category","embeddable":true,"href":"https:\/\/agpnoticias.com\/news\/index.php?rest_route=%2Fwp%2Fv2%2Fcategories&post=2854792"},{"taxonomy":"post_tag","embeddable":true,"href":"https:\/\/agpnoticias.com\/news\/index.php?rest_route=%2Fwp%2Fv2%2Ftags&post=2854792"}],"curies":[{"name":"wp","href":"https:\/\/api.w.org\/{rel}","templated":true}]}}