{"id":2854803,"date":"2016-02-09T22:10:29","date_gmt":"2016-02-10T06:10:29","guid":{"rendered":"http:\/\/agpnoticias.com\/news\/?p=2854803"},"modified":"2016-02-09T22:34:12","modified_gmt":"2016-02-10T06:34:12","slug":"kinky-le-pondra-sonido-a-la-presentacion-de-toros","status":"publish","type":"post","link":"https:\/\/agpnoticias.com\/news\/?p=2854803","title":{"rendered":"Kinky le pondr\u00e1 sonido a la presentaci\u00f3n de Toros"},"content":{"rendered":"<figure id=\"attachment_2854804\" aria-describedby=\"caption-attachment-2854804\" style=\"width: 800px\" class=\"wp-caption aligncenter\"><a href=\"http:\/\/agpnoticias.com\/news\/kinky-le-pondra-sonido-a-la-presentacion-de-toros\/el-1-de-abril-se-inaugurara-la-temporada-2016-de-los-toros-de-tijuana\/\" rel=\"attachment wp-att-2854804\"><img fetchpriority=\"high\" decoding=\"async\" class=\"size-full wp-image-2854804\" src=\"http:\/\/agpnoticias.com\/news\/wp-content\/uploads\/2016\/02\/El-1-de-abril-se-inaugurar\u00e1-la-temporada-2016-de-los-Toros-de-Tijuana-e1455085512628.jpg\" alt=\"El 1 de abril se inaugurar\u00e1 la temporada 2016 de los Toros de Tijuana\" width=\"800\" height=\"534\" \/><\/a><figcaption id=\"caption-attachment-2854804\" class=\"wp-caption-text\">El 1 de abril se inaugurar\u00e1 la temporada 2016 de los Toros de Tijuana<\/figcaption><\/figure>\n<p><span class=\"il\">Tijuana<\/span>, Baja California (TorosDeTijuana.com \u2013 Armando Esquivel).-\u00a0 El estadio Gasmart retumbar\u00e1 una vez m\u00e1s, en esta ocasi\u00f3n ser\u00e1 la m\u00fasica <span class=\"il\">de<\/span> Kinky la que har\u00e1 vibrar a <span class=\"il\">Tijuana<\/span>, durante la ceremonia inaugural<span class=\"il\">de<\/span> la temporada 2016 <span class=\"il\">de<\/span> la Liga Mexicana <span class=\"il\">de<\/span> B\u00e9isbol, pactada para el viernes 1\u00a0<span class=\"il\">de<\/span> abril a\u00a0partir <span class=\"il\">de<\/span> las 19:00 horas, en un evento presentado por TECATE.<\/p>\n<p>La agrupaci\u00f3n regiomontana, cargar\u00e1 con la parte fuerte del show, en una ceremonia que ser\u00e1 inolvidable para las 17 mil personas que se den cita a la puesta en marcha <span class=\"il\">de<\/span> una campa\u00f1a m\u00e1s en la liga <span class=\"il\">de<\/span> m\u00e1s historia en el b\u00e9isbol mexicano.<\/p>\n<p>El quinteto que combina acordes <span class=\"il\">de<\/span> m\u00fasica electr\u00f3nica, rock, techno, dance, funk, salsa e indie y que cuenta con un amplio repertorio <span class=\"il\">de<\/span> siete obras discogr\u00e1ficas, confirm\u00f3 ya su participaci\u00f3n en la fiesta <span class=\"il\">de<\/span> inauguraci\u00f3n <span class=\"il\">de<\/span> <span class=\"il\">Toros<\/span><span class=\"il\">de<\/span> <span class=\"il\">Tijuana<\/span>, donde romper\u00e1n el silencio y aumentar\u00e1n los decibeles con algunos\u00a0<span class=\"il\">de<\/span> sus m\u00e1s grandes \u00e9xitos.<\/p>\n<p>Los interpretes <span class=\"il\">de<\/span> melod\u00edas como \u201cM\u00e1s\u201d, \u201cPresidente\u201d, \u201c\u00bfA d\u00f3nde van los muertos?\u201d, \u201cSoun tha mi primer amor\u201d, \u201cSister Twisted\u201d y \u201cDespu\u00e9s del After\u201d, arribar\u00e1n con toda la fuerza que los ha llevado a consolidarse como una <span class=\"il\">de<\/span> las agrupaciones m\u00e1s importantes <span class=\"il\">de<\/span> la escena latinoamericana y con varias nominaciones al premio Grammy en su exitoso historial.<\/p>\n<p>La \u201cM\u00e1quina\u201d, nombre alterno con el que se le conoce tambi\u00e9n a Kinky, ser\u00e1 la segunda banda con credenciales internacionales, que actuar\u00e1 en una inauguraci\u00f3n <span class=\"il\">de<\/span> <span class=\"il\">Toros<\/span> <span class=\"il\">de<\/span> <span class=\"il\">Tijuana<\/span>, ya que el 3 <span class=\"il\">de<\/span> abril del 2015 el Colectivo Nortec encabez\u00f3 la celebraci\u00f3n <span class=\"il\">de<\/span> apertura <span class=\"il\">de<\/span> la campa\u00f1a pasada.<\/p>\n<p>La banda integrada por el vocalista Gilberto Cerezo, el tecladista Ulises Lozano, el guitarrista Carlos Ch\u00e1irez, el baterista Omar G\u00f3ngora y el bajista C\u00e9sar Pliego estar\u00e1n en <span class=\"il\">Tijuana<\/span> en los pr\u00f3ximos d\u00edas para encabezar una rueda <span class=\"il\">de<\/span>prensa en la que dar\u00e1n a conocer todos los detalles <span class=\"il\">de<\/span> su actuaci\u00f3n en este magno festejo deportivo.<\/p>\n<p>Ahora todo est\u00e1 ya dispuesto para otra noche que pasar\u00e1 a la historia con un espect\u00e1culo que incluir\u00e1 b\u00e9isbol, m\u00fasica, luces, colores y un toque <span class=\"il\">de<\/span> magia, conjug\u00e1ndose en una puesta en escena nunca antes vista en eventos deportivos <span class=\"il\">de<\/span> la regi\u00f3n y con esto, <span class=\"il\">Toros<\/span> <span class=\"il\">de<\/span> <span class=\"il\">Tijuana<\/span> confirma su compromiso\u00a0<span class=\"il\">de<\/span> presentar grandes funciones que ya marcaron un compromiso, un precedente y una costumbre en el pa\u00eds.<\/p>\n<p><a href=\"http:\/\/agpnoticias.com\/news\/kinky-le-pondra-sonido-a-la-presentacion-de-toros\/kinky\/\" rel=\"attachment wp-att-2854808\"><img decoding=\"async\" class=\"aligncenter size-full wp-image-2854808\" src=\"http:\/\/agpnoticias.com\/news\/wp-content\/uploads\/2016\/02\/Kinky.png\" alt=\"Kinky\" width=\"1200\" height=\"1200\" srcset=\"https:\/\/agpnoticias.com\/news\/wp-content\/uploads\/2016\/02\/Kinky.png 1200w, https:\/\/agpnoticias.com\/news\/wp-content\/uploads\/2016\/02\/Kinky-300x300.png 300w, https:\/\/agpnoticias.com\/news\/wp-content\/uploads\/2016\/02\/Kinky-400x400.png 400w, https:\/\/agpnoticias.com\/news\/wp-content\/uploads\/2016\/02\/Kinky-768x768.png 768w, https:\/\/agpnoticias.com\/news\/wp-content\/uploads\/2016\/02\/Kinky-810x810.png 810w, https:\/\/agpnoticias.com\/news\/wp-content\/uploads\/2016\/02\/Kinky-600x600.png 600w, https:\/\/agpnoticias.com\/news\/wp-content\/uploads\/2016\/02\/Kinky-1024x1024.png 1024w, https:\/\/agpnoticias.com\/news\/wp-content\/uploads\/2016\/02\/Kinky-120x120.png 120w\" sizes=\"(max-width: 1200px) 100vw, 1200px\" \/><\/a><\/p>\n","protected":false},"excerpt":{"rendered":"<p>Tijuana, Baja California (TorosDeTijuana.com \u2013 Armando Esquivel).-\u00a0 El estadio Gasmart retumbar\u00e1 una vez m\u00e1s, en&#8230;<\/p>\n","protected":false},"author":1,"featured_media":2854808,"comment_status":"closed","ping_status":"closed","sticky":false,"template":"","format":"standard","meta":{"footnotes":""},"categories":[1,30,7,159],"tags":[],"class_list":["post-2854803","post","type-post","status-publish","format-standard","has-post-thumbnail","hentry","category-uncategorized","category-beisbol","category-deportes","category-toros-de-tijuana"],"_links":{"self":[{"href":"https:\/\/agpnoticias.com\/news\/index.php?rest_route=\/wp\/v2\/posts\/2854803","targetHints":{"allow":["GET"]}}],"collection":[{"href":"https:\/\/agpnoticias.com\/news\/index.php?rest_route=\/wp\/v2\/posts"}],"about":[{"href":"https:\/\/agpnoticias.com\/news\/index.php?rest_route=\/wp\/v2\/types\/post"}],"author":[{"embeddable":true,"href":"https:\/\/agpnoticias.com\/news\/index.php?rest_route=\/wp\/v2\/users\/1"}],"replies":[{"embeddable":true,"href":"https:\/\/agpnoticias.com\/news\/index.php?rest_route=%2Fwp%2Fv2%2Fcomments&post=2854803"}],"version-history":[{"count":4,"href":"https:\/\/agpnoticias.com\/news\/index.php?rest_route=\/wp\/v2\/posts\/2854803\/revisions"}],"predecessor-version":[{"id":2854810,"href":"https:\/\/agpnoticias.com\/news\/index.php?rest_route=\/wp\/v2\/posts\/2854803\/revisions\/2854810"}],"wp:featuredmedia":[{"embeddable":true,"href":"https:\/\/agpnoticias.com\/news\/index.php?rest_route=\/wp\/v2\/media\/2854808"}],"wp:attachment":[{"href":"https:\/\/agpnoticias.com\/news\/index.php?rest_route=%2Fwp%2Fv2%2Fmedia&parent=2854803"}],"wp:term":[{"taxonomy":"category","embeddable":true,"href":"https:\/\/agpnoticias.com\/news\/index.php?rest_route=%2Fwp%2Fv2%2Fcategories&post=2854803"},{"taxonomy":"post_tag","embeddable":true,"href":"https:\/\/agpnoticias.com\/news\/index.php?rest_route=%2Fwp%2Fv2%2Ftags&post=2854803"}],"curies":[{"name":"wp","href":"https:\/\/api.w.org\/{rel}","templated":true}]}}