{"id":2855859,"date":"2016-03-01T21:57:09","date_gmt":"2016-03-02T05:57:09","guid":{"rendered":"http:\/\/agpnoticias.com\/news\/?p=2855859"},"modified":"2016-03-01T21:57:50","modified_gmt":"2016-03-02T05:57:50","slug":"se-acabaron-las-vacaciones-tiburones-blancos-a-los-cabos","status":"publish","type":"post","link":"https:\/\/agpnoticias.com\/news\/?p=2855859","title":{"rendered":"Se acabaron las vacaciones; Tiburones Blancos a Los Cabos"},"content":{"rendered":"<figure id=\"attachment_2855860\" aria-describedby=\"caption-attachment-2855860\" style=\"width: 800px\" class=\"wp-caption alignright\"><a href=\"http:\/\/agpnoticias.com\/news\/se-acabaron-las-vacaciones-tiburones-blancos-a-los-cabos\/sony-dsc-1283\/\" rel=\"attachment wp-att-2855860\"><img fetchpriority=\"high\" decoding=\"async\" class=\"size-full wp-image-2855860\" src=\"http:\/\/agpnoticias.com\/news\/wp-content\/uploads\/2016\/03\/Los-Tiburones-Blancos-de-Ensenada-trabajaron-rumbo-al-partido-que-abrir\u00e1-la-segunda-vuelta.jpg\" alt=\"Los Tiburones Blancos de Ensenada trabajaron rumbo al partido que abrir\u00e1 la segunda vuelta\" width=\"800\" height=\"441\" srcset=\"https:\/\/agpnoticias.com\/news\/wp-content\/uploads\/2016\/03\/Los-Tiburones-Blancos-de-Ensenada-trabajaron-rumbo-al-partido-que-abrir\u00e1-la-segunda-vuelta.jpg 800w, https:\/\/agpnoticias.com\/news\/wp-content\/uploads\/2016\/03\/Los-Tiburones-Blancos-de-Ensenada-trabajaron-rumbo-al-partido-que-abrir\u00e1-la-segunda-vuelta-768x423.jpg 768w, https:\/\/agpnoticias.com\/news\/wp-content\/uploads\/2016\/03\/Los-Tiburones-Blancos-de-Ensenada-trabajaron-rumbo-al-partido-que-abrir\u00e1-la-segunda-vuelta-600x331.jpg 600w\" sizes=\"(max-width: 800px) 100vw, 800px\" \/><\/a><figcaption id=\"caption-attachment-2855860\" class=\"wp-caption-text\">Los Tiburones Blancos de Ensenada trabajaron rumbo al partido que abrir\u00e1 la segunda vuelta<\/figcaption><\/figure>\n<p>Ensenada, Baja California.- Sin el t\u00e9cnico Joel Esquivias, ausente por motivos personales, los Tiburones Blancos de Ensenada entrenan a unos d\u00edas de su regreso para disputar la segunda vuelta del torneo de la Tercera Divisi\u00f3n.<\/p>\n<p>El conjunto que concluy\u00f3 la primera vuelta en el quinto lugar del Grupo XIII con 15 puntos visitar\u00e1 el s\u00e1bado a Guerreros Pericues en Los Cabos, Baja California Sur.<\/p>\n<p>\u201cEstamos ajustando algunas cosas. Seguimos trabajando y tenemos tiempo para todav\u00eda entrenar jugadas a bal\u00f3n parado, que es lo que nos falta\u201d, dijo Alfonso \u201cShaggy\u201d Loera.<\/p>\n<figure id=\"attachment_2855861\" aria-describedby=\"caption-attachment-2855861\" style=\"width: 330px\" class=\"wp-caption alignright\"><a href=\"http:\/\/agpnoticias.com\/news\/se-acabaron-las-vacaciones-tiburones-blancos-a-los-cabos\/alfonso-loera-auxiliar-tecnico-dirigio-la-practica-de-martes\/\" rel=\"attachment wp-att-2855861\"><img decoding=\"async\" class=\"size-full wp-image-2855861\" src=\"http:\/\/agpnoticias.com\/news\/wp-content\/uploads\/2016\/03\/Alfonso-Loera-auxiliar-t\u00e9cnico-dirigi\u00f3-la-pr\u00e1ctica-de-martes-e1456897101505.jpg\" alt=\"Alfonso Loera, auxiliar t\u00e9cnico, dirigi\u00f3 la pr\u00e1ctica de martes\" width=\"330\" height=\"220\" \/><\/a><figcaption id=\"caption-attachment-2855861\" class=\"wp-caption-text\">Alfonso Loera, auxiliar t\u00e9cnico, dirigi\u00f3 la pr\u00e1ctica de martes<\/figcaption><\/figure>\n<p>El auxiliar t\u00e9cnico del equipo local adelant\u00f3 que el delantero Luis \u00c1ngel Zamorano y el mediocampista Edson Durazo se encuentran en proceso de recuperaci\u00f3n y a\u00fan no podr\u00edan ser confirmados entre los jugadores que viajar\u00e1n.<\/p>\n<p>\u201cZamorano se lastim\u00f3 el tobillo y Edson est\u00e1 con problemas de rodilla\u201d, agreg\u00f3.<\/p>\n<p>En torno al repunte de Guerreros Pericues, que, luego de caer en Ensenada el primer juego del torneo por 4-0, al final se coloc\u00f3 en el tercer lugar con 19 unidades antes de la pausa entre una vuelta y la otra.<\/p>\n<p>\u201cLa primera vuelta aprovechamos la local\u00eda, pero ahora est\u00e1n en zona de calificaci\u00f3nY \u00a0nosotros bajamos un poco; eso nos afect\u00f3 en la tabla. Saldremos a ganar de visita porque queremos empezar con el pie derecho\u201d, indic\u00f3.<\/p>\n<p>El ex jugador de las Chivas Rayadas del Guadalajara consider\u00f3 que el plantel ha sido redondeado para pelear por uno de los cuatro lugares reservados dentro del grupo hacia la liguilla.<\/p>\n<p>\u201cEstamos bien con los refuerzos que llegaron y s\u00f3lo son detalles los que nos faltan para no dejar espacios\u201d, apunt\u00f3.<\/p>\n<p>Sobre la ausencia de Joel Esquivias, dijo: \u201cEl profe est\u00e1 pasadndo por un momento dif\u00edcil. Nosotros seguiremos trabajando y ojal\u00e1 pueda estar de regreso el d\u00eda del juego. Si no es as\u00ed, nos encargaremos de buscar los tres puntos\u201d.<\/p>\n<figure id=\"attachment_2855862\" aria-describedby=\"caption-attachment-2855862\" style=\"width: 800px\" class=\"wp-caption aligncenter\"><a href=\"http:\/\/agpnoticias.com\/news\/se-acabaron-las-vacaciones-tiburones-blancos-a-los-cabos\/los-tiburones-visitaran-a-guerreros-pericues-en-la-reanudacion-del-torneo-de-la-tercera-division\/\" rel=\"attachment wp-att-2855862\"><img decoding=\"async\" class=\"size-full wp-image-2855862\" src=\"http:\/\/agpnoticias.com\/news\/wp-content\/uploads\/2016\/03\/Los-Tiburones-visitar\u00e1n-a-Guerreros-Pericues-en-la-reanudaci\u00f3n-del-torneo-de-la-Tercera-Divisi\u00f3n.jpg\" alt=\"Los Tiburones visitar\u00e1n a Guerreros Pericues en la reanudaci\u00f3n del torneo de la Tercera Divisi\u00f3n\" width=\"800\" height=\"537\" srcset=\"https:\/\/agpnoticias.com\/news\/wp-content\/uploads\/2016\/03\/Los-Tiburones-visitar\u00e1n-a-Guerreros-Pericues-en-la-reanudaci\u00f3n-del-torneo-de-la-Tercera-Divisi\u00f3n.jpg 800w, https:\/\/agpnoticias.com\/news\/wp-content\/uploads\/2016\/03\/Los-Tiburones-visitar\u00e1n-a-Guerreros-Pericues-en-la-reanudaci\u00f3n-del-torneo-de-la-Tercera-Divisi\u00f3n-768x516.jpg 768w, https:\/\/agpnoticias.com\/news\/wp-content\/uploads\/2016\/03\/Los-Tiburones-visitar\u00e1n-a-Guerreros-Pericues-en-la-reanudaci\u00f3n-del-torneo-de-la-Tercera-Divisi\u00f3n-600x403.jpg 600w\" sizes=\"(max-width: 800px) 100vw, 800px\" \/><\/a><figcaption id=\"caption-attachment-2855862\" class=\"wp-caption-text\">Los Tiburones visitar\u00e1n a Guerreros Pericues en la reanudaci\u00f3n del torneo de la Tercera Divisi\u00f3n<\/figcaption><\/figure>\n","protected":false},"excerpt":{"rendered":"<p>Ensenada, Baja California.- Sin el t\u00e9cnico Joel Esquivias, ausente por motivos personales, los Tiburones Blancos&#8230;<\/p>\n","protected":false},"author":1,"featured_media":2855860,"comment_status":"closed","ping_status":"closed","sticky":false,"template":"","format":"standard","meta":{"footnotes":""},"categories":[1,7,32],"tags":[],"class_list":["post-2855859","post","type-post","status-publish","format-standard","has-post-thumbnail","hentry","category-uncategorized","category-deportes","category-soccer"],"_links":{"self":[{"href":"https:\/\/agpnoticias.com\/news\/index.php?rest_route=\/wp\/v2\/posts\/2855859","targetHints":{"allow":["GET"]}}],"collection":[{"href":"https:\/\/agpnoticias.com\/news\/index.php?rest_route=\/wp\/v2\/posts"}],"about":[{"href":"https:\/\/agpnoticias.com\/news\/index.php?rest_route=\/wp\/v2\/types\/post"}],"author":[{"embeddable":true,"href":"https:\/\/agpnoticias.com\/news\/index.php?rest_route=\/wp\/v2\/users\/1"}],"replies":[{"embeddable":true,"href":"https:\/\/agpnoticias.com\/news\/index.php?rest_route=%2Fwp%2Fv2%2Fcomments&post=2855859"}],"version-history":[{"count":2,"href":"https:\/\/agpnoticias.com\/news\/index.php?rest_route=\/wp\/v2\/posts\/2855859\/revisions"}],"predecessor-version":[{"id":2855864,"href":"https:\/\/agpnoticias.com\/news\/index.php?rest_route=\/wp\/v2\/posts\/2855859\/revisions\/2855864"}],"wp:featuredmedia":[{"embeddable":true,"href":"https:\/\/agpnoticias.com\/news\/index.php?rest_route=\/wp\/v2\/media\/2855860"}],"wp:attachment":[{"href":"https:\/\/agpnoticias.com\/news\/index.php?rest_route=%2Fwp%2Fv2%2Fmedia&parent=2855859"}],"wp:term":[{"taxonomy":"category","embeddable":true,"href":"https:\/\/agpnoticias.com\/news\/index.php?rest_route=%2Fwp%2Fv2%2Fcategories&post=2855859"},{"taxonomy":"post_tag","embeddable":true,"href":"https:\/\/agpnoticias.com\/news\/index.php?rest_route=%2Fwp%2Fv2%2Ftags&post=2855859"}],"curies":[{"name":"wp","href":"https:\/\/api.w.org\/{rel}","templated":true}]}}