{"id":2855865,"date":"2016-03-01T21:51:42","date_gmt":"2016-03-02T05:51:42","guid":{"rendered":"http:\/\/agpnoticias.com\/news\/?p=2855865"},"modified":"2016-03-01T21:51:44","modified_gmt":"2016-03-02T05:51:44","slug":"en-espera-de-la-fiera","status":"publish","type":"post","link":"https:\/\/agpnoticias.com\/news\/?p=2855865","title":{"rendered":"En espera de La Fiera"},"content":{"rendered":"<figure id=\"attachment_2855867\" aria-describedby=\"caption-attachment-2855867\" style=\"width: 800px\" class=\"wp-caption aligncenter\"><a href=\"http:\/\/agpnoticias.com\/news\/en-espera-de-la-fiera\/los-xolos-entrenaron-en-la-cancha-del-estadio-caliente-donde-este-viernes-recibiran-a-leon\/\" rel=\"attachment wp-att-2855867\"><img fetchpriority=\"high\" decoding=\"async\" class=\"size-full wp-image-2855867\" src=\"http:\/\/agpnoticias.com\/news\/wp-content\/uploads\/2016\/03\/Los-Xolos-entrenaron-en-la-cancha-del-Estadio-Caliente-donde-este-viernes-recibir\u00e1n-a-Le\u00f3n.jpg\" alt=\"Los Xolos entrenaron en la cancha del Estadio Caliente, donde este viernes recibir\u00e1n a Le\u00f3n\" width=\"800\" height=\"533\" srcset=\"https:\/\/agpnoticias.com\/news\/wp-content\/uploads\/2016\/03\/Los-Xolos-entrenaron-en-la-cancha-del-Estadio-Caliente-donde-este-viernes-recibir\u00e1n-a-Le\u00f3n.jpg 800w, https:\/\/agpnoticias.com\/news\/wp-content\/uploads\/2016\/03\/Los-Xolos-entrenaron-en-la-cancha-del-Estadio-Caliente-donde-este-viernes-recibir\u00e1n-a-Le\u00f3n-768x512.jpg 768w, https:\/\/agpnoticias.com\/news\/wp-content\/uploads\/2016\/03\/Los-Xolos-entrenaron-en-la-cancha-del-Estadio-Caliente-donde-este-viernes-recibir\u00e1n-a-Le\u00f3n-600x400.jpg 600w\" sizes=\"(max-width: 800px) 100vw, 800px\" \/><\/a><figcaption id=\"caption-attachment-2855867\" class=\"wp-caption-text\">Los Xolos entrenaron en la cancha del Estadio Caliente, donde este viernes recibir\u00e1n a Le\u00f3n<\/figcaption><\/figure>\n<p>Tijuana, Baja California.- Los Xoloitzcuintles regresaron a los entrenamientos este martes en la Frontera Norte con miras al pr\u00f3ximo enfrentamiento de la LIGA MX en el que recibir\u00e1n en el Estadio Caliente al Club Le\u00f3n (viernes 4 de Marzo, 19:30 horas Pac\u00edfico) en la Fecha 9 del Clausura 2016.<\/p>\n<p>Los Rojinegros realizaron un entrenamiento basado en la recuperaci\u00f3n f\u00edsica tras dejar atr\u00e1s el complicado regreso de Guadalajara el reci\u00e9n pasado lunes, ya que las condiciones climatol\u00f3gicas no permitieron aterrizar en la Frontera el domingo por la noche, lo que propici\u00f3 una espera de casi 15 horas para el regreso a casa.<\/p>\n<p>Al final de la sesi\u00f3n de recuperaci\u00f3n, los Canes Aztecas tuvieron un interescuadras recreativo en el que se pudo ver a los porteros Federico Vilar y Gibran Lajud jugando en el campo, as\u00ed como a Fernando Arce Jr. y Michael Orozco como porteros en la pr\u00e1ctica.<\/p>\n<p>Este mi\u00e9rcoles los Xoloitzcuintles volver\u00e1n a los entrenamientos por la tarde en la cancha del Mictl\u00e1n.<\/p>\n<figure id=\"attachment_2855868\" aria-describedby=\"caption-attachment-2855868\" style=\"width: 800px\" class=\"wp-caption aligncenter\"><a href=\"http:\/\/agpnoticias.com\/news\/en-espera-de-la-fiera\/el-club-tijuana-busca-su-primera-victoria-en-casa\/\" rel=\"attachment wp-att-2855868\"><img decoding=\"async\" class=\"size-full wp-image-2855868\" src=\"http:\/\/agpnoticias.com\/news\/wp-content\/uploads\/2016\/03\/El-Club-Tijuana-busca-su-primera-victoria-en-casa.jpg\" alt=\"El Club Tijuana busca su primera victoria en casa\" width=\"800\" height=\"358\" srcset=\"https:\/\/agpnoticias.com\/news\/wp-content\/uploads\/2016\/03\/El-Club-Tijuana-busca-su-primera-victoria-en-casa.jpg 800w, https:\/\/agpnoticias.com\/news\/wp-content\/uploads\/2016\/03\/El-Club-Tijuana-busca-su-primera-victoria-en-casa-768x344.jpg 768w, https:\/\/agpnoticias.com\/news\/wp-content\/uploads\/2016\/03\/El-Club-Tijuana-busca-su-primera-victoria-en-casa-600x269.jpg 600w\" sizes=\"(max-width: 800px) 100vw, 800px\" \/><\/a><figcaption id=\"caption-attachment-2855868\" class=\"wp-caption-text\">El Club Tijuana busca su primera victoria en casa<\/figcaption><\/figure>\n<p><em>Informaci\u00f3n y fotograf\u00edas: Club Tijuana Xoloitzcuintles de Caliente.<\/em><\/p>\n","protected":false},"excerpt":{"rendered":"<p>Tijuana, Baja California.- Los Xoloitzcuintles regresaron a los entrenamientos este martes en la Frontera Norte&#8230;<\/p>\n","protected":false},"author":1,"featured_media":2855868,"comment_status":"closed","ping_status":"closed","sticky":false,"template":"","format":"standard","meta":{"footnotes":""},"categories":[1,7,32,405,17],"tags":[],"class_list":["post-2855865","post","type-post","status-publish","format-standard","has-post-thumbnail","hentry","category-uncategorized","category-deportes","category-soccer","category-sin-categoria-es","category-xolos-de-tijuana"],"_links":{"self":[{"href":"https:\/\/agpnoticias.com\/news\/index.php?rest_route=\/wp\/v2\/posts\/2855865","targetHints":{"allow":["GET"]}}],"collection":[{"href":"https:\/\/agpnoticias.com\/news\/index.php?rest_route=\/wp\/v2\/posts"}],"about":[{"href":"https:\/\/agpnoticias.com\/news\/index.php?rest_route=\/wp\/v2\/types\/post"}],"author":[{"embeddable":true,"href":"https:\/\/agpnoticias.com\/news\/index.php?rest_route=\/wp\/v2\/users\/1"}],"replies":[{"embeddable":true,"href":"https:\/\/agpnoticias.com\/news\/index.php?rest_route=%2Fwp%2Fv2%2Fcomments&post=2855865"}],"version-history":[{"count":3,"href":"https:\/\/agpnoticias.com\/news\/index.php?rest_route=\/wp\/v2\/posts\/2855865\/revisions"}],"predecessor-version":[{"id":2855870,"href":"https:\/\/agpnoticias.com\/news\/index.php?rest_route=\/wp\/v2\/posts\/2855865\/revisions\/2855870"}],"wp:featuredmedia":[{"embeddable":true,"href":"https:\/\/agpnoticias.com\/news\/index.php?rest_route=\/wp\/v2\/media\/2855868"}],"wp:attachment":[{"href":"https:\/\/agpnoticias.com\/news\/index.php?rest_route=%2Fwp%2Fv2%2Fmedia&parent=2855865"}],"wp:term":[{"taxonomy":"category","embeddable":true,"href":"https:\/\/agpnoticias.com\/news\/index.php?rest_route=%2Fwp%2Fv2%2Fcategories&post=2855865"},{"taxonomy":"post_tag","embeddable":true,"href":"https:\/\/agpnoticias.com\/news\/index.php?rest_route=%2Fwp%2Fv2%2Ftags&post=2855865"}],"curies":[{"name":"wp","href":"https:\/\/api.w.org\/{rel}","templated":true}]}}