{"id":2855871,"date":"2016-03-01T22:23:29","date_gmt":"2016-03-02T06:23:29","guid":{"rendered":"http:\/\/agpnoticias.com\/news\/?p=2855871"},"modified":"2016-03-01T22:25:47","modified_gmt":"2016-03-02T06:25:47","slug":"un-historico-de-marineros-hizo-alto-en-ensenada-antes-de-reportar-con-rieleros","status":"publish","type":"post","link":"https:\/\/agpnoticias.com\/news\/?p=2855871","title":{"rendered":"Un hist\u00f3rico de Marineros hizo alto en Ensenada antes de reportar con Rieleros"},"content":{"rendered":"<figure id=\"attachment_2855873\" aria-describedby=\"caption-attachment-2855873\" style=\"width: 800px\" class=\"wp-caption aligncenter\"><a href=\"http:\/\/agpnoticias.com\/news\/un-historico-de-marineros-hizo-alto-en-ensenada-antes-de-reportar-con-rieleros\/noel-montoya-recibio-a-danny-nunez\/\" rel=\"attachment wp-att-2855873\"><img fetchpriority=\"high\" decoding=\"async\" class=\"size-full wp-image-2855873\" src=\"http:\/\/agpnoticias.com\/news\/wp-content\/uploads\/2016\/03\/Noel-Montoya-recibi\u00f3-a-Danny-N\u00fa\u00f1ez.jpg\" alt=\"Noel Montoya recibi\u00f3 a Danny N\u00fa\u00f1ez\" width=\"800\" height=\"562\" srcset=\"https:\/\/agpnoticias.com\/news\/wp-content\/uploads\/2016\/03\/Noel-Montoya-recibi\u00f3-a-Danny-N\u00fa\u00f1ez.jpg 800w, https:\/\/agpnoticias.com\/news\/wp-content\/uploads\/2016\/03\/Noel-Montoya-recibi\u00f3-a-Danny-N\u00fa\u00f1ez-768x540.jpg 768w, https:\/\/agpnoticias.com\/news\/wp-content\/uploads\/2016\/03\/Noel-Montoya-recibi\u00f3-a-Danny-N\u00fa\u00f1ez-600x422.jpg 600w\" sizes=\"(max-width: 800px) 100vw, 800px\" \/><\/a><figcaption id=\"caption-attachment-2855873\" class=\"wp-caption-text\">Noel Montoya recibi\u00f3 a Danny N\u00fa\u00f1ez<\/figcaption><\/figure>\n<p>Ensenada, Baja California.- Horas antes de reportar con Rieleros de Aguascalientes, Danny N\u00fa\u00f1ez hizo una parada en la ciudad donde conoci\u00f3 lo que es jugar pelota profesional cuando milit\u00f3 en los Marineros: Ensenada.<\/p>\n<p>Justo en ese equipo conoci\u00f3 a Noel Montoya, ahora propietario de la Academia MG, quien lo invit\u00f3 a convivir con los beisbolistas infantiles y juveniles que ah\u00ed trabajan a diario.<\/p>\n<p>\u201cVine especialmente a la Academia con Noel para entrenar y platicar con los ni\u00f1os de mi experiencia. Pero ya estoy por regresar con Rieleros, a donde llegu\u00e9 de Tabasco a pr\u00e9stamo en 2015; en invierno se hizo el cambio definitivo, as\u00ed que vamos con toda la actitud a Aguascalientes.<\/p>\n<figure id=\"attachment_2855875\" aria-describedby=\"caption-attachment-2855875\" style=\"width: 412px\" class=\"wp-caption alignright\"><a href=\"http:\/\/agpnoticias.com\/news\/un-historico-de-marineros-hizo-alto-en-ensenada-antes-de-reportar-con-rieleros\/el-jugador-de-rieleros-ya-reporto-con-el-equipo-luego-de-visitar-a-ensenada\/\" rel=\"attachment wp-att-2855875\"><img decoding=\"async\" class=\"size-full wp-image-2855875\" src=\"http:\/\/agpnoticias.com\/news\/wp-content\/uploads\/2016\/03\/El-jugador-de-Rieleros-ya-report\u00f3-con-el-equipo-luego-de-visitar-a-Ensenada.jpg\" alt=\"El jugador de Rieleros ya report\u00f3 con el equipo, luego de visitar a Ensenada\" width=\"412\" height=\"640\" \/><\/a><figcaption id=\"caption-attachment-2855875\" class=\"wp-caption-text\">El jugador de Rieleros ya report\u00f3 con el equipo, luego de visitar a Ensenada<\/figcaption><\/figure>\n<p>\u201cEl a\u00f1o pasado mi promedio estuvo bajo con Tabasco, pero en Aguascalientes mejor\u00e9 y lo levant\u00e9; al final, termin\u00f3 siendo una muy buena temporada\u201d, coment\u00f3 el fielder de origen tijuanense.<\/p>\n<p>Sobre el cambio, agreg\u00f3: \u201cEn Olmecas estuve c\u00f3modo y me fui agradecido, pero ya me hac\u00eda falta el cambio. En Aguascalientes el parque se presta m\u00e1s para el bateo y el clima es parecido al de ac\u00e1\u201d.<\/p>\n<p>Danny N\u00fa\u00f1ez pronostic\u00f3 que los Rieleros \u201cest\u00e1n muy bien\u201d armados para competir por el pase a los playoffs de la Liga Mexicana de Beisbol.<\/p>\n<p>\u201cTerminamos fuertes despu\u00e9s de una mala racha que afect\u00f3 para quedar fuera de playoffs. En esta ocasi\u00f3n pienso que se hicieron buenos movimientos y que estaremos en los primeros planos con el objetivo de postemporada\u201d, confi\u00f3.<\/p>\n<p>De su paso por Ensenada a mediados de la d\u00e9cada pasada, el tambi\u00e9n ex integrante de los desaparecidos Potrosw de Tijuana tuvo palabras de elogio tanto a la organizaci\u00f3n como a la directiva de Marineros.<\/p>\n<p>\u201cSiempre estuve muy contento de mi paso por Marineros, ya que aqu\u00ed aprend\u00ed a jugar diario. Fui campe\u00f3n despu\u00e9s de llegar sin experiencia profesional y siempre estar\u00e9 agradecido porque me dieron parte de mi formaci\u00f3n. El equipo siempre est\u00e1 en mi coraz\u00f3n\u201d, reconoci\u00f3.<\/p>\n<figure id=\"attachment_2855874\" aria-describedby=\"caption-attachment-2855874\" style=\"width: 800px\" class=\"wp-caption aligncenter\"><a href=\"http:\/\/agpnoticias.com\/news\/un-historico-de-marineros-hizo-alto-en-ensenada-antes-de-reportar-con-rieleros\/el-staff-de-la-academia-mg-le-dio-la-bienvenida-a-danny-nunez\/\" rel=\"attachment wp-att-2855874\"><img decoding=\"async\" class=\"size-full wp-image-2855874\" src=\"http:\/\/agpnoticias.com\/news\/wp-content\/uploads\/2016\/03\/El-staff-de-la-Academia-MG-le-dio-la-bienvenida-a-Danny-N\u00fa\u00f1ez.jpg\" alt=\"El staff de la Academia MG le dio la bienvenida a Danny N\u00fa\u00f1ez\" width=\"800\" height=\"533\" srcset=\"https:\/\/agpnoticias.com\/news\/wp-content\/uploads\/2016\/03\/El-staff-de-la-Academia-MG-le-dio-la-bienvenida-a-Danny-N\u00fa\u00f1ez.jpg 800w, https:\/\/agpnoticias.com\/news\/wp-content\/uploads\/2016\/03\/El-staff-de-la-Academia-MG-le-dio-la-bienvenida-a-Danny-N\u00fa\u00f1ez-768x512.jpg 768w, https:\/\/agpnoticias.com\/news\/wp-content\/uploads\/2016\/03\/El-staff-de-la-Academia-MG-le-dio-la-bienvenida-a-Danny-N\u00fa\u00f1ez-600x400.jpg 600w\" sizes=\"(max-width: 800px) 100vw, 800px\" \/><\/a><figcaption id=\"caption-attachment-2855874\" class=\"wp-caption-text\">El staff de la Academia MG le dio la bienvenida a Danny N\u00fa\u00f1ez<\/figcaption><\/figure>\n","protected":false},"excerpt":{"rendered":"<p>Ensenada, Baja California.- Horas antes de reportar con Rieleros de Aguascalientes, Danny N\u00fa\u00f1ez hizo una&#8230;<\/p>\n","protected":false},"author":1,"featured_media":2855878,"comment_status":"closed","ping_status":"closed","sticky":false,"template":"","format":"standard","meta":{"footnotes":""},"categories":[1,30,7,18],"tags":[],"class_list":["post-2855871","post","type-post","status-publish","format-standard","has-post-thumbnail","hentry","category-uncategorized","category-beisbol","category-deportes","category-marineros-de-ensenada"],"_links":{"self":[{"href":"https:\/\/agpnoticias.com\/news\/index.php?rest_route=\/wp\/v2\/posts\/2855871","targetHints":{"allow":["GET"]}}],"collection":[{"href":"https:\/\/agpnoticias.com\/news\/index.php?rest_route=\/wp\/v2\/posts"}],"about":[{"href":"https:\/\/agpnoticias.com\/news\/index.php?rest_route=\/wp\/v2\/types\/post"}],"author":[{"embeddable":true,"href":"https:\/\/agpnoticias.com\/news\/index.php?rest_route=\/wp\/v2\/users\/1"}],"replies":[{"embeddable":true,"href":"https:\/\/agpnoticias.com\/news\/index.php?rest_route=%2Fwp%2Fv2%2Fcomments&post=2855871"}],"version-history":[{"count":3,"href":"https:\/\/agpnoticias.com\/news\/index.php?rest_route=\/wp\/v2\/posts\/2855871\/revisions"}],"predecessor-version":[{"id":2855877,"href":"https:\/\/agpnoticias.com\/news\/index.php?rest_route=\/wp\/v2\/posts\/2855871\/revisions\/2855877"}],"wp:featuredmedia":[{"embeddable":true,"href":"https:\/\/agpnoticias.com\/news\/index.php?rest_route=\/wp\/v2\/media\/2855878"}],"wp:attachment":[{"href":"https:\/\/agpnoticias.com\/news\/index.php?rest_route=%2Fwp%2Fv2%2Fmedia&parent=2855871"}],"wp:term":[{"taxonomy":"category","embeddable":true,"href":"https:\/\/agpnoticias.com\/news\/index.php?rest_route=%2Fwp%2Fv2%2Fcategories&post=2855871"},{"taxonomy":"post_tag","embeddable":true,"href":"https:\/\/agpnoticias.com\/news\/index.php?rest_route=%2Fwp%2Fv2%2Ftags&post=2855871"}],"curies":[{"name":"wp","href":"https:\/\/api.w.org\/{rel}","templated":true}]}}