{"id":2855880,"date":"2016-03-02T14:32:23","date_gmt":"2016-03-02T22:32:23","guid":{"rendered":"http:\/\/agpnoticias.com\/news\/?p=2855880"},"modified":"2016-03-02T14:32:24","modified_gmt":"2016-03-02T22:32:24","slug":"ex-marinero-marcos-vechionacci-refuerzo-de-freseros","status":"publish","type":"post","link":"https:\/\/agpnoticias.com\/news\/?p=2855880","title":{"rendered":"Ex Marinero Marcos Vechionacci refuerzo de Freseros"},"content":{"rendered":"<figure id=\"attachment_2855882\" aria-describedby=\"caption-attachment-2855882\" style=\"width: 800px\" class=\"wp-caption alignright\"><a href=\"http:\/\/agpnoticias.com\/news\/ex-marinero-marcos-vechionacci-refuerzo-de-freseros\/marcos-vechionacci-jugara-con-los-freseros\/\" rel=\"attachment wp-att-2855882\"><img fetchpriority=\"high\" decoding=\"async\" class=\"size-full wp-image-2855882\" src=\"http:\/\/agpnoticias.com\/news\/wp-content\/uploads\/2016\/03\/Marcos-Vechionacci-jugar\u00e1-con-los-Freseros.jpg\" alt=\"Marcos Vechionacci jugar\u00e1 con los Freseros\" width=\"800\" height=\"499\" srcset=\"https:\/\/agpnoticias.com\/news\/wp-content\/uploads\/2016\/03\/Marcos-Vechionacci-jugar\u00e1-con-los-Freseros.jpg 800w, https:\/\/agpnoticias.com\/news\/wp-content\/uploads\/2016\/03\/Marcos-Vechionacci-jugar\u00e1-con-los-Freseros-768x479.jpg 768w, https:\/\/agpnoticias.com\/news\/wp-content\/uploads\/2016\/03\/Marcos-Vechionacci-jugar\u00e1-con-los-Freseros-600x374.jpg 600w\" sizes=\"(max-width: 800px) 100vw, 800px\" \/><\/a><figcaption id=\"caption-attachment-2855882\" class=\"wp-caption-text\">Marcos Vechionacci jugar\u00e1 con los Freseros<\/figcaption><\/figure>\n<p>Ensenada, Baja California.- Los Freseros de San Quint\u00edn presentaron al ex jugador de Marineros de Ensenada, Marcos Vechionacci, como el primer refuerzo extranjero dentro del plantel que iniciar\u00e1 la temporada 2016 de la Liga Norte de M\u00e9xico el 1 de abril.<\/p>\n<p>El tercera base venezolano se consolid\u00f3 en el circuito con temporadas sobresalientes desde 2013 y hasta 2015 cuando super\u00f3 una serie de lesiones para colaborar en la calificaci\u00f3n de los Marineros a playoffs.<\/p>\n<p>Vechionacci se reencontrar\u00e1 en San Quint\u00edn con Amado Peralta, el manager que lo dirigi\u00f3 la \u00faltima parte de la temporada 2015 con Marineros.<\/p>\n<p>Los Freseros calificaron a su nueva contrataci\u00f3n como un \u201cpoderoso bateador\u201d cuya colaboraci\u00f3n har\u00e1 \u201ca\u00fan m\u00e1s fuerte\u201d a la ofensiva como complemento a la velocidad de Jorge Sesma, C\u00e9sar Meza y Samuel Mu\u00f1oz entre otros.<\/p>\n<p>La directiva presidida por Vicente Garc\u00eda subray\u00f3 la militancia del pelotero sudamericano en las sucursales de Yankees de Nueva York desde 2006 con n\u00fameros de .325, 74 jonrones y 609 producciones durante siete a\u00f1os.<\/p>\n","protected":false},"excerpt":{"rendered":"<p>Ensenada, Baja California.- Los Freseros de San Quint\u00edn presentaron al ex jugador de Marineros de&#8230;<\/p>\n","protected":false},"author":1,"featured_media":2855882,"comment_status":"closed","ping_status":"closed","sticky":false,"template":"","format":"standard","meta":{"footnotes":""},"categories":[1,30,7,18],"tags":[],"class_list":["post-2855880","post","type-post","status-publish","format-standard","has-post-thumbnail","hentry","category-uncategorized","category-beisbol","category-deportes","category-marineros-de-ensenada"],"_links":{"self":[{"href":"https:\/\/agpnoticias.com\/news\/index.php?rest_route=\/wp\/v2\/posts\/2855880","targetHints":{"allow":["GET"]}}],"collection":[{"href":"https:\/\/agpnoticias.com\/news\/index.php?rest_route=\/wp\/v2\/posts"}],"about":[{"href":"https:\/\/agpnoticias.com\/news\/index.php?rest_route=\/wp\/v2\/types\/post"}],"author":[{"embeddable":true,"href":"https:\/\/agpnoticias.com\/news\/index.php?rest_route=\/wp\/v2\/users\/1"}],"replies":[{"embeddable":true,"href":"https:\/\/agpnoticias.com\/news\/index.php?rest_route=%2Fwp%2Fv2%2Fcomments&post=2855880"}],"version-history":[{"count":3,"href":"https:\/\/agpnoticias.com\/news\/index.php?rest_route=\/wp\/v2\/posts\/2855880\/revisions"}],"predecessor-version":[{"id":2855884,"href":"https:\/\/agpnoticias.com\/news\/index.php?rest_route=\/wp\/v2\/posts\/2855880\/revisions\/2855884"}],"wp:featuredmedia":[{"embeddable":true,"href":"https:\/\/agpnoticias.com\/news\/index.php?rest_route=\/wp\/v2\/media\/2855882"}],"wp:attachment":[{"href":"https:\/\/agpnoticias.com\/news\/index.php?rest_route=%2Fwp%2Fv2%2Fmedia&parent=2855880"}],"wp:term":[{"taxonomy":"category","embeddable":true,"href":"https:\/\/agpnoticias.com\/news\/index.php?rest_route=%2Fwp%2Fv2%2Fcategories&post=2855880"},{"taxonomy":"post_tag","embeddable":true,"href":"https:\/\/agpnoticias.com\/news\/index.php?rest_route=%2Fwp%2Fv2%2Ftags&post=2855880"}],"curies":[{"name":"wp","href":"https:\/\/api.w.org\/{rel}","templated":true}]}}