{"id":2855898,"date":"2016-03-02T16:25:53","date_gmt":"2016-03-03T00:25:53","guid":{"rendered":"http:\/\/agpnoticias.com\/news\/?p=2855898"},"modified":"2016-03-02T16:25:54","modified_gmt":"2016-03-03T00:25:54","slug":"guardado-con-el-corazon-de-un-chamaco-de-18-para-el-ultimo-adios","status":"publish","type":"post","link":"https:\/\/agpnoticias.com\/news\/?p=2855898","title":{"rendered":"Guardado con el coraz\u00f3n de un chamaco de 18 para \u00abEl \u00daltimo Adi\u00f3s\u00bb"},"content":{"rendered":"<figure id=\"attachment_2855900\" aria-describedby=\"caption-attachment-2855900\" style=\"width: 800px\" class=\"wp-caption aligncenter\"><a href=\"http:\/\/agpnoticias.com\/news\/guardado-con-el-corazon-de-un-chamaco-de-18-para-el-ultimo-adios\/atiq-jihad-se-presentara-en-busca-del-titulo-de-jose-guardado\/\" rel=\"attachment wp-att-2855900\"><img fetchpriority=\"high\" decoding=\"async\" class=\"size-full wp-image-2855900\" src=\"http:\/\/agpnoticias.com\/news\/wp-content\/uploads\/2016\/03\/Atiq-Jihad-se-presentar\u00e1-en-busca-del-t\u00edtulo-de-Jos\u00e9-Guardado.jpg\" alt=\"Atiq Jihad se presentar\u00e1 en busca del t\u00edtulo de Jos\u00e9 Guardado\" width=\"800\" height=\"533\" srcset=\"https:\/\/agpnoticias.com\/news\/wp-content\/uploads\/2016\/03\/Atiq-Jihad-se-presentar\u00e1-en-busca-del-t\u00edtulo-de-Jos\u00e9-Guardado.jpg 800w, https:\/\/agpnoticias.com\/news\/wp-content\/uploads\/2016\/03\/Atiq-Jihad-se-presentar\u00e1-en-busca-del-t\u00edtulo-de-Jos\u00e9-Guardado-768x512.jpg 768w, https:\/\/agpnoticias.com\/news\/wp-content\/uploads\/2016\/03\/Atiq-Jihad-se-presentar\u00e1-en-busca-del-t\u00edtulo-de-Jos\u00e9-Guardado-600x400.jpg 600w\" sizes=\"(max-width: 800px) 100vw, 800px\" \/><\/a><figcaption id=\"caption-attachment-2855900\" class=\"wp-caption-text\">Atiq Jihad se presentar\u00e1 en busca del t\u00edtulo de Jos\u00e9 Guardado<\/figcaption><\/figure>\n<p>Ensenada, Baja California.- Ya son 44 a\u00f1os de edad. \u201cPero tiene coraz\u00f3n de un chamaco de 18\u201d. Ese fue el resultado del examen m\u00e9dico realizado a Jos\u00e9 Guardado antes de la pelea que sostendr\u00e1 el viernes 20 de mayo en el gimnasio municipal \u00d3scar \u201cTigre\u201d Garc\u00eda. \u201cLa funci\u00f3n se llamar\u00e1 \u00b4El \u00daltimo Adi\u00f3s\u00b4 y ahora s\u00ed ser\u00e1 la \u00faltima pelea de Jos\u00e9\u201d, asegur\u00f3 C\u00e9sar P\u00e9rez Mejorado.<\/p>\n<p>El promotor de la cartelera en la que \u201ctambi\u00e9n participar\u00e1n varios pupilos de Guardado\u201d, adelant\u00f3 que \u201cser\u00e1n nueve peleas profesionales de box, kick boxing y vale todo, adem\u00e1s de dos amateurs\u201d.<\/p>\n<p>\u201cLa pelea estelar es la de Jos\u00e9 por el campeonato ligero avalado por la ITBO contra Atiq Jihad\u201d, peleador al que ya super\u00f3 en mayo de 2015 durante el s\u00e9ptimo asalto del combate disputado en la modalidad de kick boxing.<\/p>\n<p>C\u00e9sar P\u00e9rez Mejorado agreg\u00f3 que ya se dio un acercamiento con Raymundo L\u00f3pez, presidente de la Comisi\u00f3n de Box, Lucha Libre y Artes Marciales, \u201cpara conocer con los requerimientos que hay que cumplir\u201d.<\/p>\n<p>\u201cGuardado ya tiene su licencia, se hizo el examen m\u00e9dico y ha cumplido con todos los requisitos de la comisi\u00f3n. Y podemos decir que est\u00e1 fuerte, aunque es un hecho que se trata de su \u00faltima pelea\u201d, afirm\u00f3.<\/p>\n<p>En ese sentido, y despu\u00e9s de que Atiq Jihad fuera baleado en San Diego, el retador al campeonato ser\u00e1 sujeto a un \u201cexigente examen m\u00e9dico en Ensenada para no correr riesgos y todo quede claro con la comisi\u00f3n y la ITBO, porque su accidente fue muy serio\u201d.<\/p>\n<p>\u201cJos\u00e9 y yo nos conocemos desde hace muchos a\u00f1os porque lo he tratado de sus lesiones y quisimos hacer esta funci\u00f3n de despedida definitiva\u201d, expres\u00f3 el m\u00e9dico especializado en ortopedia y traumatolog\u00eda.<\/p>\n<p>Entre los peleadores que participar\u00edan en el evento est\u00e1n los boxeadores \u00c1ngel \u201cDiablito\u201d Ramos y H\u00e9ctor \u201cEstudiante\u201d Ambriz, el peleador de kick boxing V\u00edctor Cobi\u00e1n y el practicante de Vale Todo, Ismael V\u00e1zquez.<\/p>\n<p>\u201cEn la funci\u00f3n de despedida que Jos\u00e9 hizo el a\u00f1o pasado (cuando su rival Chris Minor abandon\u00f3 la pelea por lesi\u00f3n en el tercer round el 2 de octubre de 2015) no se dieron las cosas y la gente pidi\u00f3 otra pelea, un retiro como debe ser. Se acerc\u00f3 y se la haremos\u201d, concluy\u00f3.<\/p>\n<p>El costo de los boletos ser\u00e1 de 350 pesos en zona VIP, 250 en ring side y 150 en zona general; ya est\u00e1n a la venta en la zapater\u00eda OrtoCir frente al Parque Revoluci\u00f3n y el gimnasio de Jos\u00e9 Guardado en la avenida Ju\u00e1rez.<\/p>\n","protected":false},"excerpt":{"rendered":"<p>Ensenada, Baja California.- Ya son 44 a\u00f1os de edad. \u201cPero tiene coraz\u00f3n de un chamaco&#8230;<\/p>\n","protected":false},"author":1,"featured_media":2855900,"comment_status":"closed","ping_status":"closed","sticky":false,"template":"","format":"standard","meta":{"footnotes":""},"categories":[1,36,7],"tags":[],"class_list":["post-2855898","post","type-post","status-publish","format-standard","has-post-thumbnail","hentry","category-uncategorized","category-boxeo","category-deportes"],"_links":{"self":[{"href":"https:\/\/agpnoticias.com\/news\/index.php?rest_route=\/wp\/v2\/posts\/2855898","targetHints":{"allow":["GET"]}}],"collection":[{"href":"https:\/\/agpnoticias.com\/news\/index.php?rest_route=\/wp\/v2\/posts"}],"about":[{"href":"https:\/\/agpnoticias.com\/news\/index.php?rest_route=\/wp\/v2\/types\/post"}],"author":[{"embeddable":true,"href":"https:\/\/agpnoticias.com\/news\/index.php?rest_route=\/wp\/v2\/users\/1"}],"replies":[{"embeddable":true,"href":"https:\/\/agpnoticias.com\/news\/index.php?rest_route=%2Fwp%2Fv2%2Fcomments&post=2855898"}],"version-history":[{"count":3,"href":"https:\/\/agpnoticias.com\/news\/index.php?rest_route=\/wp\/v2\/posts\/2855898\/revisions"}],"predecessor-version":[{"id":2855902,"href":"https:\/\/agpnoticias.com\/news\/index.php?rest_route=\/wp\/v2\/posts\/2855898\/revisions\/2855902"}],"wp:featuredmedia":[{"embeddable":true,"href":"https:\/\/agpnoticias.com\/news\/index.php?rest_route=\/wp\/v2\/media\/2855900"}],"wp:attachment":[{"href":"https:\/\/agpnoticias.com\/news\/index.php?rest_route=%2Fwp%2Fv2%2Fmedia&parent=2855898"}],"wp:term":[{"taxonomy":"category","embeddable":true,"href":"https:\/\/agpnoticias.com\/news\/index.php?rest_route=%2Fwp%2Fv2%2Fcategories&post=2855898"},{"taxonomy":"post_tag","embeddable":true,"href":"https:\/\/agpnoticias.com\/news\/index.php?rest_route=%2Fwp%2Fv2%2Ftags&post=2855898"}],"curies":[{"name":"wp","href":"https:\/\/api.w.org\/{rel}","templated":true}]}}