{"id":2855919,"date":"2016-03-03T11:25:32","date_gmt":"2016-03-03T19:25:32","guid":{"rendered":"http:\/\/agpnoticias.com\/news\/?p=2855919"},"modified":"2016-03-03T11:25:34","modified_gmt":"2016-03-03T19:25:34","slug":"omar-quintanilla-toro-con-experiencia-de-grandes-ligas","status":"publish","type":"post","link":"https:\/\/agpnoticias.com\/news\/?p=2855919","title":{"rendered":"Omar Quintanilla, Toro con experiencia de Grandes Ligas"},"content":{"rendered":"<figure id=\"attachment_2855920\" aria-describedby=\"caption-attachment-2855920\" style=\"width: 800px\" class=\"wp-caption aligncenter\"><a href=\"http:\/\/agpnoticias.com\/news\/omar-quintanilla-toro-con-experiencia-de-grandes-ligas\/omar-quintanilla\/\" rel=\"attachment wp-att-2855920\"><img fetchpriority=\"high\" decoding=\"async\" class=\"size-full wp-image-2855920\" src=\"http:\/\/agpnoticias.com\/news\/wp-content\/uploads\/2016\/03\/Omar-Quintanilla.jpg\" alt=\"Omar Quintanilla\" width=\"800\" height=\"559\" srcset=\"https:\/\/agpnoticias.com\/news\/wp-content\/uploads\/2016\/03\/Omar-Quintanilla.jpg 800w, https:\/\/agpnoticias.com\/news\/wp-content\/uploads\/2016\/03\/Omar-Quintanilla-768x537.jpg 768w, https:\/\/agpnoticias.com\/news\/wp-content\/uploads\/2016\/03\/Omar-Quintanilla-600x419.jpg 600w\" sizes=\"(max-width: 800px) 100vw, 800px\" \/><\/a><figcaption id=\"caption-attachment-2855920\" class=\"wp-caption-text\">Omar Quintanilla<\/figcaption><\/figure>\n<p>Tucson, Arizona (TorosDeTijuana.com \u2013 Armando Esquivel).- Las nueve temporadas en Grandes Ligas respaldan a Omar Quintanilla y su experiencia en el mejor b\u00e9isbol del mundo es lo que viene a sumar a los Toros de Tijuana para la temporada 2016 de la Liga Mexicana de B\u00e9isbol.<\/p>\n<p>El bateador zurdo de 34 a\u00f1os se desempe\u00f1a como segunda base o parador en corto y fue tomado por los Atl\u00e9ticos de Oakland en el draft del 2003. Su carrera en las Mayores inici\u00f3 en el 2005 con Rockies de Colorado y jug\u00f3 tambi\u00e9n con Rangers de Texas, Orioles de Baltimore y Mets de Nueva York.<\/p>\n<p>\u201cVengo a trabajar al cien por ciento, a dar todo lo que puedo y a apoyar a mis compa\u00f1eros a que hagan lo mejor que puedan para luchar todos juntos para traer el campeonato a Tijuana\u201d, coment\u00f3 al finalizar la pr\u00e1ctica en Tucson, Arizona.<\/p>\n<p>Nacido en El Paso, Texas, cerca de la frontera con Ciudad Ju\u00e1rez, Chihuahua, Quintanilla habla muy buen espa\u00f1ol, por lo que su primera pr\u00e1ctica el domingo pasado con el equipo fue mucho m\u00e1s agradable con sus nuevos compa\u00f1eros.<\/p>\n<p>\u201cMe siento muy feliz de estar aqu\u00ed, tener la oportunidad de representar a Toros; aqu\u00ed en la pretemporada es donde todo comienza para ganar un campeonato; todo se ve muy bien, el manejador Luis Sojo que jug\u00f3 en Grandes Ligas; todo aqu\u00ed se ve muy profesional, estoy conociendo a los compa\u00f1eros y todos est\u00e1n trabajando duro y todos con el mismo objetivo\u201d, agreg\u00f3.<\/p>\n<p>Aunque su principal objetivo esta temporada es defender a muerte los colores de Toros de Tijuana, Omar Quintanilla confiesa que a\u00fan no pierde la esperanza de regresar a las Grandes Ligas y sabe que con el equipo fronterizo tiene muy buenas posibilidades de volver a la \u201cGran Carpa\u201d, en caso de tener una buena campa\u00f1a en la Liga Mexicana de B\u00e9isbol.<\/p>\n<p>\u201cNo quiero decir que por eso estoy aqu\u00ed, yo quiero jugar aqu\u00ed y representar de la mejor forma a los Toros, pero a la misma vez hay ojos que est\u00e1n viendo a los jugadores y te pueden llevar a Estados Unidos; como yo ya he probado los Grandes Ligas, es algo que yo quiero regresar\u201d, mencion\u00f3.<\/p>\n<p>Con los Toros de Tijuana, el texano ya se puso a las \u00f3rdenes de Luis Sojo y su cuerpo t\u00e9cnico y ya pelea la titularidad a Jos\u00e9 Guadalupe Ch\u00e1vez o a Carlos Valencia para la temporada 2016.<\/p>\n<p>\u201cLuis nos ha dicho que seamos un solo equipo; que dejemos todo en el terreno y que hagamos todo lo que sabemos hacer para ganar un campeonato y enfocarnos s\u00f3lo en nosotros mismos\u201d, concluy\u00f3.<\/p>\n<p>Los Toros de Tijuana entrenaron hoy por quinto d\u00eda consecutivo en el Kino Sports Complex de Tucson, Arizona, y se mantendr\u00e1n trabajando en esta ciudad hasta el 26 de marzo.<\/p>\n","protected":false},"excerpt":{"rendered":"<p>Tucson, Arizona (TorosDeTijuana.com \u2013 Armando Esquivel).- Las nueve temporadas en Grandes Ligas respaldan a Omar&#8230;<\/p>\n","protected":false},"author":1,"featured_media":2855920,"comment_status":"closed","ping_status":"closed","sticky":false,"template":"","format":"standard","meta":{"footnotes":""},"categories":[1,30,7,159],"tags":[],"class_list":["post-2855919","post","type-post","status-publish","format-standard","has-post-thumbnail","hentry","category-uncategorized","category-beisbol","category-deportes","category-toros-de-tijuana"],"_links":{"self":[{"href":"https:\/\/agpnoticias.com\/news\/index.php?rest_route=\/wp\/v2\/posts\/2855919","targetHints":{"allow":["GET"]}}],"collection":[{"href":"https:\/\/agpnoticias.com\/news\/index.php?rest_route=\/wp\/v2\/posts"}],"about":[{"href":"https:\/\/agpnoticias.com\/news\/index.php?rest_route=\/wp\/v2\/types\/post"}],"author":[{"embeddable":true,"href":"https:\/\/agpnoticias.com\/news\/index.php?rest_route=\/wp\/v2\/users\/1"}],"replies":[{"embeddable":true,"href":"https:\/\/agpnoticias.com\/news\/index.php?rest_route=%2Fwp%2Fv2%2Fcomments&post=2855919"}],"version-history":[{"count":2,"href":"https:\/\/agpnoticias.com\/news\/index.php?rest_route=\/wp\/v2\/posts\/2855919\/revisions"}],"predecessor-version":[{"id":2855922,"href":"https:\/\/agpnoticias.com\/news\/index.php?rest_route=\/wp\/v2\/posts\/2855919\/revisions\/2855922"}],"wp:featuredmedia":[{"embeddable":true,"href":"https:\/\/agpnoticias.com\/news\/index.php?rest_route=\/wp\/v2\/media\/2855920"}],"wp:attachment":[{"href":"https:\/\/agpnoticias.com\/news\/index.php?rest_route=%2Fwp%2Fv2%2Fmedia&parent=2855919"}],"wp:term":[{"taxonomy":"category","embeddable":true,"href":"https:\/\/agpnoticias.com\/news\/index.php?rest_route=%2Fwp%2Fv2%2Fcategories&post=2855919"},{"taxonomy":"post_tag","embeddable":true,"href":"https:\/\/agpnoticias.com\/news\/index.php?rest_route=%2Fwp%2Fv2%2Ftags&post=2855919"}],"curies":[{"name":"wp","href":"https:\/\/api.w.org\/{rel}","templated":true}]}}