{"id":2855936,"date":"2016-03-03T14:25:43","date_gmt":"2016-03-03T22:25:43","guid":{"rendered":"http:\/\/agpnoticias.com\/news\/?p=2855936"},"modified":"2016-03-03T15:00:17","modified_gmt":"2016-03-03T23:00:17","slug":"refuerzos-garantizados-de-regreso-en-tiburones-blancos","status":"publish","type":"post","link":"https:\/\/agpnoticias.com\/news\/?p=2855936","title":{"rendered":"Refuerzos garantizados de regreso en Tiburones Blancos"},"content":{"rendered":"<figure id=\"attachment_2855938\" aria-describedby=\"caption-attachment-2855938\" style=\"width: 800px\" class=\"wp-caption aligncenter\"><a href=\"http:\/\/agpnoticias.com\/news\/refuerzos-garantizados-de-regreso-en-tiburones-blancos\/omar-rios-y-miguel-vences-estan-de-regreso-en-el-equipo-de-la-tercera-division\/\" rel=\"attachment wp-att-2855938\"><img fetchpriority=\"high\" decoding=\"async\" class=\"size-full wp-image-2855938\" src=\"http:\/\/agpnoticias.com\/news\/wp-content\/uploads\/2016\/03\/Omar-R\u00edos-y-Miguel-Vences-est\u00e1n-de-regreso-en-el-equipo-de-la-Tercera-Divisi\u00f3n.jpg\" alt=\"Omar R\u00edos y Miguel Vences est\u00e1n de regreso en el equipo de la Tercera Divisi\u00f3n\" width=\"800\" height=\"533\" srcset=\"https:\/\/agpnoticias.com\/news\/wp-content\/uploads\/2016\/03\/Omar-R\u00edos-y-Miguel-Vences-est\u00e1n-de-regreso-en-el-equipo-de-la-Tercera-Divisi\u00f3n.jpg 800w, https:\/\/agpnoticias.com\/news\/wp-content\/uploads\/2016\/03\/Omar-R\u00edos-y-Miguel-Vences-est\u00e1n-de-regreso-en-el-equipo-de-la-Tercera-Divisi\u00f3n-768x512.jpg 768w, https:\/\/agpnoticias.com\/news\/wp-content\/uploads\/2016\/03\/Omar-R\u00edos-y-Miguel-Vences-est\u00e1n-de-regreso-en-el-equipo-de-la-Tercera-Divisi\u00f3n-600x400.jpg 600w\" sizes=\"(max-width: 800px) 100vw, 800px\" \/><\/a><figcaption id=\"caption-attachment-2855938\" class=\"wp-caption-text\">Omar R\u00edos y Miguel Vences est\u00e1n de regreso en el equipo de la Tercera Divisi\u00f3n<\/figcaption><\/figure>\n<p>Ensenada, Baja California.- Miguel Vences y Omar R\u00edos han regresado a los Tiburones Blancos de Ensenada despu\u00e9s de seis meses de ausencia.<\/p>\n<p>El mediocampista y el delantero participaron en el torneo anterior de la Tercera Divisi\u00f3n cuando los Tiburones Blancos calificaron a la liguilla bajo la direcci\u00f3n de Omar Brise\u00f1o.<\/p>\n<p>Sin embargo, aunque todav\u00eda cumpl\u00edan con el l\u00edmite de edad de la categor\u00eda, ambos salieron del plantel.<\/p>\n<p>Miguel Vences para cursar sus estudios sin las distracciones que implica la responsabilidad de militar en un plantel profesional, mientras que Omar R\u00edos fue reclutado por los Gallos Blancos de Quer\u00e9taro para integrar su plantel Sub 17.<\/p>\n<p>Y los dos est\u00e1n contemplados para iniciar la segunda vuelta del torneo el s\u00e1bado en Los Cabos durante la visita a Guerreros Pericues.<\/p>\n<figure id=\"attachment_2855939\" aria-describedby=\"caption-attachment-2855939\" style=\"width: 281px\" class=\"wp-caption alignright\"><a href=\"http:\/\/agpnoticias.com\/news\/refuerzos-garantizados-de-regreso-en-tiburones-blancos\/omar-rios-reforzara-el-ataque-de-los-tiburones-blancos\/\" rel=\"attachment wp-att-2855939\"><img decoding=\"async\" class=\"size-full wp-image-2855939\" src=\"http:\/\/agpnoticias.com\/news\/wp-content\/uploads\/2016\/03\/Omar-R\u00edos-reforzar\u00e1-el-ataque-de-los-Tiburones-Blancos-e1457043802972.jpg\" alt=\"Omar R\u00edos reforzar\u00e1 el ataque de los Tiburones Blancos\" width=\"281\" height=\"427\" \/><\/a><figcaption id=\"caption-attachment-2855939\" class=\"wp-caption-text\">Omar R\u00edos reforzar\u00e1 el ataque de los Tiburones Blancos<\/figcaption><\/figure>\n<p>\u201cMe sal\u00ed este tiempo para enfocarme en los estudios y el profe (Joel) Esquivias (director t\u00e9cnico) me dio la oportunidad de integrarme de nuevo y tratar\u00e9 de aportar mi experiencia con los jugadores m\u00e1s j\u00f3venes\u201d, apunt\u00f3 Miguel Vences.<\/p>\n<p>En el \u00faltimo medio a\u00f1o, el volante de contenci\u00f3n jug\u00f3 futbol de aficionados en la categor\u00eda reservas de la Liga de Futbol de Primera Fuerza.<\/p>\n<p>\u201cVengo con buen ritmo y espero estar el s\u00e1bado para el primer juego. Ya me recuper\u00e9 de una lesi\u00f3n y espero ir como titular. Veo bien al equipo, m\u00e1s motivado y todos bien metidos en el juego para empezar la segunda vuelta\u201d, coment\u00f3.<\/p>\n<p>Por su parte, Omar R\u00edos espera viajar tras superar una dolencia para colaborar en el objetivo de mejorar el quinto lugar del Grupo XIII con los 15 puntos que registraron los Tiburones Blancos al t\u00e9rmino de la primera vuelta.<\/p>\n<p>\u201cEstuve en la Sub 17 de Quer\u00e9taro con el t\u00e9cnico H\u00e9ctor Altamirano, pero tuve que volver por algunos asuntos personales y el profe Esquivias me llam\u00f3 para regresar\u201d, indic\u00f3 el eje de ataque.<\/p>\n<p>Por el momento, \u201capenas salgo de una lesi\u00f3n, pero espero aportar mi experiencia en este equipo al que veo bien, mejorando con el trabajo diario\u201d, apunt\u00f3.<\/p>\n<p>En la primera vuelta, los Tiburones Blancos se impusieron a los Guerreros Pericues por 4-0, pero el conjunto sudcaliforniano mejor\u00f3 su nivel hasta llegar a las 19 unidades que le colocaron en el tercer lugar del sector XIII.<\/p>\n<figure id=\"attachment_2855940\" aria-describedby=\"caption-attachment-2855940\" style=\"width: 800px\" class=\"wp-caption aligncenter\"><a href=\"http:\/\/agpnoticias.com\/news\/refuerzos-garantizados-de-regreso-en-tiburones-blancos\/miguel-vences-mediocampista-de-los-tiburones-blancos\/\" rel=\"attachment wp-att-2855940\"><img decoding=\"async\" class=\"size-full wp-image-2855940\" src=\"http:\/\/agpnoticias.com\/news\/wp-content\/uploads\/2016\/03\/Miguel-Vences-mediocampista-de-los-Tiburones-Blancos.jpg\" alt=\"Miguel Vences, mediocampista de los Tiburones Blancos\" width=\"800\" height=\"533\" srcset=\"https:\/\/agpnoticias.com\/news\/wp-content\/uploads\/2016\/03\/Miguel-Vences-mediocampista-de-los-Tiburones-Blancos.jpg 800w, https:\/\/agpnoticias.com\/news\/wp-content\/uploads\/2016\/03\/Miguel-Vences-mediocampista-de-los-Tiburones-Blancos-768x512.jpg 768w, https:\/\/agpnoticias.com\/news\/wp-content\/uploads\/2016\/03\/Miguel-Vences-mediocampista-de-los-Tiburones-Blancos-600x400.jpg 600w\" sizes=\"(max-width: 800px) 100vw, 800px\" \/><\/a><figcaption id=\"caption-attachment-2855940\" class=\"wp-caption-text\">Miguel Vences, mediocampista de los Tiburones Blancos<\/figcaption><\/figure>\n","protected":false},"excerpt":{"rendered":"<p>Ensenada, Baja California.- Miguel Vences y Omar R\u00edos han regresado a los Tiburones Blancos de&#8230;<\/p>\n","protected":false},"author":1,"featured_media":2855938,"comment_status":"closed","ping_status":"closed","sticky":false,"template":"","format":"standard","meta":{"footnotes":""},"categories":[1,7,32],"tags":[],"class_list":["post-2855936","post","type-post","status-publish","format-standard","has-post-thumbnail","hentry","category-uncategorized","category-deportes","category-soccer"],"_links":{"self":[{"href":"https:\/\/agpnoticias.com\/news\/index.php?rest_route=\/wp\/v2\/posts\/2855936","targetHints":{"allow":["GET"]}}],"collection":[{"href":"https:\/\/agpnoticias.com\/news\/index.php?rest_route=\/wp\/v2\/posts"}],"about":[{"href":"https:\/\/agpnoticias.com\/news\/index.php?rest_route=\/wp\/v2\/types\/post"}],"author":[{"embeddable":true,"href":"https:\/\/agpnoticias.com\/news\/index.php?rest_route=\/wp\/v2\/users\/1"}],"replies":[{"embeddable":true,"href":"https:\/\/agpnoticias.com\/news\/index.php?rest_route=%2Fwp%2Fv2%2Fcomments&post=2855936"}],"version-history":[{"count":5,"href":"https:\/\/agpnoticias.com\/news\/index.php?rest_route=\/wp\/v2\/posts\/2855936\/revisions"}],"predecessor-version":[{"id":2855944,"href":"https:\/\/agpnoticias.com\/news\/index.php?rest_route=\/wp\/v2\/posts\/2855936\/revisions\/2855944"}],"wp:featuredmedia":[{"embeddable":true,"href":"https:\/\/agpnoticias.com\/news\/index.php?rest_route=\/wp\/v2\/media\/2855938"}],"wp:attachment":[{"href":"https:\/\/agpnoticias.com\/news\/index.php?rest_route=%2Fwp%2Fv2%2Fmedia&parent=2855936"}],"wp:term":[{"taxonomy":"category","embeddable":true,"href":"https:\/\/agpnoticias.com\/news\/index.php?rest_route=%2Fwp%2Fv2%2Fcategories&post=2855936"},{"taxonomy":"post_tag","embeddable":true,"href":"https:\/\/agpnoticias.com\/news\/index.php?rest_route=%2Fwp%2Fv2%2Ftags&post=2855936"}],"curies":[{"name":"wp","href":"https:\/\/api.w.org\/{rel}","templated":true}]}}