{"id":2855945,"date":"2016-03-03T21:42:47","date_gmt":"2016-03-04T05:42:47","guid":{"rendered":"http:\/\/agpnoticias.com\/news\/?p=2855945"},"modified":"2016-03-03T22:41:49","modified_gmt":"2016-03-04T06:41:49","slug":"el-nino-de-los-marineros-crecio-leo-heras-cerca-de-grandes-ligas","status":"publish","type":"post","link":"https:\/\/agpnoticias.com\/news\/?p=2855945","title":{"rendered":"\u00abEl Ni\u00f1o\u00bb de los Marineros creci\u00f3; Leo Heras cerca de Grandes Ligas"},"content":{"rendered":"<figure id=\"attachment_2855947\" aria-describedby=\"caption-attachment-2855947\" style=\"width: 800px\" class=\"wp-caption aligncenter\"><a href=\"http:\/\/agpnoticias.com\/news\/el-nino-de-los-marineros-crecio-leo-heras-cerca-de-grandes-ligas\/leo-heras-visito-ensenada\/\" rel=\"attachment wp-att-2855947\"><img fetchpriority=\"high\" decoding=\"async\" class=\"size-full wp-image-2855947\" src=\"http:\/\/agpnoticias.com\/news\/wp-content\/uploads\/2016\/03\/Leo-Heras-visit\u00f3-Ensenada-e1457069970664.jpg\" alt=\"Leo Heras visit\u00f3 Ensenada\" width=\"800\" height=\"533\" \/><\/a><figcaption id=\"caption-attachment-2855947\" class=\"wp-caption-text\">Leo Heras visit\u00f3 Ensenada<\/figcaption><\/figure>\n<p>Ensenada, Baja California.- \u201cEl Ni\u00f1o\u201d. No se necesitaba de mucha imaginaci\u00f3n para bautizarlo de ese modo. Apenas ten\u00eda 16 a\u00f1os cuando lleg\u00f3 a los Marineros de Ensenada. Era la temporada 2007 y Leonardo Heras, pese a su juventud, se rob\u00f3 la atenci\u00f3n del p\u00fablico local.<\/p>\n<p>El resto ha sido historia. Broncos y Diablos Rojos en el verano. Algodoneros, Charros y Yaquis en el invierno. Pero el gran salto se dio hace un par de a\u00f1os. Astros de Houston y sus sucursales.<\/p>\n<p>A nueve a\u00f1os de su presentaci\u00f3n como beisbolista profesional en Ensenada, est\u00e1 a punto de culminar el proceso con su ascenso a Ligas Mayores.<\/p>\n<p>\u201cLos Diablos Rojos me compraron en 2012 y despu\u00e9s de tres a\u00f1os me dieron la oportunidad de irme a Estados Unidos donde llegu\u00e9 y de inmediato me colocaron en la sucursal Doble A. Con mucho trabajo, puedo decir que ya estoy muy cerca de llegar a Grandes Ligas, ahora en Fresno.<\/p>\n<figure id=\"attachment_2855949\" aria-describedby=\"caption-attachment-2855949\" style=\"width: 400px\" class=\"wp-caption alignright\"><a href=\"http:\/\/agpnoticias.com\/news\/el-nino-de-los-marineros-crecio-leo-heras-cerca-de-grandes-ligas\/el-nino-con-la-familia-montoya-de-la-academia-mg\/\" rel=\"attachment wp-att-2855949\"><img decoding=\"async\" class=\"size-full wp-image-2855949\" src=\"http:\/\/agpnoticias.com\/news\/wp-content\/uploads\/2016\/03\/El-Ni\u00f1o-con-la-familia-Montoya-de-la-Academia-MG-e1457070153269.jpg\" alt=\"&quot;El Ni\u00f1o&quot; con la familia Montoya de la Academia MG\" width=\"400\" height=\"267\" \/><\/a><figcaption id=\"caption-attachment-2855949\" class=\"wp-caption-text\">\u00abEl Ni\u00f1o\u00bb con la familia Montoya de la Academia MG<\/figcaption><\/figure>\n<p>\u201cNo pienso en otra cosa que no sea seguir all\u00e1. El beisbol es mi carrera, mi vida, mi profesi\u00f3n. Mi padre fue muy importante, pero creo que lo fue m\u00e1s mi mam\u00e1 porque siempre me apoy\u00f3 cuando se dio cuenta de que esto era lo que yo quer\u00eda hacer toda mi vida\u201d, coment\u00f3.<\/p>\n<p>Leo Heras, durante una visita a la Academia MG, reconoci\u00f3 la importancia de la oportunidad recibida por los Marineros de la Liga Norte de M\u00e9xico cuando lleg\u00f3 como prospecto de los extintos Potros de Tijuana.<\/p>\n<p>En la temporada 2015-2016 de la Liga Mexicana del Pac\u00edfico, los Charros de Jalisco cambiaron al hijo Roberto Heras a los Yaquis de Ciudad Obreg\u00f3n, equipo con el que disput\u00f3 la serie de semifinales que perdieron con los campeones Venados de Mazatl\u00e1n.<\/p>\n<p>\u201cCiudad Obreg\u00f3n es un equipo de mucha tradici\u00f3n en el que me gusta estar y espero regresar la pr\u00f3xima temporada\u201d, apunt\u00f3.<\/p>\n<p>Sobre su presencia en Ensenada, dijo que dio en respuesta la invitaci\u00f3n del propietario de la Academia MG, Noel Montoya, su compa\u00f1ero en los Marineros de 2007.<\/p>\n<p>\u201cMarineros fue mi primer equipo profesional y siempre es emocionante regresar a la ciudad que me permiti\u00f3 debutar con una afici\u00f3n que me quiso mucho. Ensenada es muy importante para m\u00ed\u201d, refiri\u00f3.<\/p>\n<figure id=\"attachment_2855948\" aria-describedby=\"caption-attachment-2855948\" style=\"width: 800px\" class=\"wp-caption aligncenter\"><a href=\"http:\/\/agpnoticias.com\/news\/el-nino-de-los-marineros-crecio-leo-heras-cerca-de-grandes-ligas\/el-ex-jugador-de-los-marineros-de-ensenada-convivio-con-los-ninos-de-la-academia-mg\/\" rel=\"attachment wp-att-2855948\"><img decoding=\"async\" class=\"size-full wp-image-2855948\" src=\"http:\/\/agpnoticias.com\/news\/wp-content\/uploads\/2016\/03\/El-ex-jugador-de-los-Marineros-de-Ensenada-convivi\u00f3-con-los-ni\u00f1os-de-la-Academia-MG.jpg\" alt=\"El ex jugador de los Marineros de Ensenada convivi\u00f3 con los ni\u00f1os de la Academia MG\" width=\"800\" height=\"533\" srcset=\"https:\/\/agpnoticias.com\/news\/wp-content\/uploads\/2016\/03\/El-ex-jugador-de-los-Marineros-de-Ensenada-convivi\u00f3-con-los-ni\u00f1os-de-la-Academia-MG.jpg 800w, https:\/\/agpnoticias.com\/news\/wp-content\/uploads\/2016\/03\/El-ex-jugador-de-los-Marineros-de-Ensenada-convivi\u00f3-con-los-ni\u00f1os-de-la-Academia-MG-768x512.jpg 768w, https:\/\/agpnoticias.com\/news\/wp-content\/uploads\/2016\/03\/El-ex-jugador-de-los-Marineros-de-Ensenada-convivi\u00f3-con-los-ni\u00f1os-de-la-Academia-MG-600x400.jpg 600w\" sizes=\"(max-width: 800px) 100vw, 800px\" \/><\/a><figcaption id=\"caption-attachment-2855948\" class=\"wp-caption-text\">El ex jugador de los Marineros de Ensenada convivi\u00f3 con los ni\u00f1os de la Academia MG<\/figcaption><\/figure>\n<p>&nbsp;<\/p>\n<p><iframe title=\"3 HomeRun&#039;s de Leo Heras de Charros de Jalisco 11-11-2014\" width=\"640\" height=\"360\" src=\"https:\/\/www.youtube.com\/embed\/iq-Ju5PAPq8?feature=oembed\" frameborder=\"0\" allow=\"accelerometer; autoplay; clipboard-write; encrypted-media; gyroscope; picture-in-picture; web-share\" referrerpolicy=\"strict-origin-when-cross-origin\" allowfullscreen><\/iframe><\/p>\n","protected":false},"excerpt":{"rendered":"<p>Ensenada, Baja California.- \u201cEl Ni\u00f1o\u201d. No se necesitaba de mucha imaginaci\u00f3n para bautizarlo de ese&#8230;<\/p>\n","protected":false},"author":1,"featured_media":2855947,"comment_status":"closed","ping_status":"closed","sticky":false,"template":"","format":"standard","meta":{"footnotes":""},"categories":[1,30,7,18],"tags":[],"class_list":["post-2855945","post","type-post","status-publish","format-standard","has-post-thumbnail","hentry","category-uncategorized","category-beisbol","category-deportes","category-marineros-de-ensenada"],"_links":{"self":[{"href":"https:\/\/agpnoticias.com\/news\/index.php?rest_route=\/wp\/v2\/posts\/2855945","targetHints":{"allow":["GET"]}}],"collection":[{"href":"https:\/\/agpnoticias.com\/news\/index.php?rest_route=\/wp\/v2\/posts"}],"about":[{"href":"https:\/\/agpnoticias.com\/news\/index.php?rest_route=\/wp\/v2\/types\/post"}],"author":[{"embeddable":true,"href":"https:\/\/agpnoticias.com\/news\/index.php?rest_route=\/wp\/v2\/users\/1"}],"replies":[{"embeddable":true,"href":"https:\/\/agpnoticias.com\/news\/index.php?rest_route=%2Fwp%2Fv2%2Fcomments&post=2855945"}],"version-history":[{"count":5,"href":"https:\/\/agpnoticias.com\/news\/index.php?rest_route=\/wp\/v2\/posts\/2855945\/revisions"}],"predecessor-version":[{"id":2855984,"href":"https:\/\/agpnoticias.com\/news\/index.php?rest_route=\/wp\/v2\/posts\/2855945\/revisions\/2855984"}],"wp:featuredmedia":[{"embeddable":true,"href":"https:\/\/agpnoticias.com\/news\/index.php?rest_route=\/wp\/v2\/media\/2855947"}],"wp:attachment":[{"href":"https:\/\/agpnoticias.com\/news\/index.php?rest_route=%2Fwp%2Fv2%2Fmedia&parent=2855945"}],"wp:term":[{"taxonomy":"category","embeddable":true,"href":"https:\/\/agpnoticias.com\/news\/index.php?rest_route=%2Fwp%2Fv2%2Fcategories&post=2855945"},{"taxonomy":"post_tag","embeddable":true,"href":"https:\/\/agpnoticias.com\/news\/index.php?rest_route=%2Fwp%2Fv2%2Ftags&post=2855945"}],"curies":[{"name":"wp","href":"https:\/\/api.w.org\/{rel}","templated":true}]}}