{"id":2856589,"date":"2016-03-17T22:11:34","date_gmt":"2016-03-18T05:11:34","guid":{"rendered":"http:\/\/agpnoticias.com\/news\/?p=2856589"},"modified":"2016-06-15T11:58:39","modified_gmt":"2016-06-15T18:58:39","slug":"dos-xolos-a-la-sub-23-del-potro","status":"publish","type":"post","link":"https:\/\/agpnoticias.com\/news\/?p=2856589","title":{"rendered":"Dos Xolos a la Sub 23 del \u00abPotro\u00bb"},"content":{"rendered":"<figure id=\"attachment_2856590\" aria-describedby=\"caption-attachment-2856590\" style=\"width: 640px\" class=\"wp-caption aligncenter\"><a href=\"http:\/\/agpnoticias.com\/news\/dos-xolos-a-la-sub-23-del-potro\/el-lateral-y-el-portero-fueron-convocados-a-la-seleccion-olimpica\/\" rel=\"attachment wp-att-2856590\"><img fetchpriority=\"high\" decoding=\"async\" class=\"size-full wp-image-2856590\" src=\"http:\/\/agpnoticias.com\/news\/wp-content\/uploads\/2016\/03\/El-lateral-y-el-portero-fueron-convocados-a-la-selecci\u00f3n-ol\u00edmpica.jpg\" alt=\"El lateral y el portero fueron convocados a la selecci\u00f3n ol\u00edmpica\" width=\"640\" height=\"420\" srcset=\"https:\/\/agpnoticias.com\/news\/wp-content\/uploads\/2016\/03\/El-lateral-y-el-portero-fueron-convocados-a-la-selecci\u00f3n-ol\u00edmpica.jpg 640w, https:\/\/agpnoticias.com\/news\/wp-content\/uploads\/2016\/03\/El-lateral-y-el-portero-fueron-convocados-a-la-selecci\u00f3n-ol\u00edmpica-600x394.jpg 600w\" sizes=\"(max-width: 640px) 100vw, 640px\" \/><\/a><figcaption id=\"caption-attachment-2856590\" class=\"wp-caption-text\">El lateral y el portero fueron convocados a la selecci\u00f3n ol\u00edmpica<\/figcaption><\/figure>\n<p>Tijuana, Baja California.- Los elementos del Club Tijuana, Carlos Guzm\u00e1n y Gibran Lajud, fueron convocados por la Selecci\u00f3n Mexicana Sub23 que dirige Ra\u00fal Guti\u00e9rrez, la cual se prepara para los Juegos Ol\u00edmpicos R\u00edo 2016.<\/p>\n<p>Los Xoloitzcuintles seleccionados asistir\u00e1n a una gira en Portugal, inician concentraci\u00f3n el d\u00eda 21 de Marzo y regresar\u00e1n a la Frontera Norte el d\u00eda 29.<\/p>\n<p>En Portugal, la Selecci\u00f3n Nacional de M\u00e9xico Sub-23 disputar\u00e1 dos partidos de preparaci\u00f3n. El viernes 25 de marzo enfrentar\u00e1 a su similar de Jap\u00f3n, mientras que el lunes 28 al anfitri\u00f3n, Portugal.<\/p>\n<p><em>Informaci\u00f3n y fotograf\u00eda: Club Tijuana Xoloitzcuintles de Caliente.<\/em><\/p>\n","protected":false},"excerpt":{"rendered":"<p>Tijuana, Baja California.- Los elementos del Club Tijuana, Carlos Guzm\u00e1n y Gibran Lajud, fueron convocados&#8230;<\/p>\n","protected":false},"author":1,"featured_media":2856590,"comment_status":"closed","ping_status":"closed","sticky":false,"template":"","format":"standard","meta":{"footnotes":""},"categories":[1,576,7,32,17],"tags":[601],"class_list":["post-2856589","post","type-post","status-publish","format-standard","has-post-thumbnail","hentry","category-uncategorized","category-baja-california-en-rio-2016","category-deportes","category-soccer","category-xolos-de-tijuana","tag-rio2016"],"_links":{"self":[{"href":"https:\/\/agpnoticias.com\/news\/index.php?rest_route=\/wp\/v2\/posts\/2856589","targetHints":{"allow":["GET"]}}],"collection":[{"href":"https:\/\/agpnoticias.com\/news\/index.php?rest_route=\/wp\/v2\/posts"}],"about":[{"href":"https:\/\/agpnoticias.com\/news\/index.php?rest_route=\/wp\/v2\/types\/post"}],"author":[{"embeddable":true,"href":"https:\/\/agpnoticias.com\/news\/index.php?rest_route=\/wp\/v2\/users\/1"}],"replies":[{"embeddable":true,"href":"https:\/\/agpnoticias.com\/news\/index.php?rest_route=%2Fwp%2Fv2%2Fcomments&post=2856589"}],"version-history":[{"count":2,"href":"https:\/\/agpnoticias.com\/news\/index.php?rest_route=\/wp\/v2\/posts\/2856589\/revisions"}],"predecessor-version":[{"id":2856592,"href":"https:\/\/agpnoticias.com\/news\/index.php?rest_route=\/wp\/v2\/posts\/2856589\/revisions\/2856592"}],"wp:featuredmedia":[{"embeddable":true,"href":"https:\/\/agpnoticias.com\/news\/index.php?rest_route=\/wp\/v2\/media\/2856590"}],"wp:attachment":[{"href":"https:\/\/agpnoticias.com\/news\/index.php?rest_route=%2Fwp%2Fv2%2Fmedia&parent=2856589"}],"wp:term":[{"taxonomy":"category","embeddable":true,"href":"https:\/\/agpnoticias.com\/news\/index.php?rest_route=%2Fwp%2Fv2%2Fcategories&post=2856589"},{"taxonomy":"post_tag","embeddable":true,"href":"https:\/\/agpnoticias.com\/news\/index.php?rest_route=%2Fwp%2Fv2%2Ftags&post=2856589"}],"curies":[{"name":"wp","href":"https:\/\/api.w.org\/{rel}","templated":true}]}}