{"id":2856753,"date":"2016-03-20T21:08:52","date_gmt":"2016-03-21T04:08:52","guid":{"rendered":"http:\/\/agpnoticias.com\/news\/?p=2856753"},"modified":"2016-06-15T11:58:38","modified_gmt":"2016-06-15T18:58:38","slug":"cinco-xolos-a-la-escena-internacional","status":"publish","type":"post","link":"https:\/\/agpnoticias.com\/news\/?p=2856753","title":{"rendered":"Cinco Xolos a la escena internacional"},"content":{"rendered":"<figure id=\"attachment_2856754\" aria-describedby=\"caption-attachment-2856754\" style=\"width: 800px\" class=\"wp-caption aligncenter\"><a href=\"http:\/\/agpnoticias.com\/news\/cinco-xolos-a-la-escena-internacional\/soccer-chile-vs-colombia\/\" rel=\"attachment wp-att-2856754\"><img fetchpriority=\"high\" decoding=\"async\" class=\"size-full wp-image-2856754\" src=\"http:\/\/agpnoticias.com\/news\/wp-content\/uploads\/2016\/03\/Dayro-Moreno-reportar\u00e1-con-Colombia.jpg\" alt=\"Dayro Moreno reportar\u00e1 con Colombia\" width=\"800\" height=\"411\" srcset=\"https:\/\/agpnoticias.com\/news\/wp-content\/uploads\/2016\/03\/Dayro-Moreno-reportar\u00e1-con-Colombia.jpg 800w, https:\/\/agpnoticias.com\/news\/wp-content\/uploads\/2016\/03\/Dayro-Moreno-reportar\u00e1-con-Colombia-768x395.jpg 768w, https:\/\/agpnoticias.com\/news\/wp-content\/uploads\/2016\/03\/Dayro-Moreno-reportar\u00e1-con-Colombia-600x308.jpg 600w\" sizes=\"(max-width: 800px) 100vw, 800px\" \/><\/a><figcaption id=\"caption-attachment-2856754\" class=\"wp-caption-text\">Dayro Moreno reportar\u00e1 con Colombia<\/figcaption><\/figure>\n<p>Tijuana, Baja California.- El Club Tijuana contar\u00e1 con 5 representantes en la escena internacional en la pr\u00f3xima Fecha FIFA. Michael Orozco (Estados Unidos, Selecci\u00f3n Mayor) Paul Arriola (Estados Unidos, Selecci\u00f3n Sub23), Daryo Moreno (Colombia), Gibran Lajud y Carlos Guzm\u00e1n (M\u00e9xico), fueron convocados e iniciaron concentraci\u00f3n este domingo en sus respectivos equipos nacionales.<\/p>\n<p>Michael Orozco estar\u00e1 con el equipo que dirige J\u00fcrgen Klinsmann, el cual sostendr\u00e1 dos partidos de la eliminatoria mundialista de la CONCACAF rumbo a Rusia 2018 ante la escuadra de Guatemala (25 y 29 de Marzo).<\/p>\n<p>Paul Arriola fue convocado por el equipo Sub23 de los Estados Unidos para la ronda de repechaje entre la escuadra norteamericana y su similar de Colombia por el \u00faltimo boleto para los Juegos Ol\u00edmpicos de R\u00edo 2016. El duelo de ida y vuelta se jugar\u00e1 primero en Colombia el 25 de Marzo y el definitivo el 29 en Estados Unidos.<\/p>\n<p>Dayro Moreno regresa a la Selecci\u00f3n Colombia. El m\u00e1ximo artillero del Club Tijuana (32 goles) podr\u00eda ver acci\u00f3n en los duelos de eliminatoria mundialista Rusia 2018 ante Bolivia el pr\u00f3ximo jueves y Ecuador el 29.<\/p>\n<p>Gibran Lajud y Carlos Guzm\u00e1n se concentraron con el equipo mexicano Sub23 que se prepara para los Juegos Ol\u00edmpicos R\u00edo 2016. Los elementos Xoloitzcuintles podr\u00edan jugar en el esquema de Ra\u00fal Guti\u00e9rrez en la gira por Portugal en los partidos ante Jap\u00f3n el viernes 25, mientras que el lunes 28 al anfitri\u00f3n.<\/p>\n<p><em>Informaci\u00f3n: Club Tijuana Xoloitzcuintles de Caliente.<\/em><\/p>\n<p><em>Foto: Internet.<\/em><\/p>\n","protected":false},"excerpt":{"rendered":"<p>Tijuana, Baja California.- El Club Tijuana contar\u00e1 con 5 representantes en la escena internacional en&#8230;<\/p>\n","protected":false},"author":1,"featured_media":2856754,"comment_status":"closed","ping_status":"closed","sticky":false,"template":"","format":"standard","meta":{"footnotes":""},"categories":[1,576,7,32,17],"tags":[601],"class_list":["post-2856753","post","type-post","status-publish","format-standard","has-post-thumbnail","hentry","category-uncategorized","category-baja-california-en-rio-2016","category-deportes","category-soccer","category-xolos-de-tijuana","tag-rio2016"],"_links":{"self":[{"href":"https:\/\/agpnoticias.com\/news\/index.php?rest_route=\/wp\/v2\/posts\/2856753","targetHints":{"allow":["GET"]}}],"collection":[{"href":"https:\/\/agpnoticias.com\/news\/index.php?rest_route=\/wp\/v2\/posts"}],"about":[{"href":"https:\/\/agpnoticias.com\/news\/index.php?rest_route=\/wp\/v2\/types\/post"}],"author":[{"embeddable":true,"href":"https:\/\/agpnoticias.com\/news\/index.php?rest_route=\/wp\/v2\/users\/1"}],"replies":[{"embeddable":true,"href":"https:\/\/agpnoticias.com\/news\/index.php?rest_route=%2Fwp%2Fv2%2Fcomments&post=2856753"}],"version-history":[{"count":2,"href":"https:\/\/agpnoticias.com\/news\/index.php?rest_route=\/wp\/v2\/posts\/2856753\/revisions"}],"predecessor-version":[{"id":2856756,"href":"https:\/\/agpnoticias.com\/news\/index.php?rest_route=\/wp\/v2\/posts\/2856753\/revisions\/2856756"}],"wp:featuredmedia":[{"embeddable":true,"href":"https:\/\/agpnoticias.com\/news\/index.php?rest_route=\/wp\/v2\/media\/2856754"}],"wp:attachment":[{"href":"https:\/\/agpnoticias.com\/news\/index.php?rest_route=%2Fwp%2Fv2%2Fmedia&parent=2856753"}],"wp:term":[{"taxonomy":"category","embeddable":true,"href":"https:\/\/agpnoticias.com\/news\/index.php?rest_route=%2Fwp%2Fv2%2Fcategories&post=2856753"},{"taxonomy":"post_tag","embeddable":true,"href":"https:\/\/agpnoticias.com\/news\/index.php?rest_route=%2Fwp%2Fv2%2Ftags&post=2856753"}],"curies":[{"name":"wp","href":"https:\/\/api.w.org\/{rel}","templated":true}]}}