{"id":2858049,"date":"2016-04-20T17:33:15","date_gmt":"2016-04-21T00:33:15","guid":{"rendered":"http:\/\/agpnoticias.com\/news\/?p=2858049"},"modified":"2016-04-20T17:37:47","modified_gmt":"2016-04-21T00:37:47","slug":"viaje-a-la-guarida-de-pumas-xolos-por-su-vida-en-busca-de-liguilla","status":"publish","type":"post","link":"https:\/\/agpnoticias.com\/news\/?p=2858049","title":{"rendered":"Viaje a la guarida de Pumas; Xolos por su vida en busca de liguilla"},"content":{"rendered":"<figure id=\"attachment_2858051\" aria-describedby=\"caption-attachment-2858051\" style=\"width: 800px\" class=\"wp-caption aligncenter\"><a href=\"http:\/\/agpnoticias.com\/news\/viaje-a-la-guarida-de-pumas-xolos-por-su-vida-en-busca-de-liguilla\/los-xolos-entrenaron-el-miercoles-por-la-manana-en-tijuana\/\" rel=\"attachment wp-att-2858051\"><img fetchpriority=\"high\" decoding=\"async\" class=\"size-full wp-image-2858051\" src=\"http:\/\/agpnoticias.com\/news\/wp-content\/uploads\/2016\/04\/Los-Xolos-entrenaron-el-mi\u00e9rcoles-por-la-ma\u00f1ana-en-Tijuana.jpg\" alt=\"Los Xolos entrenaron el mi\u00e9rcoles por la ma\u00f1ana en Tijuana\" width=\"800\" height=\"555\" srcset=\"https:\/\/agpnoticias.com\/news\/wp-content\/uploads\/2016\/04\/Los-Xolos-entrenaron-el-mi\u00e9rcoles-por-la-ma\u00f1ana-en-Tijuana.jpg 800w, https:\/\/agpnoticias.com\/news\/wp-content\/uploads\/2016\/04\/Los-Xolos-entrenaron-el-mi\u00e9rcoles-por-la-ma\u00f1ana-en-Tijuana-768x533.jpg 768w, https:\/\/agpnoticias.com\/news\/wp-content\/uploads\/2016\/04\/Los-Xolos-entrenaron-el-mi\u00e9rcoles-por-la-ma\u00f1ana-en-Tijuana-600x416.jpg 600w, https:\/\/agpnoticias.com\/news\/wp-content\/uploads\/2016\/04\/Los-Xolos-entrenaron-el-mi\u00e9rcoles-por-la-ma\u00f1ana-en-Tijuana-250x173.jpg 250w, https:\/\/agpnoticias.com\/news\/wp-content\/uploads\/2016\/04\/Los-Xolos-entrenaron-el-mi\u00e9rcoles-por-la-ma\u00f1ana-en-Tijuana-550x382.jpg 550w, https:\/\/agpnoticias.com\/news\/wp-content\/uploads\/2016\/04\/Los-Xolos-entrenaron-el-mi\u00e9rcoles-por-la-ma\u00f1ana-en-Tijuana-259x180.jpg 259w, https:\/\/agpnoticias.com\/news\/wp-content\/uploads\/2016\/04\/Los-Xolos-entrenaron-el-mi\u00e9rcoles-por-la-ma\u00f1ana-en-Tijuana-432x300.jpg 432w, https:\/\/agpnoticias.com\/news\/wp-content\/uploads\/2016\/04\/Los-Xolos-entrenaron-el-mi\u00e9rcoles-por-la-ma\u00f1ana-en-Tijuana-721x500.jpg 721w\" sizes=\"(max-width: 800px) 100vw, 800px\" \/><\/a><figcaption id=\"caption-attachment-2858051\" class=\"wp-caption-text\">Los Xolos entrenaron el mi\u00e9rcoles por la ma\u00f1ana en Tijuana<\/figcaption><\/figure>\n<p>Tijuana, Baja California.- Xoloitzcuintles finaliz\u00f3 con los entrenamientos en la Frontera, previos a la visita a los Pumas de la Universidad Nacional Aut\u00f3noma de M\u00e9xico este viernes (18:00 horas Pac\u00edfico).<\/p>\n<figure id=\"attachment_2858052\" aria-describedby=\"caption-attachment-2858052\" style=\"width: 200px\" class=\"wp-caption alignright\"><a href=\"http:\/\/agpnoticias.com\/news\/viaje-a-la-guarida-de-pumas-xolos-por-su-vida-en-busca-de-liguilla\/despues-de-la-practica-dayro-moreno-y-el-resto-de-los-xolos-viajaron-a-la-capital\/\" rel=\"attachment wp-att-2858052\"><img decoding=\"async\" class=\"size-full wp-image-2858052\" src=\"http:\/\/agpnoticias.com\/news\/wp-content\/uploads\/2016\/04\/Despu\u00e9s-de-la-pr\u00e1ctica-Dayro-Moreno-y-el-resto-de-los-Xolos-viajaron-a-la-capital-e1461198763493.jpg\" alt=\"Despu\u00e9s de la pr\u00e1ctica, Dayro Moreno y el resto de los Xolos viajaron a la capital\" width=\"200\" height=\"133\" \/><\/a><figcaption id=\"caption-attachment-2858052\" class=\"wp-caption-text\">Despu\u00e9s de la pr\u00e1ctica, Dayro Moreno y el resto de los Xolos viajaron a la capital<\/figcaption><\/figure>\n<p>El Club Tijuana se desplaz\u00f3 este mi\u00e9rcoles por la tarde a la Ciudad de M\u00e9xico, donde se concentrar\u00e1 en el Centro de Alto Rendimiento de la Federaci\u00f3n Mexicana de Futbol.<\/p>\n<p>Tras la pr\u00e1ctica matutina dirigida por Miguel Herrera, los Canes Aztecas tuvieron una visita especial de aficionados fronterizos en la activaci\u00f3n en conjunto con Clamato, Calimax, Comex y Telcel en la cancha anexa de pasto natural del Estadio Caliente.<\/p>\n<p>La escuadra Rojinegra parti\u00f3 por la tarde al centro del Pa\u00eds, donde este jueves cerrar\u00e1n la preparaci\u00f3n para el vital partido ante la UNAM.<\/p>\n<p>Los Xoloitzcuintles tendr\u00e1n una sesi\u00f3n de entrenamiento matutino en el CAR.<\/p>\n<p><em>Informaci\u00f3n y fotograf\u00edas: Club Tijuana Xoloitzcuintles de Caliente.<\/em><\/p>\n","protected":false},"excerpt":{"rendered":"<p>Tijuana, Baja California.- Xoloitzcuintles finaliz\u00f3 con los entrenamientos en la Frontera, previos a la visita&#8230;<\/p>\n","protected":false},"author":1,"featured_media":2858051,"comment_status":"closed","ping_status":"closed","sticky":false,"template":"","format":"standard","meta":{"footnotes":""},"categories":[1,7,32,17],"tags":[],"class_list":["post-2858049","post","type-post","status-publish","format-standard","has-post-thumbnail","hentry","category-uncategorized","category-deportes","category-soccer","category-xolos-de-tijuana"],"_links":{"self":[{"href":"https:\/\/agpnoticias.com\/news\/index.php?rest_route=\/wp\/v2\/posts\/2858049","targetHints":{"allow":["GET"]}}],"collection":[{"href":"https:\/\/agpnoticias.com\/news\/index.php?rest_route=\/wp\/v2\/posts"}],"about":[{"href":"https:\/\/agpnoticias.com\/news\/index.php?rest_route=\/wp\/v2\/types\/post"}],"author":[{"embeddable":true,"href":"https:\/\/agpnoticias.com\/news\/index.php?rest_route=\/wp\/v2\/users\/1"}],"replies":[{"embeddable":true,"href":"https:\/\/agpnoticias.com\/news\/index.php?rest_route=%2Fwp%2Fv2%2Fcomments&post=2858049"}],"version-history":[{"count":4,"href":"https:\/\/agpnoticias.com\/news\/index.php?rest_route=\/wp\/v2\/posts\/2858049\/revisions"}],"predecessor-version":[{"id":2858055,"href":"https:\/\/agpnoticias.com\/news\/index.php?rest_route=\/wp\/v2\/posts\/2858049\/revisions\/2858055"}],"wp:featuredmedia":[{"embeddable":true,"href":"https:\/\/agpnoticias.com\/news\/index.php?rest_route=\/wp\/v2\/media\/2858051"}],"wp:attachment":[{"href":"https:\/\/agpnoticias.com\/news\/index.php?rest_route=%2Fwp%2Fv2%2Fmedia&parent=2858049"}],"wp:term":[{"taxonomy":"category","embeddable":true,"href":"https:\/\/agpnoticias.com\/news\/index.php?rest_route=%2Fwp%2Fv2%2Fcategories&post=2858049"},{"taxonomy":"post_tag","embeddable":true,"href":"https:\/\/agpnoticias.com\/news\/index.php?rest_route=%2Fwp%2Fv2%2Ftags&post=2858049"}],"curies":[{"name":"wp","href":"https:\/\/api.w.org\/{rel}","templated":true}]}}