{"id":2860217,"date":"2016-06-01T20:07:58","date_gmt":"2016-06-02T03:07:58","guid":{"rendered":"http:\/\/agpnoticias.com\/news\/?p=2860217"},"modified":"2023-03-07T21:16:21","modified_gmt":"2023-03-08T05:16:21","slug":"chile-mas-claro-que-mexico-pero-empatan-al-medio-tiempo","status":"publish","type":"post","link":"https:\/\/agpnoticias.com\/news\/?p=2860217","title":{"rendered":"Chile m\u00e1s claro que M\u00e9xico, pero empatan al medio tiempo"},"content":{"rendered":"<figure id=\"attachment_2860219\" aria-describedby=\"caption-attachment-2860219\" style=\"width: 800px\" class=\"wp-caption aligncenter\"><a href=\"http:\/\/agpnoticias.com\/news\/chile-mas-claro-que-mexico-pero-empatan-al-medio-tiempo\/gary-medel-del-inter-de-milan-frente-a-oribe-peralta-de-america\/\" rel=\"attachment wp-att-2860219\"><img fetchpriority=\"high\" decoding=\"async\" class=\"size-full wp-image-2860219\" src=\"http:\/\/agpnoticias.com\/news\/wp-content\/uploads\/2016\/06\/Gary-Medel-del-Inter-de-Mil\u00e1n-frente-a-Oribe-Peralta-de-Am\u00e9rica-e1464836861587.jpg\" alt=\"Gary Medel, del Inter de Mil\u00e1n, frente a Oribe Peralta, de Am\u00e9rica\" width=\"800\" height=\"575\" \/><\/a><figcaption id=\"caption-attachment-2860219\" class=\"wp-caption-text\">Gary Medel, del Inter de Mil\u00e1n, frente a Oribe Peralta, de Am\u00e9rica<\/figcaption><\/figure>\n<p>San Diego, California.- M\u00e9xico y Chile empatan a cero al medio tiempo del \u00faltimo juego de preparaci\u00f3n que ambas selecciones sostienen antes de su participaci\u00f3n en la Copa Am\u00e9rica Centenario.<\/p>\n<p>Los andinos, que abren el lunes ante Argentina, fueron m\u00e1s claros e insistentes ante un combinado mexicano -rival de Uruguay en el inicio de justa continental- que careci\u00f3 de profundidad e ideas.<\/p>\n<p>Juan Carlos Osorio, seleccionado de M\u00e9xico, opt\u00f3 por colocar en el arco a Alfredo Talavera y no a Jes\u00fas Corona, como se hab\u00eda manejado durante la semana despu\u00e9s de que Guillermo Ochoa jug\u00f3 en la victoria del fin de semana ante Paraguay.<\/p>\n<p>En la defensa jugaron por las laterales Paul Aguilar y Jorge Torres Nilo, con Yasser Corona y N\u00e9stor Araujo en la central. H\u00e9ctor Moreno y Rafael M\u00e1rquez fueron al banco.<\/p>\n<p>El medio campo cont\u00f3 con Diego Reyes, Miguel Lay\u00fan y H\u00e9ctor Herrera, mientras que adelante alinearon Jes\u00fas \u201cTecatito\u201d Corona, Oribe Peralta y Diego Reyes. \u201cChicharito\u201d fue reservado.<\/p>\n<p>Juan Antonio Pizzi present\u00f3 en el arco al portero de la Universidad Cat\u00f3lica, Cirstopher Toselli, ya que el guardameta de Barcelona, Claudio Bravo, apenas se incorpor\u00f3 una noche antes a la concentraci\u00f3n.<\/p>\n<p>La zaga form\u00f3 con Jos\u00e9 Pedro Fuenzalida por derecha, Eugenio Mena en el otro costado y los centrales fueron Enzo Roco y Gary Medel.<\/p>\n<p>En la recuperaci\u00f3n hicieron mancuerna Marcelo D\u00edaz y Charles Aranguiz, con Arturo Vidal y Edosn Puch; adelante arrancaron Alexis S\u00e1nchez y Nicol\u00e1s Castillo.<\/p>\n<p><strong>Primer tiempo<\/strong><br \/>\nChile pudo irse con ventaja al medio tiempo; contragolpe\u00f3 y gener\u00f3 peligro al primer minuto. Alexis S\u00e1nchez condujo y cedi\u00f3 a Edson Puch, pero el atacante andino no acert\u00f3 en la definici\u00f3n frente a Talavera.<\/p>\n<p>Nuevamente fue el seleccionado sudamericano que lleg\u00f3 a puerta en un par de ocasiones y fue mediante Alexis Sanchez, que pate\u00f3 fuera de la meta mexicana. Y al 25 volvi\u00f3 a aparecer Edson Puch, en este caso en un bal\u00f3n pasado a segundo palo sin que ning\u00fan mexicano atinara a cortarlo, pero su remate se estrell\u00f3 en el larguero.<\/p>\n<p>Alexis S\u00e1nchez, una constante avenida por izquierda, cabece\u00f3 sin suerte la \u00faltima oportunidad del primer tiempo.<\/p>\n<p>En resumen, un conjunto chileno que lleg\u00f3 varias veces y termin\u00f3 sus avances.<br \/>\nDel otro lado, casi nada por contar.<\/p>\n<p><strong>M\u00e9xico<\/strong><br \/>\nAlfredo Talavera, Paul Aguilar, N\u00e9stor Araujo, Yasser Corona, Jorge Torres Nilo, Diego Reyes, Miguel Lay\u00fan, H\u00e9ctor Herrera, Jes\u00fas Manuel Corona, Oribe Peralta y Ra\u00fal Jim\u00e9nez.<\/p>\n<p><strong>Chile<\/strong><br \/>\nCristopher Toselli, Jos\u00e9 Pedro Fuenzalida, Gary Medel, Eugenio Mena, Enzo Roco, Charles Aranguiz, Marcelo D\u00edaz Arturo Vidal, Nicol\u00e1s Castillo, Alexis S\u00e1nchez y Edson Puch.<\/p>\n","protected":false},"excerpt":{"rendered":"<p>San Diego, California.- M\u00e9xico y Chile empatan a cero al medio tiempo del \u00faltimo juego&#8230;<\/p>\n","protected":false},"author":16,"featured_media":2860219,"comment_status":"closed","ping_status":"closed","sticky":false,"template":"","format":"standard","meta":{"footnotes":""},"categories":[1,7,32,1149],"tags":[593],"class_list":["post-2860217","post","type-post","status-publish","format-standard","has-post-thumbnail","hentry","category-uncategorized","category-deportes","category-soccer","category-seleccion-mexicana-2","tag-copa-america"],"_links":{"self":[{"href":"https:\/\/agpnoticias.com\/news\/index.php?rest_route=\/wp\/v2\/posts\/2860217","targetHints":{"allow":["GET"]}}],"collection":[{"href":"https:\/\/agpnoticias.com\/news\/index.php?rest_route=\/wp\/v2\/posts"}],"about":[{"href":"https:\/\/agpnoticias.com\/news\/index.php?rest_route=\/wp\/v2\/types\/post"}],"author":[{"embeddable":true,"href":"https:\/\/agpnoticias.com\/news\/index.php?rest_route=\/wp\/v2\/users\/16"}],"replies":[{"embeddable":true,"href":"https:\/\/agpnoticias.com\/news\/index.php?rest_route=%2Fwp%2Fv2%2Fcomments&post=2860217"}],"version-history":[{"count":3,"href":"https:\/\/agpnoticias.com\/news\/index.php?rest_route=\/wp\/v2\/posts\/2860217\/revisions"}],"predecessor-version":[{"id":2860221,"href":"https:\/\/agpnoticias.com\/news\/index.php?rest_route=\/wp\/v2\/posts\/2860217\/revisions\/2860221"}],"wp:featuredmedia":[{"embeddable":true,"href":"https:\/\/agpnoticias.com\/news\/index.php?rest_route=\/wp\/v2\/media\/2860219"}],"wp:attachment":[{"href":"https:\/\/agpnoticias.com\/news\/index.php?rest_route=%2Fwp%2Fv2%2Fmedia&parent=2860217"}],"wp:term":[{"taxonomy":"category","embeddable":true,"href":"https:\/\/agpnoticias.com\/news\/index.php?rest_route=%2Fwp%2Fv2%2Fcategories&post=2860217"},{"taxonomy":"post_tag","embeddable":true,"href":"https:\/\/agpnoticias.com\/news\/index.php?rest_route=%2Fwp%2Fv2%2Ftags&post=2860217"}],"curies":[{"name":"wp","href":"https:\/\/api.w.org\/{rel}","templated":true}]}}