{"id":2860495,"date":"2016-06-06T17:15:25","date_gmt":"2016-06-07T00:15:25","guid":{"rendered":"http:\/\/agpnoticias.com\/news\/?p=2860495"},"modified":"2016-06-06T17:16:27","modified_gmt":"2016-06-07T00:16:27","slug":"boxeadores-ensenadenses-lideres-en-el-estado-preparan-olimpiada-y-campeonato-nacional","status":"publish","type":"post","link":"https:\/\/agpnoticias.com\/news\/?p=2860495","title":{"rendered":"Boxeadores ensenadenses, l\u00edderes en el estado, preparan Olimpiada y Campeonato Nacional"},"content":{"rendered":"<figure id=\"attachment_2860497\" aria-describedby=\"caption-attachment-2860497\" style=\"width: 800px\" class=\"wp-caption alignright\"><a href=\"http:\/\/agpnoticias.com\/news\/boxeadores-ensenadenses-lideres-en-el-estado-preparan-olimpiada-y-campeonato-nacional\/ensenada-lidero-en-el-estatal\/\" rel=\"attachment wp-att-2860497\"><img fetchpriority=\"high\" decoding=\"async\" class=\"size-full wp-image-2860497\" src=\"http:\/\/agpnoticias.com\/news\/wp-content\/uploads\/2016\/06\/Ensenada-lider\u00f3-en-el-estatal-e1465258508756.jpg\" alt=\"Ensenada lider\u00f3 en el estatal\" width=\"800\" height=\"533\" \/><\/a><figcaption id=\"caption-attachment-2860497\" class=\"wp-caption-text\">Ensenada lider\u00f3 en el estatal<\/figcaption><\/figure>\n<p>Ensenada, Baja California.-De nueva cuenta, Ensenada ser\u00e1 base de las selecciones de boxeo de Baja California que competir\u00e1n en la Olimpiada Nacional y el Campeonato Nacional Juvenil a partir de julio.<\/p>\n<p>Con el dominio a nivel nacional por tres a\u00f1os, Baja California, como local, tratar\u00e1 de refrendar ese logro con p\u00fagiles de Ensenada que dominaron el estatal disputado tres semanas atr\u00e1s en Mexicali, tal como lo hicieron en casa durante 2015.<\/p>\n<p>En esa etapa eliminatoria, \u201cparticiparon 28 atletas y 20 clasificaron en las categor\u00edas infantil menor, mayor y juveniles. El a\u00f1o pasado ganamos el estatal en Ensenada, as\u00ed que fue nuestro segundo liderato consecutivo\u201d, dijo Jacinto P\u00e9rez.<\/p>\n<p>El responsable de la disciplina en el Centro de Alto Rendimiento de Ensenada consider\u00f3 que \u201cel \u00e9xito de Ensenada ha sido por la uni\u00f3n y la coordinaci\u00f3n de los dem\u00e1s gimnasios con nosotros que estamos en el CAR para lograr un buen intercambio entre los atletas de todos los clubes\u201d.<\/p>\n<p>Junto a su compatriota Jorge F\u00e9lix Hern\u00e1ndez, el t\u00e9cnico cubano ha establecido un grupo compacto de peleadores, ahora l\u00edderes en el estado.<\/p>\n<p>\u201cEst\u00e1 el club de Rafa Guzm\u00e1n que es el que m\u00e1s tiempo tiene con nosotros, pero tambi\u00e9n contamos con cuatro o cinco clubes m\u00e1s que hacen el aporte, como Aparicio, El Gallo y Chava F\u00e9lix, adem\u00e1s de un nuevo gimnasio de Jos\u00e9 \u00b4Pich\u00f3n\u00b4 Garc\u00eda\u201d, reconoci\u00f3.<\/p>\n<p>El objetivo de Baja California, ya con la selecci\u00f3n definida, \u201cconsiste en continuar estos tres a\u00f1os siendo campeones. Habr\u00e1 cambios en relaci\u00f3n a la puntuaci\u00f3n, pero sabemos que podemos seguir arriba, ahora que los resultados ya no ser\u00e1n por medalla de oro sino por puntos\u201d.<\/p>\n<p>\u201cSomos fuertes en todas las categor\u00edas, pero en la Infantil Mayor tenemos atletas de 15 y 16 a\u00f1os con un futuro enorme\u201d, afirm\u00f3.<\/p>\n<p>Un motivo de optimismo es que la Olimpiada y el Campeonato Nacional Juvenil ser\u00e1n en el estado, lo que \u201csiempre es una ventaja para aprovechar\u201d.<\/p>\n","protected":false},"excerpt":{"rendered":"<p>Ensenada, Baja California.-De nueva cuenta, Ensenada ser\u00e1 base de las selecciones de boxeo de Baja&#8230;<\/p>\n","protected":false},"author":1,"featured_media":2860497,"comment_status":"closed","ping_status":"closed","sticky":false,"template":"","format":"standard","meta":{"footnotes":""},"categories":[36,7],"tags":[],"class_list":["post-2860495","post","type-post","status-publish","format-standard","has-post-thumbnail","hentry","category-boxeo","category-deportes"],"_links":{"self":[{"href":"https:\/\/agpnoticias.com\/news\/index.php?rest_route=\/wp\/v2\/posts\/2860495","targetHints":{"allow":["GET"]}}],"collection":[{"href":"https:\/\/agpnoticias.com\/news\/index.php?rest_route=\/wp\/v2\/posts"}],"about":[{"href":"https:\/\/agpnoticias.com\/news\/index.php?rest_route=\/wp\/v2\/types\/post"}],"author":[{"embeddable":true,"href":"https:\/\/agpnoticias.com\/news\/index.php?rest_route=\/wp\/v2\/users\/1"}],"replies":[{"embeddable":true,"href":"https:\/\/agpnoticias.com\/news\/index.php?rest_route=%2Fwp%2Fv2%2Fcomments&post=2860495"}],"version-history":[{"count":3,"href":"https:\/\/agpnoticias.com\/news\/index.php?rest_route=\/wp\/v2\/posts\/2860495\/revisions"}],"predecessor-version":[{"id":2860499,"href":"https:\/\/agpnoticias.com\/news\/index.php?rest_route=\/wp\/v2\/posts\/2860495\/revisions\/2860499"}],"wp:featuredmedia":[{"embeddable":true,"href":"https:\/\/agpnoticias.com\/news\/index.php?rest_route=\/wp\/v2\/media\/2860497"}],"wp:attachment":[{"href":"https:\/\/agpnoticias.com\/news\/index.php?rest_route=%2Fwp%2Fv2%2Fmedia&parent=2860495"}],"wp:term":[{"taxonomy":"category","embeddable":true,"href":"https:\/\/agpnoticias.com\/news\/index.php?rest_route=%2Fwp%2Fv2%2Fcategories&post=2860495"},{"taxonomy":"post_tag","embeddable":true,"href":"https:\/\/agpnoticias.com\/news\/index.php?rest_route=%2Fwp%2Fv2%2Ftags&post=2860495"}],"curies":[{"name":"wp","href":"https:\/\/api.w.org\/{rel}","templated":true}]}}