{"id":2860542,"date":"2016-06-07T16:34:25","date_gmt":"2016-06-07T23:34:25","guid":{"rendered":"http:\/\/agpnoticias.com\/news\/?p=2860542"},"modified":"2016-06-09T12:46:48","modified_gmt":"2016-06-09T19:46:48","slug":"advierte-marchena-a-canett-chuy-va-en-serio","status":"publish","type":"post","link":"https:\/\/agpnoticias.com\/news\/?p=2860542","title":{"rendered":"Advierte Marchena a Canett: Chuy va en serio"},"content":{"rendered":"<figure id=\"attachment_2860544\" aria-describedby=\"caption-attachment-2860544\" style=\"width: 800px\" class=\"wp-caption aligncenter\"><a href=\"http:\/\/agpnoticias.com\/news\/advierte-marchena-a-canett-chuy-va-en-serio\/chuy-perez-4\/\" rel=\"attachment wp-att-2860544\"><img fetchpriority=\"high\" decoding=\"async\" class=\"size-full wp-image-2860544\" src=\"http:\/\/agpnoticias.com\/news\/wp-content\/uploads\/2016\/06\/Chuy-P\u00e9rez-e1465342453590.jpg\" alt=\"Chuy P\u00e9rez\" width=\"800\" height=\"533\" \/><\/a><figcaption id=\"caption-attachment-2860544\" class=\"wp-caption-text\">Chuy P\u00e9rez<\/figcaption><\/figure>\n<p>Ensenada, Baja California.- El promotor Ram\u00f3n Marchena conoce bien a Chuy P\u00e9rez. Sabe lo que puede dar desde que lo ve\u00eda entrenar con su t\u00edo Ram\u00f3n. Y en las visitas que ha hecho al gimnasio de \u00d3scar \u201cVaquero\u201d Maldonado, donde Chuy entrena en la actualidad, ha vuelto a ver a ese peleador t\u00e9cnico, fino, que apunt\u00f3 en su momento como el gran prospecto del boxeo local.<\/p>\n<p>Por ello conf\u00eda en que el viernes 1 de julio subir\u00e1 en plenitud al gimnasio que se montar\u00e1 en el gimnasio municipal, \u201ccon deseos y ganas\u201d, para sostener la pelea m\u00e1s esperada entre la afici\u00f3n local, contra Alexis \u201cPillo\u201d Canett.<\/p>\n<p>\u201cEspero que Canett est\u00e9 trabajando fuerte porque Chuy ha tomado muy en serio esta pelea y quiere ganarla\u201d, afirm\u00f3 el titular de Marchena Promotions.<\/p>\n<p>Se trata de la pelea semifinal de una cartelera que encabezar\u00e1n Misael Castillo y Joksan Hern\u00e1ndez.<\/p>\n<p>En ese sentido, Ram\u00f3n Marchena sostuvo que la funci\u00f3n ser\u00e1 de calidad por la clase de boxeadores elegidos para conformar cada uno de los combates.<\/p>\n<p>En lo particular, destac\u00f3 el contraste de estilos entre Canett, reconocido por su pegada, y Chuy, de caracter\u00edsticas m\u00e1s t\u00e9cnicas.<\/p>\n<p>La divisi\u00f3n pactada para el combate es super ligero y ser\u00e1 a ocho asaltos.<\/p>\n<p><strong>Peleas proyectadas por Marchena Promotions<\/strong><\/p>\n<p>Misael Castillo vs. Joksan Hern\u00e1ndez<\/p>\n<p>Alexis Canett vs. Chuy P\u00e9rez<\/p>\n<p>Agust\u00edn \u201cTowiz\u201d Camacho vs. Leroy Covarrubias<\/p>\n<p>Carlos \u201cGallito\u201d Morgan vs. C\u00e9sar \u201cMayu\u201d Garc\u00eda<\/p>\n<p>Alfredo Mej\u00eda vs. Zeus Valenzuela<\/p>\n<p>Carlos \u201cTorito\u201d Oleta vs. Osvaldo Verdugo.<\/p>\n<p>Ismael \u201cPollo\u201d Vazquez vs. Gabriel Echegaray<\/p>\n","protected":false},"excerpt":{"rendered":"<p>Ensenada, Baja California.- El promotor Ram\u00f3n Marchena conoce bien a Chuy P\u00e9rez. Sabe lo que&#8230;<\/p>\n","protected":false},"author":1,"featured_media":2860544,"comment_status":"closed","ping_status":"closed","sticky":false,"template":"","format":"standard","meta":{"footnotes":""},"categories":[1,36,7],"tags":[595],"class_list":["post-2860542","post","type-post","status-publish","format-standard","has-post-thumbnail","hentry","category-uncategorized","category-boxeo","category-deportes","tag-destacado"],"_links":{"self":[{"href":"https:\/\/agpnoticias.com\/news\/index.php?rest_route=\/wp\/v2\/posts\/2860542","targetHints":{"allow":["GET"]}}],"collection":[{"href":"https:\/\/agpnoticias.com\/news\/index.php?rest_route=\/wp\/v2\/posts"}],"about":[{"href":"https:\/\/agpnoticias.com\/news\/index.php?rest_route=\/wp\/v2\/types\/post"}],"author":[{"embeddable":true,"href":"https:\/\/agpnoticias.com\/news\/index.php?rest_route=\/wp\/v2\/users\/1"}],"replies":[{"embeddable":true,"href":"https:\/\/agpnoticias.com\/news\/index.php?rest_route=%2Fwp%2Fv2%2Fcomments&post=2860542"}],"version-history":[{"count":3,"href":"https:\/\/agpnoticias.com\/news\/index.php?rest_route=\/wp\/v2\/posts\/2860542\/revisions"}],"predecessor-version":[{"id":2860546,"href":"https:\/\/agpnoticias.com\/news\/index.php?rest_route=\/wp\/v2\/posts\/2860542\/revisions\/2860546"}],"wp:featuredmedia":[{"embeddable":true,"href":"https:\/\/agpnoticias.com\/news\/index.php?rest_route=\/wp\/v2\/media\/2860544"}],"wp:attachment":[{"href":"https:\/\/agpnoticias.com\/news\/index.php?rest_route=%2Fwp%2Fv2%2Fmedia&parent=2860542"}],"wp:term":[{"taxonomy":"category","embeddable":true,"href":"https:\/\/agpnoticias.com\/news\/index.php?rest_route=%2Fwp%2Fv2%2Fcategories&post=2860542"},{"taxonomy":"post_tag","embeddable":true,"href":"https:\/\/agpnoticias.com\/news\/index.php?rest_route=%2Fwp%2Fv2%2Ftags&post=2860542"}],"curies":[{"name":"wp","href":"https:\/\/api.w.org\/{rel}","templated":true}]}}