{"id":2860627,"date":"2016-06-08T23:20:02","date_gmt":"2016-06-09T06:20:02","guid":{"rendered":"http:\/\/agpnoticias.com\/news\/?p=2860627"},"modified":"2016-06-08T23:20:03","modified_gmt":"2016-06-09T06:20:03","slug":"aviles-hurtado-caraglio-yasser-y-el-negro-medina-nuevos-xoloitzcuintles","status":"publish","type":"post","link":"https:\/\/agpnoticias.com\/news\/?p=2860627","title":{"rendered":"Avil\u00e9s Hurtado, Caraglio, Yasser y \u00abEl Negro\u00bb Medina, nuevos Xoloitzcuintles"},"content":{"rendered":"<figure id=\"attachment_2860631\" aria-describedby=\"caption-attachment-2860631\" style=\"width: 200px\" class=\"wp-caption alignright\"><a href=\"http:\/\/agpnoticias.com\/news\/aviles-hurtado-caraglio-yasser-y-el-negro-medina-nuevos-xoloitzcuintles\/yasser-corona-defensa-de-la-seleccion-fue-contratado-por-tijuana\/\" rel=\"attachment wp-att-2860631\"><img decoding=\"async\" class=\"size-full wp-image-2860631\" src=\"http:\/\/agpnoticias.com\/news\/wp-content\/uploads\/2016\/06\/Yasser-Corona-defensa-de-la-selecci\u00f3n-fue-contratado-por-Tijuana-e1465452882537.jpg\" alt=\"Yasser Corona, defensa de la selecci\u00f3n, fue contratado por Tijuana\" width=\"200\" height=\"197\" \/><\/a><figcaption id=\"caption-attachment-2860631\" class=\"wp-caption-text\">Yasser Corona, defensa de la selecci\u00f3n, fue contratado por Tijuana<\/figcaption><\/figure>\n<p>Canc\u00fan, Quintana Roo.- Cuatro nuevos jugadores fueron adquiridos por los Xoloitzcuintles de Tijuana para encarar el Torneo Apertura 2016.<\/p>\n<p>El defensor Yasser Corona, el mediocampista Juan Carlos \u201cNegro\u201d Medina y los delanteros Milton Caraglio y Avil\u00e9s Hurtado son las incorporaciones que se sumar\u00e1n a la concentraci\u00f3n del equipo en Mazatl\u00e1n, Sinaloa.<\/p>\n<p>\u201cSalgo contento por las circunstancias que conseguimos\u201d, dijo Miguel Herrera, reci\u00e9n celebrado el R\u00e9gimen de Transferencias. \u201cDe lo que ten\u00edamos pensado, nos llevamos lo que quer\u00edamos\u201d, apunt\u00f3.<\/p>\n<p>Refiri\u00f3 que el colombiano Avil\u00e9s Hurtado, ex Jaguares, \u201ces un jugador con gran desequilibrio, buena gambeta, buen pase de gol, buen atacante\u2026\u201d<\/p>\n<figure id=\"attachment_2860633\" aria-describedby=\"caption-attachment-2860633\" style=\"width: 200px\" class=\"wp-caption alignleft\"><a href=\"http:\/\/agpnoticias.com\/news\/aviles-hurtado-caraglio-yasser-y-el-negro-medina-nuevos-xoloitzcuintles\/milton-caraglio-2\/\" rel=\"attachment wp-att-2860633\"><img decoding=\"async\" class=\"size-full wp-image-2860633\" src=\"http:\/\/agpnoticias.com\/news\/wp-content\/uploads\/2016\/06\/Milton-Caraglio-1-e1465452993571.jpg\" alt=\"Milton Caraglio\" width=\"200\" height=\"113\" \/><\/a><figcaption id=\"caption-attachment-2860633\" class=\"wp-caption-text\">Milton Caraglio<\/figcaption><\/figure>\n<p>De Milton Caraglio, indic\u00f3: \u201ces buen centro delantero, (cuenta con) buen f\u00edsico y tendremos que surtirlo de balones para que meta muchos goles\u201d.<\/p>\n<p>De la incorporaci\u00f3n en la zaga, mencion\u00f3 que \u201cla llegada de Yasser Corona es sensacional, un central por izquierda de buen tama\u00f1o, bueno para el grupo, de selecci\u00f3n mexicana\u2026\u201d.<\/p>\n<p>\u201cY \u00b4El Negrito\u00b4 Medina es de nuestra confianza para completar la base de lo que queremos. Todos est\u00e1n contentos de llegar\u201d, afirm\u00f3.<\/p>\n<p>Miguel Herrera se unir\u00e1 al equipo a partir del lunes para conducir los trabajos f\u00edsicos en Mazatl\u00e1n, antes de los primeros encuentros de fogueo.<\/p>\n<p><a href=\"http:\/\/agpnoticias.com\/news\/aviles-hurtado-caraglio-yasser-y-el-negro-medina-nuevos-xoloitzcuintles\/13335864_10153452657367130_4013878386616595797_n-1\/\" rel=\"attachment wp-att-2860635\"><img fetchpriority=\"high\" decoding=\"async\" class=\"alignleft size-full wp-image-2860635\" src=\"http:\/\/agpnoticias.com\/news\/wp-content\/uploads\/2016\/06\/13335864_10153452657367130_4013878386616595797_n-1-1-e1465453149634.jpg\" alt=\"13335864_10153452657367130_4013878386616595797_n (1)\" width=\"800\" height=\"533\" \/><\/a><\/p>\n","protected":false},"excerpt":{"rendered":"<p>Canc\u00fan, Quintana Roo.- Cuatro nuevos jugadores fueron adquiridos por los Xoloitzcuintles de Tijuana para encarar&#8230;<\/p>\n","protected":false},"author":1,"featured_media":2860632,"comment_status":"closed","ping_status":"closed","sticky":false,"template":"","format":"standard","meta":{"footnotes":""},"categories":[1,7,32,17],"tags":[],"class_list":["post-2860627","post","type-post","status-publish","format-standard","has-post-thumbnail","hentry","category-uncategorized","category-deportes","category-soccer","category-xolos-de-tijuana"],"_links":{"self":[{"href":"https:\/\/agpnoticias.com\/news\/index.php?rest_route=\/wp\/v2\/posts\/2860627","targetHints":{"allow":["GET"]}}],"collection":[{"href":"https:\/\/agpnoticias.com\/news\/index.php?rest_route=\/wp\/v2\/posts"}],"about":[{"href":"https:\/\/agpnoticias.com\/news\/index.php?rest_route=\/wp\/v2\/types\/post"}],"author":[{"embeddable":true,"href":"https:\/\/agpnoticias.com\/news\/index.php?rest_route=\/wp\/v2\/users\/1"}],"replies":[{"embeddable":true,"href":"https:\/\/agpnoticias.com\/news\/index.php?rest_route=%2Fwp%2Fv2%2Fcomments&post=2860627"}],"version-history":[{"count":3,"href":"https:\/\/agpnoticias.com\/news\/index.php?rest_route=\/wp\/v2\/posts\/2860627\/revisions"}],"predecessor-version":[{"id":2860637,"href":"https:\/\/agpnoticias.com\/news\/index.php?rest_route=\/wp\/v2\/posts\/2860627\/revisions\/2860637"}],"wp:featuredmedia":[{"embeddable":true,"href":"https:\/\/agpnoticias.com\/news\/index.php?rest_route=\/wp\/v2\/media\/2860632"}],"wp:attachment":[{"href":"https:\/\/agpnoticias.com\/news\/index.php?rest_route=%2Fwp%2Fv2%2Fmedia&parent=2860627"}],"wp:term":[{"taxonomy":"category","embeddable":true,"href":"https:\/\/agpnoticias.com\/news\/index.php?rest_route=%2Fwp%2Fv2%2Fcategories&post=2860627"},{"taxonomy":"post_tag","embeddable":true,"href":"https:\/\/agpnoticias.com\/news\/index.php?rest_route=%2Fwp%2Fv2%2Ftags&post=2860627"}],"curies":[{"name":"wp","href":"https:\/\/api.w.org\/{rel}","templated":true}]}}