{"id":2861058,"date":"2016-06-14T16:49:53","date_gmt":"2016-06-14T23:49:53","guid":{"rendered":"http:\/\/agpnoticias.com\/news\/?p=2861058"},"modified":"2016-06-15T11:58:34","modified_gmt":"2016-06-15T18:58:34","slug":"danielcorral-director-del-inde-lo-ve-cuando-menos-en-una-final-olimpica","status":"publish","type":"post","link":"https:\/\/agpnoticias.com\/news\/?p=2861058","title":{"rendered":"#DanielCorral: Director del INDE lo ve, al menos, en una final ol\u00edmpica"},"content":{"rendered":"<p>Ensenada, Baja California.- Daniel Corral tiene el talento suficiente para lograr la expectativa planteada por el Instituto del Deporte de Baja California (INDE) consistente en clasificar a una final en los Juegos Ol\u00edmpicos de R\u00edo.<\/p>\n<p>\u201cAuguro que estar\u00e1 en la final de su aparato, que son los arzones, y estando ah\u00ed puede lograr lo que quiera. Daniel es super bueno, elegante y seguro como muy pocos en caballo con arzones, pero adem\u00e1s ha tenido excelentes resultados en barras paralelas\u201d, consider\u00f3 Sa\u00fal Castro Verdugo.<\/p>\n<p>El director del INDE se\u00f1al\u00f3 que \u201cya estando en la final, sabemos que todo empieza de cero entre los ocho competidores, y espero que si se tiene que tirar de cabeza, se tire de cabeza\u201d.<\/p>\n<p>\u201cTengo mucha confianza porque es un atleta con gran mentalidad. Ese s\u00ed es un atleta de alta competencia\u201d, apunt\u00f3.<\/p>\n<figure id=\"attachment_2861061\" aria-describedby=\"caption-attachment-2861061\" style=\"width: 400px\" class=\"wp-caption alignright\"><a href=\"http:\/\/agpnoticias.com\/news\/danielcorral-director-del-inde-lo-ve-cuando-menos-en-una-final-olimpica\/saul-castro-director-del-inde-10\/\" rel=\"attachment wp-att-2861061\"><img fetchpriority=\"high\" decoding=\"async\" class=\"size-full wp-image-2861061\" src=\"http:\/\/agpnoticias.com\/news\/wp-content\/uploads\/2016\/06\/Sa\u00fal-Castro-director-del-INDE-1-e1465948177256.jpg\" alt=\"Sa\u00fal Castro, director del INDE\" width=\"400\" height=\"267\" \/><\/a><figcaption id=\"caption-attachment-2861061\" class=\"wp-caption-text\">Sa\u00fal Castro, director del INDE<\/figcaption><\/figure>\n<p>Sobre la partida del gimnasta a Gran Breta\u00f1a, dijo: \u201cCreo que su preparaci\u00f3n ha sido muy buena estos meses. Por octubre tomamos la decisi\u00f3n de enviarlo (a Birmingham) y, aunque fue un poco tarde, lo he visto experimentar un cambio impresionante, f\u00edsica y mentalmente.<\/p>\n<p>\u201cDaniel tiene un proceso dif\u00edcil porque no cuenta con un entrenador de base que coma, duerma y piense en su atleta. Actualmente trabaja con dos entrenadores de apoyo, pero as\u00ed lo decidimos porque sabemos de la preparaci\u00f3n y la capacidad mental con que cuenta el atleta\u201d, reconoci\u00f3.<\/p>\n<p>En ese sentido, agreg\u00f3: \u201cLa verdad le tengo mucha confianza y veo que se ha sacrificado mucho. No trae un equipo multidisciplinario y vive de manera austera. Es un atleta fuera de serie. Est\u00e1 un poco m\u00e1s all\u00e1 de todos nuestros atletas, en el primer plano internacional\u201d.<\/p>\n<p>\u201cEspero que tenga la mentalidad y se haga la justicia porque es uno de los atletas m\u00e1s talentosos de este pa\u00eds, y compite en la disciplina m\u00e1s compleja\u201d, expres\u00f3.<\/p>\n<p>Daniel Corral clasific\u00f3 a los Juegos Ol\u00edmpicos en abril durante la eliminatoria final realizada en R\u00edo de Janeiro.<\/p>\n","protected":false},"excerpt":{"rendered":"<p>Ensenada, Baja California.- Daniel Corral tiene el talento suficiente para lograr la expectativa planteada por&#8230;<\/p>\n","protected":false},"author":1,"featured_media":2861060,"comment_status":"open","ping_status":"closed","sticky":false,"template":"","format":"standard","meta":{"footnotes":""},"categories":[576,73,7,46],"tags":[601],"class_list":["post-2861058","post","type-post","status-publish","format-standard","has-post-thumbnail","hentry","category-baja-california-en-rio-2016","category-deportebajacalifornia","category-deportes","category-gimnasia","tag-rio2016"],"_links":{"self":[{"href":"https:\/\/agpnoticias.com\/news\/index.php?rest_route=\/wp\/v2\/posts\/2861058","targetHints":{"allow":["GET"]}}],"collection":[{"href":"https:\/\/agpnoticias.com\/news\/index.php?rest_route=\/wp\/v2\/posts"}],"about":[{"href":"https:\/\/agpnoticias.com\/news\/index.php?rest_route=\/wp\/v2\/types\/post"}],"author":[{"embeddable":true,"href":"https:\/\/agpnoticias.com\/news\/index.php?rest_route=\/wp\/v2\/users\/1"}],"replies":[{"embeddable":true,"href":"https:\/\/agpnoticias.com\/news\/index.php?rest_route=%2Fwp%2Fv2%2Fcomments&post=2861058"}],"version-history":[{"count":6,"href":"https:\/\/agpnoticias.com\/news\/index.php?rest_route=\/wp\/v2\/posts\/2861058\/revisions"}],"predecessor-version":[{"id":2861085,"href":"https:\/\/agpnoticias.com\/news\/index.php?rest_route=\/wp\/v2\/posts\/2861058\/revisions\/2861085"}],"wp:featuredmedia":[{"embeddable":true,"href":"https:\/\/agpnoticias.com\/news\/index.php?rest_route=\/wp\/v2\/media\/2861060"}],"wp:attachment":[{"href":"https:\/\/agpnoticias.com\/news\/index.php?rest_route=%2Fwp%2Fv2%2Fmedia&parent=2861058"}],"wp:term":[{"taxonomy":"category","embeddable":true,"href":"https:\/\/agpnoticias.com\/news\/index.php?rest_route=%2Fwp%2Fv2%2Fcategories&post=2861058"},{"taxonomy":"post_tag","embeddable":true,"href":"https:\/\/agpnoticias.com\/news\/index.php?rest_route=%2Fwp%2Fv2%2Ftags&post=2861058"}],"curies":[{"name":"wp","href":"https:\/\/api.w.org\/{rel}","templated":true}]}}