{"id":2861368,"date":"2016-06-19T13:15:12","date_gmt":"2016-06-19T20:15:12","guid":{"rendered":"http:\/\/agpnoticias.com\/news\/?p=2861368"},"modified":"2016-06-19T13:15:12","modified_gmt":"2016-06-19T20:15:12","slug":"copadelfines-ensenada-fue-sede-el-fin-de-semana","status":"publish","type":"post","link":"https:\/\/agpnoticias.com\/news\/?p=2861368","title":{"rendered":"#CopaDelfines: Ensenada fue sede el fin de semana"},"content":{"rendered":"<p>Ensenada, Baja California.- La tercera edici\u00f3n de la Copa Delfines se realiz\u00f3 este fin de semana en Ensenada con una baja en t\u00e9rminos de participaci\u00f3n debido a la participaci\u00f3n de la selecci\u00f3n de Nataci\u00f3n de Baja California en torneos de fogueo programados en los Estados Unidos.<\/p>\n<p><a href=\"http:\/\/agpnoticias.com\/news\/copadelfines-ensenada-fue-sede-el-fin-de-semana\/img_9906\/\" rel=\"attachment wp-att-2861369\"><img fetchpriority=\"high\" decoding=\"async\" class=\"alignright size-full wp-image-2861369\" src=\"http:\/\/agpnoticias.com\/news\/wp-content\/uploads\/2016\/06\/IMG_9906-e1466367289106.jpg\" alt=\"IMG_9906\" width=\"380\" height=\"226\" \/><\/a>\u201cFueron 131 competidores, 11 equipos, pero s\u00ed baj\u00f3 bastante la respuesta porque en esta ocasi\u00f3n la selecci\u00f3n de Baja California est\u00e1 compitiendo en California y eso noa perjudic\u00f3 hasta en un 40 por ciento de asistencia\u201d, refiri\u00f3 Guillermo L\u00f3pez.<\/p>\n<p>El responsable del equipo Delfines explic\u00f3 que en 2016 le correspondi\u00f3 a su club organizar el evento, cuya sede es rotativa y ahora correspondi\u00f3 a la alberca de Ciudad Deportiva.<\/p>\n<p>\u201cSe programa a nivel estado, asociaci\u00f3n, y as\u00ed se van eligiendo las sedes y los equipos que organizar\u00e1n. Se rotan las fechas, las competencias y cada equipo debe organizar una al a\u00f1o, siempre en julio\u201d, explic\u00f3.<\/p>\n<p>Y finalmente, lament\u00f3 que \u201cadem\u00e1s de la salida de los seleccionados a Estados Unidos, se nos cruz\u00f3 el D\u00eda del Padre\u201d.<\/p>\n<p>Guillermo L\u00f3pez destac\u00f3 el nivel de sus dirigidos y en general del nivel existente en Baja California.<\/p>\n","protected":false},"excerpt":{"rendered":"<p>Ensenada, Baja California.- La tercera edici\u00f3n de la Copa Delfines se realiz\u00f3 este fin de&#8230;<\/p>\n","protected":false},"author":1,"featured_media":2861370,"comment_status":"open","ping_status":"closed","sticky":false,"template":"","format":"standard","meta":{"footnotes":""},"categories":[73,7],"tags":[],"class_list":["post-2861368","post","type-post","status-publish","format-standard","has-post-thumbnail","hentry","category-deportebajacalifornia","category-deportes"],"_links":{"self":[{"href":"https:\/\/agpnoticias.com\/news\/index.php?rest_route=\/wp\/v2\/posts\/2861368","targetHints":{"allow":["GET"]}}],"collection":[{"href":"https:\/\/agpnoticias.com\/news\/index.php?rest_route=\/wp\/v2\/posts"}],"about":[{"href":"https:\/\/agpnoticias.com\/news\/index.php?rest_route=\/wp\/v2\/types\/post"}],"author":[{"embeddable":true,"href":"https:\/\/agpnoticias.com\/news\/index.php?rest_route=\/wp\/v2\/users\/1"}],"replies":[{"embeddable":true,"href":"https:\/\/agpnoticias.com\/news\/index.php?rest_route=%2Fwp%2Fv2%2Fcomments&post=2861368"}],"version-history":[{"count":2,"href":"https:\/\/agpnoticias.com\/news\/index.php?rest_route=\/wp\/v2\/posts\/2861368\/revisions"}],"predecessor-version":[{"id":2861372,"href":"https:\/\/agpnoticias.com\/news\/index.php?rest_route=\/wp\/v2\/posts\/2861368\/revisions\/2861372"}],"wp:featuredmedia":[{"embeddable":true,"href":"https:\/\/agpnoticias.com\/news\/index.php?rest_route=\/wp\/v2\/media\/2861370"}],"wp:attachment":[{"href":"https:\/\/agpnoticias.com\/news\/index.php?rest_route=%2Fwp%2Fv2%2Fmedia&parent=2861368"}],"wp:term":[{"taxonomy":"category","embeddable":true,"href":"https:\/\/agpnoticias.com\/news\/index.php?rest_route=%2Fwp%2Fv2%2Fcategories&post=2861368"},{"taxonomy":"post_tag","embeddable":true,"href":"https:\/\/agpnoticias.com\/news\/index.php?rest_route=%2Fwp%2Fv2%2Ftags&post=2861368"}],"curies":[{"name":"wp","href":"https:\/\/api.w.org\/{rel}","templated":true}]}}