{"id":2862439,"date":"2016-07-06T18:58:46","date_gmt":"2016-07-07T01:58:46","guid":{"rendered":"http:\/\/agpnoticias.com\/news\/?p=2862439"},"modified":"2016-07-06T19:05:53","modified_gmt":"2016-07-07T02:05:53","slug":"danielcorral-revela-avances-de-su-preparacion-a-rio-en-agenda-fox-sports","status":"publish","type":"post","link":"https:\/\/agpnoticias.com\/news\/?p=2862439","title":{"rendered":"#DanielCorral: Revela avances de su preparaci\u00f3n a R\u00edo en Agenda Fox Sports (VIDEO)"},"content":{"rendered":"<p>Ensenada, Baja California.- Daniel Corral est\u00e1 en el cierre de su preparaci\u00f3n rumbo a sus segundos Juegos Ol\u00edmpicos, los de R\u00edo 2016, y comparti\u00f3 los avances del trabajo que realiza en Birmingham, Inglaterra, durante una entrevista concedida al programa Agenda Fox Sports.<\/p>\n<p>Entrevistado por Fernando Schwartz y Valeria Mar\u00edn, el gimnasta ensenadense relat\u00f3 lo vivido en el Reino Unido desde diciembre de 2015 cuando decidi\u00f3 cambiar su proyecto ol\u00edmpico.<\/p>\n<p>\u201cEstoy en Inglaterra. Me mud\u00e9 en diciembre para entrar en un nuevo sistema de entrenamiento y estar junto a gimnastas de clase mundial. Tambi\u00e9n para conocer el sistema de trabajo porque la gimnasia que se est\u00e1 haciendo ac\u00e1 es muy buena con avances en muy poco tiempo\u201d, dijo.<\/p>\n<p>El seleccionado nacional mexicano, que obtuvo una medalla de plata hace unos d\u00edas en caballo con arzones durante el Abierto de Londres, admiti\u00f3 que \u201cfue un poco dif\u00edcil dejar a mi familia y todas las comodidades\u201d, aunque se\u00f1al\u00f3 que ha habido una evoluci\u00f3n en su proceso de adaptaci\u00f3n.<\/p>\n<p><iframe src=\"https:\/\/www.youtube.com\/embed\/gR0aFC92Haw\" width=\"640\" height=\"360\" frameborder=\"0\" allowfullscreen=\"allowfullscreen\"><\/iframe>&gt;<\/p>\n<p>Sobre el trabajo espec\u00edfico para la competencia, se\u00f1al\u00f3: \u201cLas rutinas ya est\u00e1n establecidas, sabemos lo que vamos a hacer. En este momento se trata de pulir los \u00faltimos detalles y arreglar ciertos ejercicios, enfoc\u00e1ndonos en repeticiones mejorando cada vez\u201d.<\/p>\n<p>Daniel Corral reiter\u00f3 sus posibilidades en el caballo con arzones, pero agreg\u00f3 que su rutina en barras paralelas, donde clasific\u00f3 a la final en Londres, le da para pensar en la disputa de los primeros lugares.<\/p>\n<p>Reconoci\u00f3 que \u201cla gimnasia durante el \u00faltimo ciclo ha crecido much\u00edsimo. Lo de 2012 no tiene nada que ver con lo que se ha visto en los \u00faltimos campeonatos del mundo en cuanto al grado de dificultad\u201d.<\/p>\n<p>El gimnasta bajacaliforniano destac\u00f3 lo aprendido con el cuerpo t\u00e9cnico del equipo ingl\u00e9s y sus seleccionados, y adelant\u00f3 que sostendr\u00e1 una concentraci\u00f3n en Portugal antes de viajar a R\u00edo los \u00faltimos d\u00edas de julio.<\/p>\n<p>En R\u00edo, dijo, la aspiraci\u00f3n ser\u00e1 aplicar los conocimientos \u201cabsorbidos\u201d en Birmingham \u201cpara mejorar el resultado\u201d que consigui\u00f3 en Londres.<\/p>\n<p>Por \u00faltimo, reconoci\u00f3 el apoyo del Instituto del Deporte de Baja California, Conade y un grupo de patrocinadores para poder concentrarse por ocho meses en Inglaterra.<\/p>\n<p>&nbsp;<\/p>\n","protected":false},"excerpt":{"rendered":"<p>Ensenada, Baja California.- Daniel Corral est\u00e1 en el cierre de su preparaci\u00f3n rumbo a sus&#8230;<\/p>\n","protected":false},"author":1,"featured_media":2862473,"comment_status":"open","ping_status":"closed","sticky":false,"template":"","format":"standard","meta":{"footnotes":""},"categories":[7,46],"tags":[595,601],"class_list":["post-2862439","post","type-post","status-publish","format-standard","has-post-thumbnail","hentry","category-deportes","category-gimnasia","tag-destacado","tag-rio2016"],"_links":{"self":[{"href":"https:\/\/agpnoticias.com\/news\/index.php?rest_route=\/wp\/v2\/posts\/2862439","targetHints":{"allow":["GET"]}}],"collection":[{"href":"https:\/\/agpnoticias.com\/news\/index.php?rest_route=\/wp\/v2\/posts"}],"about":[{"href":"https:\/\/agpnoticias.com\/news\/index.php?rest_route=\/wp\/v2\/types\/post"}],"author":[{"embeddable":true,"href":"https:\/\/agpnoticias.com\/news\/index.php?rest_route=\/wp\/v2\/users\/1"}],"replies":[{"embeddable":true,"href":"https:\/\/agpnoticias.com\/news\/index.php?rest_route=%2Fwp%2Fv2%2Fcomments&post=2862439"}],"version-history":[{"count":9,"href":"https:\/\/agpnoticias.com\/news\/index.php?rest_route=\/wp\/v2\/posts\/2862439\/revisions"}],"predecessor-version":[{"id":2862493,"href":"https:\/\/agpnoticias.com\/news\/index.php?rest_route=\/wp\/v2\/posts\/2862439\/revisions\/2862493"}],"wp:featuredmedia":[{"embeddable":true,"href":"https:\/\/agpnoticias.com\/news\/index.php?rest_route=\/wp\/v2\/media\/2862473"}],"wp:attachment":[{"href":"https:\/\/agpnoticias.com\/news\/index.php?rest_route=%2Fwp%2Fv2%2Fmedia&parent=2862439"}],"wp:term":[{"taxonomy":"category","embeddable":true,"href":"https:\/\/agpnoticias.com\/news\/index.php?rest_route=%2Fwp%2Fv2%2Fcategories&post=2862439"},{"taxonomy":"post_tag","embeddable":true,"href":"https:\/\/agpnoticias.com\/news\/index.php?rest_route=%2Fwp%2Fv2%2Ftags&post=2862439"}],"curies":[{"name":"wp","href":"https:\/\/api.w.org\/{rel}","templated":true}]}}