{"id":2863238,"date":"2016-07-17T16:21:41","date_gmt":"2016-07-17T23:21:41","guid":{"rendered":"http:\/\/agpnoticias.com\/news\/?p=2863238"},"modified":"2016-12-28T21:26:34","modified_gmt":"2016-12-29T05:26:34","slug":"patines-baja-california-por-el-liderato-nacional-en-2017","status":"publish","type":"post","link":"https:\/\/agpnoticias.com\/news\/?p=2863238","title":{"rendered":"#Patines: Baja California por el liderato nacional en 2017"},"content":{"rendered":"<p>Ensenada, Baja California.- Los cimientos sobre los que se ha construido la selecci\u00f3n de Patines sobre Ruedas de Baja California anima a su responsable t\u00e9cnico a lanzar el pron\u00f3stico para la Olimpiada Nacional y el Juvenil 2017: \u201cVamos a pelear el primer lugar\u201d.<\/p>\n<figure id=\"attachment_2863240\" aria-describedby=\"caption-attachment-2863240\" style=\"width: 128px\" class=\"wp-caption alignright\"><a href=\"http:\/\/agpnoticias.com\/news\/patines-baja-california-por-el-liderato-nacional-en-2017\/victor-de-horta-y-karissa-garcia\/\" rel=\"attachment wp-att-2863240\"><img decoding=\"async\" class=\"size-full wp-image-2863240\" src=\"http:\/\/agpnoticias.com\/news\/wp-content\/uploads\/2016\/07\/V\u00edctor-de-Horta-y-Karissa-Garc\u00eda-e1468797679718.jpg\" alt=\"V\u00edctor de Horta y Karissa Garc\u00eda\" width=\"128\" height=\"185\" \/><\/a><figcaption id=\"caption-attachment-2863240\" class=\"wp-caption-text\">V\u00edctor de Horta y Karissa Garc\u00eda<\/figcaption><\/figure>\n<p>\u201cSin duda estaremos ah\u00ed. En esta ocasi\u00f3n pudimos lograr hasta seis medallas de oro y terminamos por superar los tres del a\u00f1o pasado con cuatro oros, dos platas y un bronce\u201d, dijo Luis Sevilla, a instantes de finalizado el proceso 2016.<\/p>\n<p>Como argumento a su vaticinio, el t\u00e9cnico dijo que \u201chay cinco atletas que repiten segundo a\u00f1o en su categor\u00eda y el camino se hace un poco m\u00e1s sencillo con Melissa Orozco, V\u00edctor de Horta, Rodrigo Orozco, Cairo Ag\u00fcero, Silvia Basti\u00e1n y Karissa Garc\u00eda\u201d.<\/p>\n<p>\u201cEste a\u00f1os hemos cumplido el objetivo. Iniciamos pensando en dos medallas de oro porque todos los seleccionados sub\u00edan de categor\u00eda, pero conforme fueron pasando los meses, el equipo se hizo s\u00f3lido y pensamos en superar el resultado de tres oros del a\u00f1o pasado, como sucedi\u00f3 finalmente\u201d, refiri\u00f3.<\/p>\n<p>Melissa Orozco gan\u00f3 dos medallas de oro y una plata, mientras que V\u00edctor de Horta aport\u00f3 un oro, Karissa Garc\u00eda una plata y Rodrigo Orozco un bronce.<\/p>\n<figure id=\"attachment_2863244\" aria-describedby=\"caption-attachment-2863244\" style=\"width: 800px\" class=\"wp-caption alignright\"><a href=\"http:\/\/agpnoticias.com\/news\/patines-baja-california-por-el-liderato-nacional-en-2017\/rodrigo-orozco\/\" rel=\"attachment wp-att-2863244\"><img fetchpriority=\"high\" decoding=\"async\" class=\"size-full wp-image-2863244\" src=\"http:\/\/agpnoticias.com\/news\/wp-content\/uploads\/2016\/07\/Rodrigo-Orozco-e1468797875460.jpg\" alt=\"Rodrigo Orozco\" width=\"800\" height=\"538\" \/><\/a><figcaption id=\"caption-attachment-2863244\" class=\"wp-caption-text\">Rodrigo Orozco<\/figcaption><\/figure>\n","protected":false},"excerpt":{"rendered":"<p>Ensenada, Baja California.- Los cimientos sobre los que se ha construido la selecci\u00f3n de Patines&#8230;<\/p>\n","protected":false},"author":1,"featured_media":2863239,"comment_status":"open","ping_status":"closed","sticky":false,"template":"","format":"standard","meta":{"footnotes":""},"categories":[73,7,694],"tags":[595],"class_list":["post-2863238","post","type-post","status-publish","format-standard","has-post-thumbnail","hentry","category-deportebajacalifornia","category-deportes","category-patines-sobre-ruedas","tag-destacado"],"_links":{"self":[{"href":"https:\/\/agpnoticias.com\/news\/index.php?rest_route=\/wp\/v2\/posts\/2863238","targetHints":{"allow":["GET"]}}],"collection":[{"href":"https:\/\/agpnoticias.com\/news\/index.php?rest_route=\/wp\/v2\/posts"}],"about":[{"href":"https:\/\/agpnoticias.com\/news\/index.php?rest_route=\/wp\/v2\/types\/post"}],"author":[{"embeddable":true,"href":"https:\/\/agpnoticias.com\/news\/index.php?rest_route=\/wp\/v2\/users\/1"}],"replies":[{"embeddable":true,"href":"https:\/\/agpnoticias.com\/news\/index.php?rest_route=%2Fwp%2Fv2%2Fcomments&post=2863238"}],"version-history":[{"count":4,"href":"https:\/\/agpnoticias.com\/news\/index.php?rest_route=\/wp\/v2\/posts\/2863238\/revisions"}],"predecessor-version":[{"id":2863246,"href":"https:\/\/agpnoticias.com\/news\/index.php?rest_route=\/wp\/v2\/posts\/2863238\/revisions\/2863246"}],"wp:featuredmedia":[{"embeddable":true,"href":"https:\/\/agpnoticias.com\/news\/index.php?rest_route=\/wp\/v2\/media\/2863239"}],"wp:attachment":[{"href":"https:\/\/agpnoticias.com\/news\/index.php?rest_route=%2Fwp%2Fv2%2Fmedia&parent=2863238"}],"wp:term":[{"taxonomy":"category","embeddable":true,"href":"https:\/\/agpnoticias.com\/news\/index.php?rest_route=%2Fwp%2Fv2%2Fcategories&post=2863238"},{"taxonomy":"post_tag","embeddable":true,"href":"https:\/\/agpnoticias.com\/news\/index.php?rest_route=%2Fwp%2Fv2%2Ftags&post=2863238"}],"curies":[{"name":"wp","href":"https:\/\/api.w.org\/{rel}","templated":true}]}}