{"id":2863255,"date":"2016-07-17T17:16:28","date_gmt":"2016-07-18T00:16:28","guid":{"rendered":"http:\/\/agpnoticias.com\/news\/?p=2863255"},"modified":"2016-07-17T17:23:49","modified_gmt":"2016-07-18T00:23:49","slug":"xolos-vilar-pensaba-en-el-retiro-dio-marcha-atras-por-gratitud-a-miguel-herrera","status":"publish","type":"post","link":"https:\/\/agpnoticias.com\/news\/?p=2863255","title":{"rendered":"#Xolos: Vilar pensaba en el retiro; dio marcha atr\u00e1s por gratitud a Miguel Herrera"},"content":{"rendered":"<p>Tijuana, Baja California.- Federico Vilar ten\u00eda pensado dejar el futbol profesional. Pero Miguel Herrera, uno de los t\u00e9cnicos que mayor influencia ha tenido en su carrera desde que lleg\u00f3 a M\u00e9xico, lo disuadi\u00f3 de dar ese paso.<\/p>\n<p>El t\u00e9cnico ha visto en su guardameta titular a una gu\u00eda para que el seleccionado nacional ol\u00edmpicos, Gibr\u00e1n Lajud, pueda crecer de cara a la sucesi\u00f3n en el arco de los Xoloitzcuintles de Tijuana.<\/p>\n<p>\u201cCon Miguel tengo una relaci\u00f3n excelente y estoy muy agradecido porque ha sido important\u00edsimo siempre en mi carrera, y hoy tambi\u00e9n lo es. Estamos trabajando en un torneo muy importante, entonces ya no sirve pensar en otra cosa m\u00e1s que en el partido a partido para dar lo mejor\u201d, indic\u00f3.<\/p>\n<p>El portero que estuvo a las \u00f3rdenes de Herrera en Atlante, consider\u00f3 que tanto Lajud como Dilan Nicoletti, tercer arquero, \u201cson j\u00f3venes vienen pisando fuerte y tienen capacidad\u201d.<\/p>\n<p>\u201cLo que uno tiene que hacer es tratar de aportarles lo mayor posible en el juego y la comunicaci\u00f3n para que puedan dar lo mejor y crecer\u201d, consider\u00f3.<\/p>\n<p>Con una actuaci\u00f3n sobresaliente, Vilar fue decisivo para conservar la ventaja durante el encuentro que abri\u00f3 el Torneo Apertura 2016 con triunfo de 2-0 sobre Monarcas Morelia, el rival directo en la disputa por no descender.<\/p>\n<p>\u201cM\u00e1s all\u00e1 de todo, lo m\u00e1s importante es el resultado y tambi\u00e9n el funcionamiento del equipo. Por grandes lapsos del partido el rendimiento fue bueno. Es la primera jornada y ahora hay que tener la tranquilidad para saber lo que hay que corregir y lo que hay que afianzar\u201d, apunt\u00f3.<\/p>\n","protected":false},"excerpt":{"rendered":"<p>Tijuana, Baja California.- Federico Vilar ten\u00eda pensado dejar el futbol profesional. Pero Miguel Herrera, uno&#8230;<\/p>\n","protected":false},"author":1,"featured_media":2863258,"comment_status":"open","ping_status":"closed","sticky":false,"template":"","format":"standard","meta":{"footnotes":""},"categories":[7,32,17],"tags":[],"class_list":["post-2863255","post","type-post","status-publish","format-standard","has-post-thumbnail","hentry","category-deportes","category-soccer","category-xolos-de-tijuana"],"_links":{"self":[{"href":"https:\/\/agpnoticias.com\/news\/index.php?rest_route=\/wp\/v2\/posts\/2863255","targetHints":{"allow":["GET"]}}],"collection":[{"href":"https:\/\/agpnoticias.com\/news\/index.php?rest_route=\/wp\/v2\/posts"}],"about":[{"href":"https:\/\/agpnoticias.com\/news\/index.php?rest_route=\/wp\/v2\/types\/post"}],"author":[{"embeddable":true,"href":"https:\/\/agpnoticias.com\/news\/index.php?rest_route=\/wp\/v2\/users\/1"}],"replies":[{"embeddable":true,"href":"https:\/\/agpnoticias.com\/news\/index.php?rest_route=%2Fwp%2Fv2%2Fcomments&post=2863255"}],"version-history":[{"count":1,"href":"https:\/\/agpnoticias.com\/news\/index.php?rest_route=\/wp\/v2\/posts\/2863255\/revisions"}],"predecessor-version":[{"id":2863257,"href":"https:\/\/agpnoticias.com\/news\/index.php?rest_route=\/wp\/v2\/posts\/2863255\/revisions\/2863257"}],"wp:featuredmedia":[{"embeddable":true,"href":"https:\/\/agpnoticias.com\/news\/index.php?rest_route=\/wp\/v2\/media\/2863258"}],"wp:attachment":[{"href":"https:\/\/agpnoticias.com\/news\/index.php?rest_route=%2Fwp%2Fv2%2Fmedia&parent=2863255"}],"wp:term":[{"taxonomy":"category","embeddable":true,"href":"https:\/\/agpnoticias.com\/news\/index.php?rest_route=%2Fwp%2Fv2%2Fcategories&post=2863255"},{"taxonomy":"post_tag","embeddable":true,"href":"https:\/\/agpnoticias.com\/news\/index.php?rest_route=%2Fwp%2Fv2%2Ftags&post=2863255"}],"curies":[{"name":"wp","href":"https:\/\/api.w.org\/{rel}","templated":true}]}}