{"id":2865518,"date":"2016-08-27T22:01:56","date_gmt":"2016-08-28T05:01:56","guid":{"rendered":"http:\/\/agpnoticias.com\/news\/?p=2865518"},"modified":"2016-08-28T13:41:48","modified_gmt":"2016-08-28T20:41:48","slug":"apuntes-perdidos-135","status":"publish","type":"post","link":"https:\/\/agpnoticias.com\/news\/?p=2865518","title":{"rendered":"APUNTES PERDIDOS"},"content":{"rendered":"<p style=\"text-align: left;\">[vimeo]http:\/\/vimeo.com\/123456789[\/vimeo]<\/p>\n<p><strong>Por Marco Antonio Dom\u00ednguez<\/strong><\/p>\n<p><strong>Editorial en cuatro palabras<\/strong><\/p>\n<p>Tengo miedo de Nacho. Eso dije cada vez que durante la semana me solicitaron un pron\u00f3stico del cl\u00e1sico. Ah\u00ed est\u00e1 el mont\u00f3n de gente que podr\u00e1 corroborar lo que les cuento en estas l\u00edneas que sirven como introducci\u00f3n a las siguientes, para completar un ejercicio de desahogo frente al despecho. Sin embargo, habr\u00e9 de precisarles, que la r\u00e9plica de mis interlocutores siempre fue en tono de incredulidad. Y los sorprend\u00ed a\u00fan m\u00e1s cuando remat\u00e9: Almeyda, por su propuesta, tendr\u00eda que estar en la banca de Am\u00e9rica, es el tipo de entrenador que aprovechar\u00eda la riqueza de un plantel de esa talla, que lo har\u00eda brillar, que jugar\u00eda como nos gusta a los americanistas, con v\u00e9rtigo, a matar o morir, a todo o nada, as\u00ed como nos educaron el paladar Reinoso, Beenhakker y hasta Carrillo. Mis amigos Chivas no me creyeron, simplemente me miraron como si apelara a la iron\u00eda, como si hiciera escarnio de ellos por los resultados inestables registrados desde que el t\u00e9cnico argentino lleg\u00f3 a un banquillo en el que no ha hallado opciones de recambio cuando las cosas van mal. Y los americanistas tampoco confiaron en mi rol de analista imparcial estando de por medio los colores que me vuelven el m\u00e1s parcial de los analistas, e incluso ni me pelaron; confiados, pensaron que, sobrado como ellos, daba espacio a lo que vislumbraban como una remota, casi imposible posibilidad de perder ante estas Chivas tan lejanas a sus mejores \u00e9pocas. Y cada uno de ellos me vaticin\u00f3 una victoria contundente basada en la estrategia de Nacho, como si lo de Nacho hubiera sido rescatable y estuviera por encima del \u201cPelado\u201d, su contraparte, el hombre que en su momento ascendi\u00f3 a River Plate para sacarlo de su peor crisis hist\u00f3rica hasta construir el equipo que hoy gana copas y campeonatos en el cono sur. As\u00ed con esa sensaci\u00f3n empec\u00e9 a ver el juego de s\u00e1bado. Y tengo que decirles, mis amigos chivas y \u00e1guilas y de cualquier equipo que sean, que no estaba equivocado. Mis temores no eran infundados. Bien fundados que estaban. Almeyda sali\u00f3 en plan de se\u00f1or entrenador. Su planteamiento fue audaz pero sobre todo inteligente, efectivo, de gente grande. Y Nacho, pues\u2026 Nacho ratific\u00f3 lo que es como t\u00e9cnico. Sobre la cancha el suyo fue un equipo tan opaco y deslavado como su camiseta de aniversario: una fiesta atr\u00e1s, desorden, patadas, amonestaciones, todos mal parados, expuestos, vulnerables, tirando pelotas a Rubens, como si Rubens, el h\u00e9roe rebelde, fuese un mago capaz de convertirse en la soluci\u00f3n cuando se ha acostumbrado a ser el problema. Chivas lo gan\u00f3 bien. Am\u00e9rica lo perdi\u00f3 por tres y tuvo la fortuna de no perderlo por m\u00e1s. Y me duele porque soy americanista, pero me temo que continuar\u00e9 repitiendo las primeras cuatro palabras escritas en esta columna (as\u00ed como los editoriales con los que desped\u00eda transmisi\u00f3n el gran Fernando Marcos) cuando mis amigos chivas o \u00e1guilas, o lo que sean, acudan a m\u00ed antes de un cl\u00e1sico o antes de un cualquier partido, siempre y cuando, aclaro, siga Nacho.<\/p>\n<figure id=\"attachment_2355269\" aria-describedby=\"caption-attachment-2355269\" style=\"width: 300px\" class=\"wp-caption alignleft\"><a href=\"http:\/\/agpnoticias.com\/news\/?attachment_id=2355269\" rel=\"attachment wp-att-2355269\"><img decoding=\"async\" class=\"size-full wp-image-2355269\" src=\"http:\/\/agpnoticias.com\/news\/wp-content\/uploads\/2015\/02\/COLUMNAS-MARCO-DOMINGUEZ.png\" alt=\"Marco Antonio Dom\u00ednguez. Trabaj\u00f3 en los grupos radiof\u00f3nicos Estereo Sol 92.1 y Grupo ACIR, donde condujo y dirigi\u00f3 programas deportivos, entre 1994 y 2003. Produjo y present\u00f3 el programa semanal de televisi\u00f3n &quot;Tiempo Extra&quot; en Canal 5 de Cable, parte de S\u00edntesis TV, de 1999 a 2003. Desde noviembre de 2002 hasta abril de 2012 fue reportero de la secci\u00f3n deportiva de Peri\u00f3dico El Vig\u00eda. Tambi\u00e9n ha colaborado para medios como ESPN.com, Agencia Fronteriza de Noticias, Puro Beisbol, Peri\u00f3dico Frontera y AGP Noticias. \" width=\"300\" height=\"100\" srcset=\"https:\/\/agpnoticias.com\/news\/wp-content\/uploads\/2015\/02\/COLUMNAS-MARCO-DOMINGUEZ.png 300w, https:\/\/agpnoticias.com\/news\/wp-content\/uploads\/2015\/02\/COLUMNAS-MARCO-DOMINGUEZ-200x67.png 200w, https:\/\/agpnoticias.com\/news\/wp-content\/uploads\/2015\/02\/COLUMNAS-MARCO-DOMINGUEZ-128x43.png 128w, https:\/\/agpnoticias.com\/news\/wp-content\/uploads\/2015\/02\/COLUMNAS-MARCO-DOMINGUEZ-32x11.png 32w\" sizes=\"(max-width: 300px) 100vw, 300px\" \/><\/a><figcaption id=\"caption-attachment-2355269\" class=\"wp-caption-text\">Marco Antonio Dom\u00ednguez.<br \/>Colaborador AGP Deportes.<\/figcaption><\/figure>\n","protected":false},"excerpt":{"rendered":"<p>[vimeo]http:\/\/vimeo.com\/123456789[\/vimeo] Por Marco Antonio Dom\u00ednguez Editorial en cuatro palabras Tengo miedo de Nacho. Eso dije&#8230;<\/p>\n","protected":false},"author":1,"featured_media":2850062,"comment_status":"open","ping_status":"closed","sticky":false,"template":"","format":"standard","meta":{"footnotes":""},"categories":[24,141,7],"tags":[],"class_list":["post-2865518","post","type-post","status-publish","format-standard","has-post-thumbnail","hentry","category-la-columna","category-columnas","category-deportes"],"_links":{"self":[{"href":"https:\/\/agpnoticias.com\/news\/index.php?rest_route=\/wp\/v2\/posts\/2865518","targetHints":{"allow":["GET"]}}],"collection":[{"href":"https:\/\/agpnoticias.com\/news\/index.php?rest_route=\/wp\/v2\/posts"}],"about":[{"href":"https:\/\/agpnoticias.com\/news\/index.php?rest_route=\/wp\/v2\/types\/post"}],"author":[{"embeddable":true,"href":"https:\/\/agpnoticias.com\/news\/index.php?rest_route=\/wp\/v2\/users\/1"}],"replies":[{"embeddable":true,"href":"https:\/\/agpnoticias.com\/news\/index.php?rest_route=%2Fwp%2Fv2%2Fcomments&post=2865518"}],"version-history":[{"count":4,"href":"https:\/\/agpnoticias.com\/news\/index.php?rest_route=\/wp\/v2\/posts\/2865518\/revisions"}],"predecessor-version":[{"id":2865522,"href":"https:\/\/agpnoticias.com\/news\/index.php?rest_route=\/wp\/v2\/posts\/2865518\/revisions\/2865522"}],"wp:featuredmedia":[{"embeddable":true,"href":"https:\/\/agpnoticias.com\/news\/index.php?rest_route=\/wp\/v2\/media\/2850062"}],"wp:attachment":[{"href":"https:\/\/agpnoticias.com\/news\/index.php?rest_route=%2Fwp%2Fv2%2Fmedia&parent=2865518"}],"wp:term":[{"taxonomy":"category","embeddable":true,"href":"https:\/\/agpnoticias.com\/news\/index.php?rest_route=%2Fwp%2Fv2%2Fcategories&post=2865518"},{"taxonomy":"post_tag","embeddable":true,"href":"https:\/\/agpnoticias.com\/news\/index.php?rest_route=%2Fwp%2Fv2%2Ftags&post=2865518"}],"curies":[{"name":"wp","href":"https:\/\/api.w.org\/{rel}","templated":true}]}}