{"id":2865799,"date":"2016-09-05T15:46:15","date_gmt":"2016-09-05T22:46:15","guid":{"rendered":"http:\/\/agpnoticias.com\/news\/?p=2865799"},"modified":"2016-09-05T16:01:43","modified_gmt":"2016-09-05T23:01:43","slug":"de-porticos-al-canon-de-dona-petra-primera-ruta-de-jesus-andres-en-camino-a-la-sub-17-de-mexico","status":"publish","type":"post","link":"https:\/\/agpnoticias.com\/news\/?p=2865799","title":{"rendered":"De P\u00f3rticos al Ca\u00f1\u00f3n de Do\u00f1a Petra, el regreso a la primera ruta de Jes\u00fas Andr\u00e9s en camino a la Sub 17 de M\u00e9xico"},"content":{"rendered":"<p>Ensenada, Baja California.- Para llegar de P\u00f3rticos del Mar al Ca\u00f1\u00f3n de Do\u00f1a Petra, pr\u00e1cticamente hay que cruzar Ensenada entera. Y cuando menos, para completar el trayecto, resultan necesarios un par de camiones.<\/p>\n<p>Esa fue la rutina que por a\u00f1os sigui\u00f3\u00a0a diario\u00a0Jes\u00fas Andr\u00e9s P\u00e9rez, el \u201cG\u00fcero\u201d, un habilidoso chico que despunt\u00f3 por su talento en las filas del equipo Real Azteca a fuerza de empe\u00f1o.<\/p>\n<p>La an\u00e9cdota es compartida por \u00e9l mismo con las nuevas generaciones de Real Azteca, a d\u00edas de haberse convertido en el mejor jugador de un torneo internacional que la selecci\u00f3n mexicana Sub 17 gan\u00f3 ante sus similares de Qatar, Estados Unidos y Portugal.<\/p>\n<p>Pero antes de esa convocatoria hubo de cumplir con un peregrinar dentro de la estructura de varias organizaciones profesionales, desde 2013.<\/p>\n<p>Primero fue Am\u00e9rica. Luego viaj\u00f3 Espa\u00f1a reclutado por Chucho Ram\u00edrez dentro del proyecto \u201cRumbo a la Liga BBVA\u201d, encaminado a proyectar al talento juvenil de M\u00e9xico con un periodo de residencia en Espa\u00f1a para conocer la estructura de club de aquel pa\u00eds.<\/p>\n<p><a href=\"http:\/\/agpnoticias.com\/news\/de-porticos-al-canon-de-dona-petra-primera-ruta-de-jesus-andres-en-camino-a-la-sub-17-de-mexico\/real-azteca\/\" rel=\"attachment wp-att-2865801\"><img fetchpriority=\"high\" decoding=\"async\" class=\"alignright size-full wp-image-2865801\" src=\"http:\/\/agpnoticias.com\/news\/wp-content\/uploads\/2016\/09\/Real-Azteca-e1473115496435.jpg\" alt=\"Real Azteca\" width=\"390\" height=\"209\" \/><\/a>M\u00e1s adelante fueron Monterrey y Chivas. La estatura, menor al promedio, fue el argumento para seguir en b\u00fasqueda de la consolidaci\u00f3n.<\/p>\n<p>Y entonces lleg\u00f3 Quer\u00e9taro.<\/p>\n<p>En los Gallos Blancos, tras la insistencia del visor ensenadense Pavel Alvarado, tambi\u00e9n formador del futbolista en el equipo local Real Azteca, encontr\u00f3, por fin, su lugar.<\/p>\n<p>El resto ha corrido por su cuenta.<\/p>\n<p>&nbsp;<\/p>\n<p>Actuaciones consistentes con el plantel Sub 17 de Quer\u00e9taro generaron el inter\u00e9s de la selecci\u00f3n mexicana Sub 17, cuyo cuerpo t\u00e9cnico lo convoc\u00f3, por primera vez, unas semanas atr\u00e1s.<\/p>\n<p>El resultado en su torneo de debut no pudo ser mejor: Jugador m\u00e1s valioso entre mexicanos, portugueses, qatar\u00edes y estadunidenses.<\/p>\n<p>\u201cYa hace un a\u00f1o y seis meses me llam\u00f3 Quer\u00e9taro y ah\u00ed me he consolidado. Al principio fue prueba de una semana pero me dijeron que me quer\u00edan porque necesitaban jugadores Sub 15 en la Sub 17 por reglamento de Federaci\u00f3n, as\u00ed que todo empez\u00f3 a facilitarse.<\/p>\n<p>\u201cD\u00edas despu\u00e9s un compa\u00f1ero que jugaba mi posici\u00f3n baj\u00f3 su rendimiento y aprovech\u00e9. Debut\u00e9 contra Santos, ganamos el partido y un torneo despu\u00e9s me registraron con la Sub 17, ya no con la Sub 15\u201d, relat\u00f3.<\/p>\n<p>&nbsp;<\/p>\n<p>Isidro Valencia, H\u00e9ctor \u201cPity\u201d Altamirano y Arturo Ortega son los entrenadores que lo han colocado como titular en el medio campo del plantel queretano, actualmente invicto en la competencia Sub 17.<\/p>\n<p>\u201cHay muchos escalones para llegar, pero no veo tan lejos la Primera Divisi\u00f3n. S\u00e9 que hay que trabajar mucho y as\u00ed lo pienso hacer para llegar en un a\u00f1o o dos\u201d, confi\u00f3.<\/p>\n<p>Las convocatorias a selecci\u00f3n son parte de la evaluaci\u00f3n que el futbolista de Ensenada espera capitalizar para avanzar en el escalaf\u00f3n de la organizaci\u00f3n queretana.<\/p>\n<p>La primera convocatoria lleg\u00f3 mientras se encontraba en la escuela. Y fue inmediata. Horas m\u00e1s tarde ya entrenaba con la selecci\u00f3n Sub 17 en la capital.<\/p>\n<p>A un torneo programado en Jap\u00f3n no pudo asistir. Pero s\u00ed lo hizo al Torneo de Nacional en la Ciudad de M\u00e9xico.<\/p>\n<p>\u201cFueron tres juegos contra Portugal, Qatar y Estados Unidos en este torneo donde fui titular. Y se me reconoci\u00f3 como el mejor jugador. No hice goles pero s\u00ed di asistencias.<\/p>\n<p>\u201cEl primer partido fue mi debut en selecci\u00f3n y me sent\u00ed nervioso pero ya despu\u00e9s se me fueron quitando los nervios y pude jugar y se me dieron las cosas\u201d, explic\u00f3.<\/p>\n<figure id=\"attachment_2865802\" aria-describedby=\"caption-attachment-2865802\" style=\"width: 390px\" class=\"wp-caption alignright\"><a href=\"http:\/\/agpnoticias.com\/news\/de-porticos-al-canon-de-dona-petra-primera-ruta-de-jesus-andres-en-camino-a-la-sub-17-de-mexico\/el-futbolista-con-los-hermanos-pavel-y-felix-alvarado-directores-de-real-azteca\/\" rel=\"attachment wp-att-2865802\"><img decoding=\"async\" class=\"size-full wp-image-2865802\" src=\"http:\/\/agpnoticias.com\/news\/wp-content\/uploads\/2016\/09\/El-futbolista-con-los-hermanos-Pavel-y-F\u00e9lix-Alvarado-directores-de-Real-Azteca-e1473115537319.jpg\" alt=\"El futbolista con los hermanos Pavel y F\u00e9lix Alvarado, directores de Real Azteca\" width=\"390\" height=\"260\" \/><\/a><figcaption id=\"caption-attachment-2865802\" class=\"wp-caption-text\">El futbolista con los hermanos Pavel y F\u00e9lix Alvarado, directores de Real Azteca<\/figcaption><\/figure>\n<p>Con los dos Mundiales ganados por las selecciones Sub 17 de M\u00e9xico en 2005 y 2011, Jes\u00fas Andr\u00e9s espera permanecer dentro del proceso eliminatorio para alcanzar el objetivo de jugar un Mundial.<\/p>\n<p>\u201cYa no juego de delantero como lo hac\u00eda de chico en Ensenada; ahora juego de extremo por lo r\u00e1pido y habilidoso y creo que puedo ganarme el lugar en la selecci\u00f3n\u201d, confi\u00f3.<\/p>\n<p>En el corto plazo, prioriza sus dos responsabilidad en la misma medida.<\/p>\n<p>\u201cReporto con la selecci\u00f3n esta semana porque jugaremos un torneo en Panam\u00e1, y espero quedar en esa convocatoria. Si no regreso a Quer\u00e9taro donde vamos invictos\u201d, inform\u00f3.<\/p>\n<p>En la selecci\u00f3n nacional, dirigida por Mario Arteaga, \u201chay humildad y eso es muy bueno para llegar lejos\u201d.<\/p>\n<p>\u201cCreo que hay que poner Esfuerzo, dedicaci\u00f3n y humildad para poder seguir all\u00e1 sin pensar en regresar a la primera dificultad. Sin cualquiera de esos factores uno no puede permanecer ah\u00ed\u201d, dijo.<\/p>\n<p>Adem\u00e1s, \u201ces necesario tener apoyo emocional para no caer en los momentos m\u00e1s dif\u00edciles. Tengo unos padres que me llaman constantemente\u00a0 y est\u00e1n al pendiente de m\u00ed. Tambi\u00e9n mis hermanos\u201d, reconoci\u00f3.<\/p>\n<p>\u201cEstoy orgulloso de ser seleccionado mexicano. Portar la verde te exige a ponerle todas las ganas y no pienso dejar a medias este sue\u00f1o\u201d, afirm\u00f3<\/p>\n<p>Durante su estancia en Ensenada, Jes\u00fas Andr\u00e9s volvi\u00f3 a esa cancha ubicada en el Ca\u00f1\u00f3n de Do\u00f1a Petra, donde ya ten\u00eda claro hasta donde quer\u00eda llegar.<\/p>\n<p>\u201cEs un orgullo haber jugado en Real Azteca. Recuerdo cuando tomaba dos camiones para llegar de P\u00f3rticos hasta ac\u00e1. Est\u00e1 bien lejos. Primero era llegar al centro y luego tomar otro para venir a entrenar al Gil Ojeda y m\u00e1s adelante ac\u00e1 al Ca\u00f1\u00f3n de Do\u00f1a Petra.<\/p>\n<p>\u201cLos sacrificios son bastantes porque hay que dejar amigos, escuela, novia. Aqu\u00ed inici\u00e9 y me siento muy orgulloso de volver a ver a mis entrenadores y a mis amigos de Real Azteca\u201d, expres\u00f3 momentos antes de emprender el regreso.<\/p>\n<p>Lo espera Mario Arteaga, el t\u00e9cnico de la selecci\u00f3n mexicana Sub 17.<\/p>\n","protected":false},"excerpt":{"rendered":"<p>Ensenada, Baja California.- Para llegar de P\u00f3rticos del Mar al Ca\u00f1\u00f3n de Do\u00f1a Petra, pr\u00e1cticamente&#8230;<\/p>\n","protected":false},"author":1,"featured_media":2865800,"comment_status":"open","ping_status":"closed","sticky":false,"template":"","format":"standard","meta":{"footnotes":""},"categories":[7,32],"tags":[595],"class_list":["post-2865799","post","type-post","status-publish","format-standard","has-post-thumbnail","hentry","category-deportes","category-soccer","tag-destacado"],"_links":{"self":[{"href":"https:\/\/agpnoticias.com\/news\/index.php?rest_route=\/wp\/v2\/posts\/2865799","targetHints":{"allow":["GET"]}}],"collection":[{"href":"https:\/\/agpnoticias.com\/news\/index.php?rest_route=\/wp\/v2\/posts"}],"about":[{"href":"https:\/\/agpnoticias.com\/news\/index.php?rest_route=\/wp\/v2\/types\/post"}],"author":[{"embeddable":true,"href":"https:\/\/agpnoticias.com\/news\/index.php?rest_route=\/wp\/v2\/users\/1"}],"replies":[{"embeddable":true,"href":"https:\/\/agpnoticias.com\/news\/index.php?rest_route=%2Fwp%2Fv2%2Fcomments&post=2865799"}],"version-history":[{"count":4,"href":"https:\/\/agpnoticias.com\/news\/index.php?rest_route=\/wp\/v2\/posts\/2865799\/revisions"}],"predecessor-version":[{"id":2865806,"href":"https:\/\/agpnoticias.com\/news\/index.php?rest_route=\/wp\/v2\/posts\/2865799\/revisions\/2865806"}],"wp:featuredmedia":[{"embeddable":true,"href":"https:\/\/agpnoticias.com\/news\/index.php?rest_route=\/wp\/v2\/media\/2865800"}],"wp:attachment":[{"href":"https:\/\/agpnoticias.com\/news\/index.php?rest_route=%2Fwp%2Fv2%2Fmedia&parent=2865799"}],"wp:term":[{"taxonomy":"category","embeddable":true,"href":"https:\/\/agpnoticias.com\/news\/index.php?rest_route=%2Fwp%2Fv2%2Fcategories&post=2865799"},{"taxonomy":"post_tag","embeddable":true,"href":"https:\/\/agpnoticias.com\/news\/index.php?rest_route=%2Fwp%2Fv2%2Ftags&post=2865799"}],"curies":[{"name":"wp","href":"https:\/\/api.w.org\/{rel}","templated":true}]}}