{"id":2865807,"date":"2016-09-05T16:27:57","date_gmt":"2016-09-05T23:27:57","guid":{"rendered":"http:\/\/agpnoticias.com\/news\/?p=2865807"},"modified":"2016-09-05T16:29:05","modified_gmt":"2016-09-05T23:29:05","slug":"jesus-andres-el-bajito-de-real-azteca-convocado-a-la-sub-17-por-inteligente-y-talentoso","status":"publish","type":"post","link":"https:\/\/agpnoticias.com\/news\/?p=2865807","title":{"rendered":"Jes\u00fas Andr\u00e9s, el \u00abbajito\u00bb de Real Azteca, convocado a la Sub 17 \u00abpor inteligente y talentoso\u00bb"},"content":{"rendered":"<p>Ensenada, Baja California.- Pavel Alvarado se quita la camisa de director de Real Azteca. Tambi\u00e9n se despoja de cualquier inter\u00e9s que pueda tocar su objetividad frente a un futbolista formado por \u00e9l.<\/p>\n<p>A la hora de evaluar a Jes\u00fas Andr\u00e9s P\u00e9rez, el entrenador que trabaja para Gallos Blancos de Quer\u00e9taro en el reclutamiento de talentos, apela a la objetividad, aun cuando el futbolista a analizar sea \u201cuno de los orgullos de Real Azteca\u201d.<\/p>\n<p>Y cuenta que cuando lo recomend\u00f3 a los responsables de fuerzas b\u00e1sicas de Gallos, la estatura era el motivo de la negativa para incorporarlo, como antes hab\u00eda sucedido en Am\u00e9rica, Chivas y Monterrey.<\/p>\n<p>Pero al final lo escucharon. Y hoy el \u201cG\u00fcero\u201d es titular en la Sub 17 de Quer\u00e9taro, de donde se ha proyectado a la selecci\u00f3n mexicana Sub 17.<\/p>\n<p>\u201cCreo que \u00e9l est\u00e1 en el momento top de la lista. Con su nivel puede quedar en la selecci\u00f3n porque tiene habilidad mental y rapidez en corto que es muy dif\u00edcil de encontrar en un jugador. Le falta la estatura f\u00edsica pero la compensa con talento e inteligencia\u201d, asegur\u00f3.<\/p>\n<p>De las vueltas que el futbolista de 16 a\u00f1os tuvo que dar hasta afianzarse en un club profesional, Pavel Alvarado valor\u00f3\u00a0la paciencia a la que hubo que apelar para no desistir en el intento.<\/p>\n<p>\u201cNo lo quer\u00edan llevar. Primero en Am\u00e9rica lo regresaron por la edad, 13 a\u00f1os. Prob\u00f3 en Chivas y Monterrey a donde fue en momentos incorrectos. Esto es de momentos y en Quer\u00e9taro faltaba un delantero, pero no lo quer\u00edan por la estatura.<\/p>\n<p>\u201cLo propuse tres veces hasta que qued\u00f3. No hab\u00eda uno mejor que \u00e9l. El \u00b4G\u00fcero\u00b4 tiene muchas ventajas y la primera es que cuenta con una fe fuert\u00edsima. Eso le genera potencial a favor para tener los pies en la tierra, humildad\u201d, afirm\u00f3.<\/p>\n<p>Pavel Alvarado ha trabajado en la estructura de selecciones nacionales menores, pero prefiere mantenerse al margen del proceso de Jes\u00fas Andr\u00e9s.<\/p>\n<p>\u201cMe preguntan por \u00e9l, pero no quiero involucrarme. Con los a\u00f1os he aprendido a ser prudente para no afectar el proceso de los chicos que llegan producto del trabajo que hacemos\u201d, refiri\u00f3.<\/p>\n<p>Adem\u00e1s de Jes\u00fas Andr\u00e9s P\u00e9rez, Real Azteca ha colocado en equipos profesionales y selecciones menores a Missael Huerta, ahora en Xolos, y \u00d3scar Manzanares, \u201cque ya debut\u00f3 con el primer equipo de Santos\u201d.<\/p>\n<p>\u201cTambi\u00e9n est\u00e1 Alejandro Castro de San Quint\u00edn, jugador de Gallos Blancos\u201d, precis\u00f3. En total hay 10 jugadores surgidos de Real Azteca en equipos profesionales.<\/p>\n","protected":false},"excerpt":{"rendered":"<p>Ensenada, Baja California.- Pavel Alvarado se quita la camisa de director de Real Azteca. Tambi\u00e9n&#8230;<\/p>\n","protected":false},"author":1,"featured_media":2865808,"comment_status":"open","ping_status":"closed","sticky":false,"template":"","format":"standard","meta":{"footnotes":""},"categories":[7,32],"tags":[595],"class_list":["post-2865807","post","type-post","status-publish","format-standard","has-post-thumbnail","hentry","category-deportes","category-soccer","tag-destacado"],"_links":{"self":[{"href":"https:\/\/agpnoticias.com\/news\/index.php?rest_route=\/wp\/v2\/posts\/2865807","targetHints":{"allow":["GET"]}}],"collection":[{"href":"https:\/\/agpnoticias.com\/news\/index.php?rest_route=\/wp\/v2\/posts"}],"about":[{"href":"https:\/\/agpnoticias.com\/news\/index.php?rest_route=\/wp\/v2\/types\/post"}],"author":[{"embeddable":true,"href":"https:\/\/agpnoticias.com\/news\/index.php?rest_route=\/wp\/v2\/users\/1"}],"replies":[{"embeddable":true,"href":"https:\/\/agpnoticias.com\/news\/index.php?rest_route=%2Fwp%2Fv2%2Fcomments&post=2865807"}],"version-history":[{"count":2,"href":"https:\/\/agpnoticias.com\/news\/index.php?rest_route=\/wp\/v2\/posts\/2865807\/revisions"}],"predecessor-version":[{"id":2865810,"href":"https:\/\/agpnoticias.com\/news\/index.php?rest_route=\/wp\/v2\/posts\/2865807\/revisions\/2865810"}],"wp:featuredmedia":[{"embeddable":true,"href":"https:\/\/agpnoticias.com\/news\/index.php?rest_route=\/wp\/v2\/media\/2865808"}],"wp:attachment":[{"href":"https:\/\/agpnoticias.com\/news\/index.php?rest_route=%2Fwp%2Fv2%2Fmedia&parent=2865807"}],"wp:term":[{"taxonomy":"category","embeddable":true,"href":"https:\/\/agpnoticias.com\/news\/index.php?rest_route=%2Fwp%2Fv2%2Fcategories&post=2865807"},{"taxonomy":"post_tag","embeddable":true,"href":"https:\/\/agpnoticias.com\/news\/index.php?rest_route=%2Fwp%2Fv2%2Ftags&post=2865807"}],"curies":[{"name":"wp","href":"https:\/\/api.w.org\/{rel}","templated":true}]}}