{"id":2866126,"date":"2016-09-11T15:38:25","date_gmt":"2016-09-11T22:38:25","guid":{"rendered":"http:\/\/agpnoticias.com\/news\/?p=2866126"},"modified":"2016-09-11T16:31:55","modified_gmt":"2016-09-11T23:31:55","slug":"humberto-rojas-y-selene-elenes-ganaron-la-carrera-de-aniversario-de-cicese","status":"publish","type":"post","link":"https:\/\/agpnoticias.com\/news\/?p=2866126","title":{"rendered":"Humberto Rojas y Selene Elenes ganaron la carrera de aniversario de Cicese"},"content":{"rendered":"<p><a href=\"http:\/\/agpnoticias.com\/news\/humberto-rojas-y-selene-elenes-ganaron-la-carrera-de-aniversario-de-cicese\/selene-elenes-3\/\" rel=\"attachment wp-att-2866128\"><img fetchpriority=\"high\" decoding=\"async\" class=\"alignright size-full wp-image-2866128\" src=\"http:\/\/agpnoticias.com\/news\/wp-content\/uploads\/2016\/09\/Selene-Elenes-e1473633131925.jpg\" alt=\"selene-elenes\" width=\"380\" height=\"258\" \/><\/a>Ensenada, Baja California.- Humberto Rojas fue el primer corredor en cruzar la meta ubicada en el Cicese despu\u00e9s del recorrido de 5.6 kil\u00f3metros que inici\u00f3 en el Parque de la Colonia Obrera.<\/p>\n<p>El tiempo del ganador de la carrera de 43 aniversario del Cicese fue de 19 minutos 26 segundos, seguido por Gabriel Mart\u00ednez (19:48) y Esteban Rangel (19:54).<\/p>\n<p>En la rama femenil gan\u00f3 Selene Elenes (23:33), mientras que Cynthia Medina (24:09) y Xiomara Barriga (25:01) quedaron segunda y tercera, respectivamente.<\/p>\n<p>Los ganadores por categor\u00eda recibieron trofeo, adem\u00e1s de que hubo 350 camisetas para los primeros corredores que rebasaron la meta.<\/p>\n<p>Tambi\u00e9n se sorte\u00f3 un viaje a un destino nacional entre los alrededor de 900 participantes inscritos.<\/p>\n<p><a href=\"http:\/\/agpnoticias.com\/news\/humberto-rojas-y-selene-elenes-ganaron-la-carrera-de-aniversario-de-cicese\/carrera-cicese-2\/\" rel=\"attachment wp-att-2866130\"><img decoding=\"async\" class=\"aligncenter size-full wp-image-2866130\" src=\"http:\/\/agpnoticias.com\/news\/wp-content\/uploads\/2016\/09\/Carrera-Cicese-e1473633168292.jpg\" alt=\"carrera-cicese\" width=\"800\" height=\"533\" \/><\/a><\/p>\n<p><strong>Categor\u00edas<\/strong><\/p>\n<p><strong><a href=\"http:\/\/agpnoticias.com\/news\/humberto-rojas-y-selene-elenes-ganaron-la-carrera-de-aniversario-de-cicese\/participaron-alrededor-de-900-corredores\/\" rel=\"attachment wp-att-2866129\"><img decoding=\"async\" class=\"alignright size-full wp-image-2866129\" src=\"http:\/\/agpnoticias.com\/news\/wp-content\/uploads\/2016\/09\/Participaron-alrededor-de-900-corredores-e1473633205291.jpg\" alt=\"participaron-alrededor-de-900-corredores\" width=\"458\" height=\"641\" \/><\/a>Femenil<\/strong><\/p>\n<p><strong>15-19 a\u00f1os<\/strong><\/p>\n<p>Xiomara Barriga<\/p>\n<p>Er\u00e9ndira Brice\u00f1o<\/p>\n<p>Natalia Mart\u00ednez<\/p>\n<p><strong>20-29 a\u00f1os<\/strong><\/p>\n<p>Cynthia Medina<\/p>\n<p>Nayeli Brink<\/p>\n<p>Sharon Reyes<\/p>\n<p><strong>30-39 a\u00f1os<\/strong><\/p>\n<p>Tania D\u00edaz<\/p>\n<p>Julissa Barba<\/p>\n<p><strong>40-49 a\u00f1os<\/strong><\/p>\n<p>Selene Elenes<\/p>\n<p>Norma V\u00e1zquez<\/p>\n<p>Mar\u00eda de los \u00c1ngeles S\u00e1nchez<\/p>\n<p><strong>50-59 a\u00f1os<\/strong><\/p>\n<p>Mar\u00eda Victoria Rosas<\/p>\n<p>Cristina P\u00e9rez<\/p>\n<p>Dora Elena Rojas<\/p>\n<p><strong><a href=\"http:\/\/agpnoticias.com\/news\/humberto-rojas-y-selene-elenes-ganaron-la-carrera-de-aniversario-de-cicese\/meta-cicese\/\" rel=\"attachment wp-att-2866131\"><img loading=\"lazy\" decoding=\"async\" class=\"alignright size-full wp-image-2866131\" src=\"http:\/\/agpnoticias.com\/news\/wp-content\/uploads\/2016\/09\/Meta-Cicese-e1473633441499.jpg\" alt=\"meta-cicese\" width=\"480\" height=\"376\" \/><\/a>60-69 a\u00f1os<\/strong><\/p>\n<p>Mar\u00eda Guadalupe Gonz\u00e1lez<\/p>\n<p>Margarita Fern\u00e1ndez<\/p>\n<p>Lourdes Rodr\u00edguez<\/p>\n<p><strong>Rama Varonil<\/strong><\/p>\n<p><strong>15-19 a\u00f1os<\/strong><\/p>\n<p>Juan Ortiz<\/p>\n<p>Sebasti\u00e1n Guzm\u00e1n<\/p>\n<p>Javier Sarabia<\/p>\n<p><strong>20-29 a\u00f1os<\/strong><\/p>\n<p>Gabriel Mart\u00ednez<\/p>\n<p>Esteban Rangel<\/p>\n<p>Adolfo Bautista<\/p>\n<p><strong><a href=\"http:\/\/agpnoticias.com\/news\/humberto-rojas-y-selene-elenes-ganaron-la-carrera-de-aniversario-de-cicese\/cicese2\/\" rel=\"attachment wp-att-2866135\"><img loading=\"lazy\" decoding=\"async\" class=\"alignright size-full wp-image-2866135\" src=\"http:\/\/agpnoticias.com\/news\/wp-content\/uploads\/2016\/09\/Cicese2-e1473633732566.jpg\" alt=\"cicese2\" width=\"480\" height=\"320\" \/><\/a>30-39 a\u00f1os<\/strong><\/p>\n<p>Humberto Rojas<\/p>\n<p>Juan Pablo Vite<\/p>\n<p>Iv\u00e1n Garc\u00eda<\/p>\n<p><strong>40-49 a\u00f1os<\/strong><\/p>\n<p>Aquiles Ayala<\/p>\n<p>Jes\u00fas Peralta<\/p>\n<p>Juli\u00e1n Romero<\/p>\n<p><strong>50-59 a\u00f1os<\/strong><\/p>\n<p>Gabriel Amezcua<\/p>\n<p>Filem\u00f3n Rojas<\/p>\n<p><a href=\"http:\/\/agpnoticias.com\/news\/humberto-rojas-y-selene-elenes-ganaron-la-carrera-de-aniversario-de-cicese\/cicese3\/\" rel=\"attachment wp-att-2866136\"><img loading=\"lazy\" decoding=\"async\" class=\"alignright size-full wp-image-2866136\" src=\"http:\/\/agpnoticias.com\/news\/wp-content\/uploads\/2016\/09\/Cicese3-e1473633892210.jpg\" alt=\"cicese3\" width=\"458\" height=\"682\" \/><\/a>Modesto Romero<\/p>\n<p><strong>60-69 a\u00f1os<\/strong><\/p>\n<p>H\u00e9ctor Flores<\/p>\n<p>Jos\u00e9 Pe\u00f1a<\/p>\n<p>Francisco Castro<\/p>\n<p><strong>70 a\u00f1os y m\u00e1s<\/strong><\/p>\n<p>Francisco Montoya<\/p>\n<p>Sa\u00fal \u00c1lvarez Borrego<\/p>\n<p>Alejandro Terr\u00edquez<\/p>\n<p><strong>Capacidades Diferentes<\/strong><\/p>\n<p>Ramiro Celaya<\/p>\n<p>Alberto Murillo<\/p>\n<p>Leonor Acevedo<\/p>\n<p><strong>Empleados Cicese<\/strong><\/p>\n<p><strong>Rama Femenil<\/strong><\/p>\n<p>Mar\u00eda del Carmen Maya<\/p>\n<p>Mariana Mondrag\u00f3n<\/p>\n<p>Karina Garay<\/p>\n<p><strong>Rama Varonil<\/strong><\/p>\n<p><a href=\"http:\/\/agpnoticias.com\/news\/humberto-rojas-y-selene-elenes-ganaron-la-carrera-de-aniversario-de-cicese\/cicese\/\" rel=\"attachment wp-att-2866137\"><img loading=\"lazy\" decoding=\"async\" class=\"alignright size-full wp-image-2866137\" src=\"http:\/\/agpnoticias.com\/news\/wp-content\/uploads\/2016\/09\/Cicese-e1473634011175.jpg\" alt=\"cicese\" width=\"480\" height=\"382\" \/><\/a>Rodrigo M\u00e9ndez<\/p>\n<p>Santiago Camacho<\/p>\n<p>Iv\u00e1n Castro<\/p>\n<p><strong>Estudiantes Cicese<\/strong><\/p>\n<p><strong>Rama Femenil<\/strong><\/p>\n<p>Arely Toscano<\/p>\n<p>Carolina Boj\u00f3rquez<\/p>\n<p>Adriana Echegaray<\/p>\n<p><strong>Rama Varonil<\/strong><\/p>\n<p>Rodrigo Osorio<\/p>\n<p>Edwin Villavicencio<\/p>\n<p>Guillermo Mart\u00ednez<\/p>\n","protected":false},"excerpt":{"rendered":"<p>Ensenada, Baja California.- Humberto Rojas fue el primer corredor en cruzar la meta ubicada en&#8230;<\/p>\n","protected":false},"author":1,"featured_media":2866127,"comment_status":"open","ping_status":"closed","sticky":false,"template":"","format":"standard","meta":{"footnotes":""},"categories":[31,7],"tags":[],"class_list":["post-2866126","post","type-post","status-publish","format-standard","has-post-thumbnail","hentry","category-atletismo","category-deportes"],"_links":{"self":[{"href":"https:\/\/agpnoticias.com\/news\/index.php?rest_route=\/wp\/v2\/posts\/2866126","targetHints":{"allow":["GET"]}}],"collection":[{"href":"https:\/\/agpnoticias.com\/news\/index.php?rest_route=\/wp\/v2\/posts"}],"about":[{"href":"https:\/\/agpnoticias.com\/news\/index.php?rest_route=\/wp\/v2\/types\/post"}],"author":[{"embeddable":true,"href":"https:\/\/agpnoticias.com\/news\/index.php?rest_route=\/wp\/v2\/users\/1"}],"replies":[{"embeddable":true,"href":"https:\/\/agpnoticias.com\/news\/index.php?rest_route=%2Fwp%2Fv2%2Fcomments&post=2866126"}],"version-history":[{"count":5,"href":"https:\/\/agpnoticias.com\/news\/index.php?rest_route=\/wp\/v2\/posts\/2866126\/revisions"}],"predecessor-version":[{"id":2866148,"href":"https:\/\/agpnoticias.com\/news\/index.php?rest_route=\/wp\/v2\/posts\/2866126\/revisions\/2866148"}],"wp:featuredmedia":[{"embeddable":true,"href":"https:\/\/agpnoticias.com\/news\/index.php?rest_route=\/wp\/v2\/media\/2866127"}],"wp:attachment":[{"href":"https:\/\/agpnoticias.com\/news\/index.php?rest_route=%2Fwp%2Fv2%2Fmedia&parent=2866126"}],"wp:term":[{"taxonomy":"category","embeddable":true,"href":"https:\/\/agpnoticias.com\/news\/index.php?rest_route=%2Fwp%2Fv2%2Fcategories&post=2866126"},{"taxonomy":"post_tag","embeddable":true,"href":"https:\/\/agpnoticias.com\/news\/index.php?rest_route=%2Fwp%2Fv2%2Ftags&post=2866126"}],"curies":[{"name":"wp","href":"https:\/\/api.w.org\/{rel}","templated":true}]}}