{"id":2866187,"date":"2016-09-12T15:51:25","date_gmt":"2016-09-12T22:51:25","guid":{"rendered":"http:\/\/agpnoticias.com\/news\/?p=2866187"},"modified":"2016-09-12T15:51:26","modified_gmt":"2016-09-12T22:51:26","slug":"xolos-practica-en-monterrey-antes-del-compromiso-copero-en-toluca","status":"publish","type":"post","link":"https:\/\/agpnoticias.com\/news\/?p=2866187","title":{"rendered":"Xolos: Pr\u00e1ctica en Monterrey antes del compromiso copero en Toluca"},"content":{"rendered":"<p><a href=\"http:\/\/agpnoticias.com\/news\/xolos-practica-en-monterrey-antes-del-compromiso-copero-en-toluca\/vega2127\/\" rel=\"attachment wp-att-2866189\"><img fetchpriority=\"high\" decoding=\"async\" class=\"alignright size-full wp-image-2866189\" src=\"http:\/\/agpnoticias.com\/news\/wp-content\/uploads\/2016\/09\/VEGA2127-e1473720656569.jpg\" alt=\"Xolos-Copa\" width=\"400\" height=\"296\" \/><\/a>Monterrey, Nuevo Le\u00f3n.- Los Xoloitzcuintles matienen la intensidad de cara a la reanudaci\u00f3n de la COPA CORONA MX-Apertura 2016, en la que visitar\u00e1n al CD Toluca el pr\u00f3ximo mi\u00e9rcoles 14 de Septiembre (18:30 horas Pac\u00edfico) en la cancha del Estadio Alberto \u00abChivo\u00bb C\u00f3rdoba, de la Universidad Aut\u00f3noma del Estado de M\u00e9xico.<\/p>\n<p>El escuadr\u00f3n fronterizo entren\u00f3 la ma\u00f1ana de este lunes en las instalaciones deportivas de la Universidad Aut\u00f3noma de Nuevo Le\u00f3n, en donde el Director T\u00e9cnico Miguel Herrera plante\u00f3 el esquema t\u00e1ctico a utilizar en el cierre de la fase de grupos del certamen copero, en el que los Canes Aztecas buscar\u00e1n ganar el pase a la Liguilla en el Grupo 6 de la competencia.<\/p>\n<p>Los Rojinegros se desplazar\u00e1n este martes al Estado de M\u00e9xico para continuar con la concentraci\u00f3n y entrenar\u00e1n por la tarde para cerrar filas previo al duelo ante los Diablos Rojos.<\/p>\n<p>&nbsp;<\/p>\n<p><em>Informaci\u00f3n y fotograf\u00edas: Club Tijuana Xoloitzcuintles de Caliente.<\/em><\/p>\n","protected":false},"excerpt":{"rendered":"<p>Monterrey, Nuevo Le\u00f3n.- Los Xoloitzcuintles matienen la intensidad de cara a la reanudaci\u00f3n de la&#8230;<\/p>\n","protected":false},"author":1,"featured_media":2866188,"comment_status":"open","ping_status":"closed","sticky":false,"template":"","format":"standard","meta":{"footnotes":""},"categories":[7,32,17],"tags":[],"class_list":["post-2866187","post","type-post","status-publish","format-standard","has-post-thumbnail","hentry","category-deportes","category-soccer","category-xolos-de-tijuana"],"_links":{"self":[{"href":"https:\/\/agpnoticias.com\/news\/index.php?rest_route=\/wp\/v2\/posts\/2866187","targetHints":{"allow":["GET"]}}],"collection":[{"href":"https:\/\/agpnoticias.com\/news\/index.php?rest_route=\/wp\/v2\/posts"}],"about":[{"href":"https:\/\/agpnoticias.com\/news\/index.php?rest_route=\/wp\/v2\/types\/post"}],"author":[{"embeddable":true,"href":"https:\/\/agpnoticias.com\/news\/index.php?rest_route=\/wp\/v2\/users\/1"}],"replies":[{"embeddable":true,"href":"https:\/\/agpnoticias.com\/news\/index.php?rest_route=%2Fwp%2Fv2%2Fcomments&post=2866187"}],"version-history":[{"count":2,"href":"https:\/\/agpnoticias.com\/news\/index.php?rest_route=\/wp\/v2\/posts\/2866187\/revisions"}],"predecessor-version":[{"id":2866191,"href":"https:\/\/agpnoticias.com\/news\/index.php?rest_route=\/wp\/v2\/posts\/2866187\/revisions\/2866191"}],"wp:featuredmedia":[{"embeddable":true,"href":"https:\/\/agpnoticias.com\/news\/index.php?rest_route=\/wp\/v2\/media\/2866188"}],"wp:attachment":[{"href":"https:\/\/agpnoticias.com\/news\/index.php?rest_route=%2Fwp%2Fv2%2Fmedia&parent=2866187"}],"wp:term":[{"taxonomy":"category","embeddable":true,"href":"https:\/\/agpnoticias.com\/news\/index.php?rest_route=%2Fwp%2Fv2%2Fcategories&post=2866187"},{"taxonomy":"post_tag","embeddable":true,"href":"https:\/\/agpnoticias.com\/news\/index.php?rest_route=%2Fwp%2Fv2%2Ftags&post=2866187"}],"curies":[{"name":"wp","href":"https:\/\/api.w.org\/{rel}","templated":true}]}}