{"id":2866194,"date":"2016-09-12T16:46:28","date_gmt":"2016-09-12T23:46:28","guid":{"rendered":"http:\/\/agpnoticias.com\/news\/?p=2866194"},"modified":"2016-09-12T16:46:28","modified_gmt":"2016-09-12T23:46:28","slug":"alejandro-caballero-uno-de-los-cuervos-fundadores-apunta-al-ascenso","status":"publish","type":"post","link":"https:\/\/agpnoticias.com\/news\/?p=2866194","title":{"rendered":"Alejandro Caballero, uno de los Cuervos fundadores, apunta al ascenso"},"content":{"rendered":"<p>Ensenada, Baja California.- De los jugadores que nacieron con el proyecto de Cuervos JAP, desde su aparici\u00f3n en Delano, California, Alejandro Caballero se ha afianzado para tomar el rol entre los jugadores de experiencia ahora que el proyecto se ha trasladado a Ensenada.<\/p>\n<p>Ya como militante de la Segunda Divisi\u00f3n Premier de M\u00e9xico, el equipo que destac\u00f3 en el sur de California desde su fundaci\u00f3n mantiene una base entre la que destaca el lateral izquierda y medio de contenci\u00f3n.<\/p>\n<p>\u201cHace como dos a\u00f1os me hablaron de un proyecto serio en los Estados Unidos y fui a probar suerte, quer\u00eda otros aires, salir, conocer, y cuando llegu\u00e9 el equipo se fue formando poco a poco hasta integrar una familia\u201d, se\u00f1al\u00f3 el ex jugador de Le\u00f3n y Monterrey.<\/p>\n<p>Durante ese primer periodo, \u201cgan\u00e1bamos todo pero quer\u00edamos m\u00e1s, es una liga semi-profesional pero hab\u00eda un buen nivel y empezamos a sonar fuerte; entonces el due\u00f1o nos dio la buena noticia de que comprar\u00eda una franquicia en M\u00e9xico, que es lo que todos esper\u00e1bamos\u201d.<\/p>\n<p>\u201cYa en la Segunda Divisi\u00f3n buscamos trascender en Texcoco el a\u00f1o pasado, e hicimos un buen papel con un plantel corto. Hubo rivales que nos subestimaron pero demostramos que \u00e9ramos un equipo sin miedo y con personalidad\u201d, record\u00f3.<\/p>\n<p>El ex integrante de los planteles Sub 20 de Rayados y La Fiera subray\u00f3 la uni\u00f3n existente en los Cuervos, actuales ocupantes del octavo lugar en el Grupo 1, est\u00e1 basada en la amalgama de experiencia con juventud.<\/p>\n<p>\u201cSomos la misma base desde Estados Unidos y nos mantenemos para imponer a la gente m\u00e1s joven lo que deseamos, que es trascender y ganar\u201d, afirm\u00f3.<\/p>\n<p>En Texcoco, la franquicia qued\u00f3 a un punto de avanzar a la liguilla del torneo pasado dentro de \u201cun grupo m\u00e1s competitivo con una mayor cantidad de equipos de Ascenso\u201d.<\/p>\n<p>\u201cAhora, en este grupo, hay m\u00e1s filiales, pero es lo mismo, tenemos que ganar a d\u00f3nde vayamos si queremos ascender\u201d, indic\u00f3, tambi\u00e9n en referencia a la visita de las l\u00edderes Chivas de Guadalajara el domingo al mediod\u00eda en el estadio de Ciudad Deportiva de Ensenada.<\/p>\n<p>Alejandro Caballero, que jug\u00f3 los primeros partidos como lateral izquierdo para pasar en fechas recientes al mediocampo, destac\u00f3 lo hecho por el t\u00e9cnico Francisco Hern\u00e1ndez desde que tom\u00f3 la direcci\u00f3n del equipo al inicio de la presente temporada.<\/p>\n<p>\u201cNos ha aportado mucho, uno siempre quiere aprender y con \u00e9l hemos tenido m\u00e1s ideas claras. Tiene gran experiencia y ha hecho funcionar mejor el equipo, con m\u00e1s orden\u201d, consider\u00f3.<\/p>\n","protected":false},"excerpt":{"rendered":"<p>Ensenada, Baja California.- De los jugadores que nacieron con el proyecto de Cuervos JAP, desde&#8230;<\/p>\n","protected":false},"author":1,"featured_media":2866195,"comment_status":"open","ping_status":"closed","sticky":false,"template":"","format":"standard","meta":{"footnotes":""},"categories":[7,32],"tags":[595],"class_list":["post-2866194","post","type-post","status-publish","format-standard","has-post-thumbnail","hentry","category-deportes","category-soccer","tag-destacado"],"_links":{"self":[{"href":"https:\/\/agpnoticias.com\/news\/index.php?rest_route=\/wp\/v2\/posts\/2866194","targetHints":{"allow":["GET"]}}],"collection":[{"href":"https:\/\/agpnoticias.com\/news\/index.php?rest_route=\/wp\/v2\/posts"}],"about":[{"href":"https:\/\/agpnoticias.com\/news\/index.php?rest_route=\/wp\/v2\/types\/post"}],"author":[{"embeddable":true,"href":"https:\/\/agpnoticias.com\/news\/index.php?rest_route=\/wp\/v2\/users\/1"}],"replies":[{"embeddable":true,"href":"https:\/\/agpnoticias.com\/news\/index.php?rest_route=%2Fwp%2Fv2%2Fcomments&post=2866194"}],"version-history":[{"count":1,"href":"https:\/\/agpnoticias.com\/news\/index.php?rest_route=\/wp\/v2\/posts\/2866194\/revisions"}],"predecessor-version":[{"id":2866196,"href":"https:\/\/agpnoticias.com\/news\/index.php?rest_route=\/wp\/v2\/posts\/2866194\/revisions\/2866196"}],"wp:featuredmedia":[{"embeddable":true,"href":"https:\/\/agpnoticias.com\/news\/index.php?rest_route=\/wp\/v2\/media\/2866195"}],"wp:attachment":[{"href":"https:\/\/agpnoticias.com\/news\/index.php?rest_route=%2Fwp%2Fv2%2Fmedia&parent=2866194"}],"wp:term":[{"taxonomy":"category","embeddable":true,"href":"https:\/\/agpnoticias.com\/news\/index.php?rest_route=%2Fwp%2Fv2%2Fcategories&post=2866194"},{"taxonomy":"post_tag","embeddable":true,"href":"https:\/\/agpnoticias.com\/news\/index.php?rest_route=%2Fwp%2Fv2%2Ftags&post=2866194"}],"curies":[{"name":"wp","href":"https:\/\/api.w.org\/{rel}","templated":true}]}}