{"id":2866197,"date":"2016-09-12T17:43:42","date_gmt":"2016-09-13T00:43:42","guid":{"rendered":"http:\/\/agpnoticias.com\/news\/?p=2866197"},"modified":"2016-09-12T17:43:42","modified_gmt":"2016-09-13T00:43:42","slug":"micky-lopez-va-en-la-funcion-de-marchena-el-7-de-octubre","status":"publish","type":"post","link":"https:\/\/agpnoticias.com\/news\/?p=2866197","title":{"rendered":"\u00abMicky\u00bb L\u00f3pez va en la funci\u00f3n de Marchena el 7 de octubre"},"content":{"rendered":"<p>Ensenada, Baja California.- Sergio \u201cMicky\u201d L\u00f3pez estar\u00e1 de regreso en Ensenada despu\u00e9s de una ausencia que se prolonga desde enero de 2016 cuando venci\u00f3 a V\u00edctor Serrano.<\/p>\n<p>Poco despu\u00e9s de ese combate anunci\u00f3 su retiro, pero rectific\u00f3 al ser invitado a participar en el grupo de boxeadores que dirige el ex campe\u00f3n del mundo, Daniel Ponce de Le\u00f3n en los \u00c1ngeles, California, donde perdi\u00f3 contra Joet Gonz\u00e1lez el 5 de agosto por decisi\u00f3n.<\/p>\n<p>Ahora, el peleador ensenadense ha confirmado su participaci\u00f3n en la funci\u00f3n del viernes 7 de octubre al aceptar la invitaci\u00f3n del promotor Ram\u00f3n Marchena dentro de la funci\u00f3n programada en el gimnasio municipal \u00d3scar \u201cTigre\u201d Garc\u00eda.<\/p>\n<p>\u201cEspero que la gente de Ensenada que me sigue est\u00e9 ah\u00ed presente. Para m\u00ed es algo muy bueno que me tomen en cuenta\u201d, coment\u00f3 desde Los \u00c1ngeles, donde prepara el combate.<\/p>\n<p>\u201cSer\u00e1 a seis rounds en las 130 libras y todav\u00eda estamos por saber qui\u00e9n ser\u00e1 el rival\u201d, inform\u00f3.<\/p>\n<p>\u201cMicky\u201d L\u00f3pez adelant\u00f3 que Jos\u00e9 Guardado y Francisco L\u00f3pez estar\u00e1n a cargo de su esquina durante lo que ser\u00e1 una especie de reaparici\u00f3n en su ciudad natal.<\/p>\n<p>En la funci\u00f3n tambi\u00e9n pelear\u00e1 Ezequiel \u201cSheke\u201d Avil\u00e9s como estelar con un rival por definir, adem\u00e1s de que se realizar\u00e1 la revancha entre Chuy P\u00e9rez y \u201cPillo\u201d Canett, quienes empataron meses atr\u00e1s.<\/p>\n<p>Tambi\u00e9n est\u00e1 contemplado Agust\u00edn \u201cTowiz\u201d Camacho contra el mexicalense Leroy Covarrubias, junto a otros peleadores locales como Carlos \u201cGallito\u201d Morgan, Francisco Gabriel Pi\u00f1a, el mexicalense Oliver Quintana y el debutante Axel \u201cMini\u201d Vega.<\/p>\n<p>&nbsp;<\/p>\n","protected":false},"excerpt":{"rendered":"<p>Ensenada, Baja California.- Sergio \u201cMicky\u201d L\u00f3pez estar\u00e1 de regreso en Ensenada despu\u00e9s de una ausencia&#8230;<\/p>\n","protected":false},"author":1,"featured_media":2866198,"comment_status":"open","ping_status":"closed","sticky":false,"template":"","format":"standard","meta":{"footnotes":""},"categories":[36,7],"tags":[595],"class_list":["post-2866197","post","type-post","status-publish","format-standard","has-post-thumbnail","hentry","category-boxeo","category-deportes","tag-destacado"],"_links":{"self":[{"href":"https:\/\/agpnoticias.com\/news\/index.php?rest_route=\/wp\/v2\/posts\/2866197","targetHints":{"allow":["GET"]}}],"collection":[{"href":"https:\/\/agpnoticias.com\/news\/index.php?rest_route=\/wp\/v2\/posts"}],"about":[{"href":"https:\/\/agpnoticias.com\/news\/index.php?rest_route=\/wp\/v2\/types\/post"}],"author":[{"embeddable":true,"href":"https:\/\/agpnoticias.com\/news\/index.php?rest_route=\/wp\/v2\/users\/1"}],"replies":[{"embeddable":true,"href":"https:\/\/agpnoticias.com\/news\/index.php?rest_route=%2Fwp%2Fv2%2Fcomments&post=2866197"}],"version-history":[{"count":1,"href":"https:\/\/agpnoticias.com\/news\/index.php?rest_route=\/wp\/v2\/posts\/2866197\/revisions"}],"predecessor-version":[{"id":2866199,"href":"https:\/\/agpnoticias.com\/news\/index.php?rest_route=\/wp\/v2\/posts\/2866197\/revisions\/2866199"}],"wp:featuredmedia":[{"embeddable":true,"href":"https:\/\/agpnoticias.com\/news\/index.php?rest_route=\/wp\/v2\/media\/2866198"}],"wp:attachment":[{"href":"https:\/\/agpnoticias.com\/news\/index.php?rest_route=%2Fwp%2Fv2%2Fmedia&parent=2866197"}],"wp:term":[{"taxonomy":"category","embeddable":true,"href":"https:\/\/agpnoticias.com\/news\/index.php?rest_route=%2Fwp%2Fv2%2Fcategories&post=2866197"},{"taxonomy":"post_tag","embeddable":true,"href":"https:\/\/agpnoticias.com\/news\/index.php?rest_route=%2Fwp%2Fv2%2Ftags&post=2866197"}],"curies":[{"name":"wp","href":"https:\/\/api.w.org\/{rel}","templated":true}]}}