{"id":2866520,"date":"2016-09-18T11:17:23","date_gmt":"2016-09-18T18:17:23","guid":{"rendered":"http:\/\/agpnoticias.com\/news\/?p=2866520"},"modified":"2016-09-18T11:18:53","modified_gmt":"2016-09-18T18:18:53","slug":"2866520-2","status":"publish","type":"post","link":"https:\/\/agpnoticias.com\/news\/?p=2866520","title":{"rendered":"En Ensenada, el PAN celebr\u00f3 su carrera atl\u00e9tica"},"content":{"rendered":"<p>Ensenada, Baja California.- Con la participaci\u00f3n aproximada de 600 corredores se realiz\u00f3 la tradicional carrera atl\u00e9tica de cinco kil\u00f3metros promovida por el Partido Acci\u00f3n Nacional, en esta ocasi\u00f3n ganada por Gabriel Mart\u00ednez (16:42) y Lupita Cruz (19:53).<\/p>\n<figure id=\"attachment_2866522\" aria-describedby=\"caption-attachment-2866522\" style=\"width: 380px\" class=\"wp-caption alignright\"><a href=\"http:\/\/agpnoticias.com\/news\/2866520-2\/lupita-cruz-lider-de-la-su-rama\/\" rel=\"attachment wp-att-2866522\"><img fetchpriority=\"high\" decoding=\"async\" class=\"size-full wp-image-2866522\" src=\"http:\/\/agpnoticias.com\/news\/wp-content\/uploads\/2016\/09\/Lupita-Cruz-l\u00edder-de-la-su-rama-e1474222578461.jpg\" alt=\"Lupita Cruz, ganadora femenil\" width=\"380\" height=\"232\" \/><\/a><figcaption id=\"caption-attachment-2866522\" class=\"wp-caption-text\">Lupita Cruz, ganadora femenil<\/figcaption><\/figure>\n<p>\u201cEs una muy buena participaci\u00f3n de los corredores de Ensenada y del resto del estado, que nos acompa\u00f1an a festejar el 77 aniversario del Partido Acci\u00f3n Nacional\u201d, indic\u00f3 Hugo Zepeda Berrelleza.<\/p>\n<p>El presidente del comit\u00e9 municipal del PAN agreg\u00f3 que el evento sirvi\u00f3 para reconocer a Santos Moilina Vidal, \u201cun \u00edcono del PAN que falleci\u00f3 en 2015, a quien le dedicamos la carrera de este a\u00f1o\u201d.<\/p>\n<p>\u201cEsta carrera es una tradici\u00f3n y es una de las responsabilidades a las que hemos dado continuidad en los tres a\u00f1os que tenemos al frente del partido\u201d, coment\u00f3.<\/p>\n<p>Detr\u00e1s de Gabriel Mart\u00ednez llegaron Humberto Rojas y Alan Marr\u00f3n, mientras que Lupita Cruz aventaj\u00f3 a Ver\u00f3nica Orozco y Selene Elenes.<\/p>\n<p>Tambi\u00e9n se realizaron competencias infantiles.<\/p>\n<p><a href=\"http:\/\/agpnoticias.com\/news\/2866520-2\/carrera-pan\/\" rel=\"attachment wp-att-2866523\"><img decoding=\"async\" class=\"aligncenter size-full wp-image-2866523\" src=\"http:\/\/agpnoticias.com\/news\/wp-content\/uploads\/2016\/09\/Carrera-PAN-e1474222608508.jpg\" alt=\"carrera-pan\" width=\"800\" height=\"461\" \/><\/a><\/p>\n","protected":false},"excerpt":{"rendered":"<p>Ensenada, Baja California.- Con la participaci\u00f3n aproximada de 600 corredores se realiz\u00f3 la tradicional carrera&#8230;<\/p>\n","protected":false},"author":1,"featured_media":2866521,"comment_status":"open","ping_status":"closed","sticky":false,"template":"","format":"standard","meta":{"footnotes":""},"categories":[31,7],"tags":[595],"class_list":["post-2866520","post","type-post","status-publish","format-standard","has-post-thumbnail","hentry","category-atletismo","category-deportes","tag-destacado"],"_links":{"self":[{"href":"https:\/\/agpnoticias.com\/news\/index.php?rest_route=\/wp\/v2\/posts\/2866520","targetHints":{"allow":["GET"]}}],"collection":[{"href":"https:\/\/agpnoticias.com\/news\/index.php?rest_route=\/wp\/v2\/posts"}],"about":[{"href":"https:\/\/agpnoticias.com\/news\/index.php?rest_route=\/wp\/v2\/types\/post"}],"author":[{"embeddable":true,"href":"https:\/\/agpnoticias.com\/news\/index.php?rest_route=\/wp\/v2\/users\/1"}],"replies":[{"embeddable":true,"href":"https:\/\/agpnoticias.com\/news\/index.php?rest_route=%2Fwp%2Fv2%2Fcomments&post=2866520"}],"version-history":[{"count":3,"href":"https:\/\/agpnoticias.com\/news\/index.php?rest_route=\/wp\/v2\/posts\/2866520\/revisions"}],"predecessor-version":[{"id":2866526,"href":"https:\/\/agpnoticias.com\/news\/index.php?rest_route=\/wp\/v2\/posts\/2866520\/revisions\/2866526"}],"wp:featuredmedia":[{"embeddable":true,"href":"https:\/\/agpnoticias.com\/news\/index.php?rest_route=\/wp\/v2\/media\/2866521"}],"wp:attachment":[{"href":"https:\/\/agpnoticias.com\/news\/index.php?rest_route=%2Fwp%2Fv2%2Fmedia&parent=2866520"}],"wp:term":[{"taxonomy":"category","embeddable":true,"href":"https:\/\/agpnoticias.com\/news\/index.php?rest_route=%2Fwp%2Fv2%2Fcategories&post=2866520"},{"taxonomy":"post_tag","embeddable":true,"href":"https:\/\/agpnoticias.com\/news\/index.php?rest_route=%2Fwp%2Fv2%2Ftags&post=2866520"}],"curies":[{"name":"wp","href":"https:\/\/api.w.org\/{rel}","templated":true}]}}