{"id":2868118,"date":"2016-10-25T19:00:14","date_gmt":"2016-10-26T02:00:14","guid":{"rendered":"http:\/\/agpnoticias.com\/news\/?p=2868118"},"modified":"2016-10-25T19:36:57","modified_gmt":"2016-10-26T02:36:57","slug":"salon-de-la-fama-testimonio-de-un-par-de-gimnastas-olimpicos-antes-de-corral","status":"publish","type":"post","link":"https:\/\/agpnoticias.com\/news\/?p=2868118","title":{"rendered":"Sal\u00f3n de la Fama: Testimonio de un par de gimnastas ol\u00edmpicos, antes de Corral"},"content":{"rendered":"<p>Ensenada, Baja California.- De acuerdo a la informaci\u00f3n recabada por el consejo directivo del Sal\u00f3n de la Fama del Deporte de Ensenada, Daniel Corral, en Londres 2016 y R\u00edo 2016, no fue el primer nativo de esta ciudad que represent\u00f3 a M\u00e9xico en Juegos Ol\u00edmpicos.<\/p>\n<p>A trav\u00e9s del espacio de Facebook creado para promover la pr\u00f3xima apertura del recinto, fue publicada una fotograf\u00eda a cuyo calce se informa que los hermanos Armando y Enrique Garc\u00eda Bustillo integraron la selecci\u00f3n nacional de gimnasia en los Juegos Ol\u00edmpicos de M\u00e9xico 1968.<\/p>\n<p>La fotograf\u00eda es de Armando Garc\u00eda Bustillos durante una exhibici\u00f3n realizada frente al entonces Presidente de la Rep\u00fablica, Gustavo D\u00edaz Ordaz, en el Centro Deportivo Ol\u00edmpico Mexicano.<\/p>\n<p>El material, consistente en la fotograf\u00eda y un bander\u00edn del equipo ol\u00edmpico mexicano, fue donado por la familia Garc\u00eda Bustillos y el contador Francisco Tar\u00edn.<\/p>\n<p>Las instalaciones del Sal\u00f3n de la Fama se encuentran en la unidad deportiva Sullivan y durante los primeros meses de 2017 se lanzar\u00e1 la convocatoria para decidir a sus primeros habitantes.<\/p>\n","protected":false},"excerpt":{"rendered":"<p>Ensenada, Baja California.- De acuerdo a la informaci\u00f3n recabada por el consejo directivo del Sal\u00f3n&#8230;<\/p>\n","protected":false},"author":1,"featured_media":2868119,"comment_status":"open","ping_status":"closed","sticky":false,"template":"","format":"standard","meta":{"footnotes":""},"categories":[7,46],"tags":[],"class_list":["post-2868118","post","type-post","status-publish","format-standard","has-post-thumbnail","hentry","category-deportes","category-gimnasia"],"_links":{"self":[{"href":"https:\/\/agpnoticias.com\/news\/index.php?rest_route=\/wp\/v2\/posts\/2868118","targetHints":{"allow":["GET"]}}],"collection":[{"href":"https:\/\/agpnoticias.com\/news\/index.php?rest_route=\/wp\/v2\/posts"}],"about":[{"href":"https:\/\/agpnoticias.com\/news\/index.php?rest_route=\/wp\/v2\/types\/post"}],"author":[{"embeddable":true,"href":"https:\/\/agpnoticias.com\/news\/index.php?rest_route=\/wp\/v2\/users\/1"}],"replies":[{"embeddable":true,"href":"https:\/\/agpnoticias.com\/news\/index.php?rest_route=%2Fwp%2Fv2%2Fcomments&post=2868118"}],"version-history":[{"count":1,"href":"https:\/\/agpnoticias.com\/news\/index.php?rest_route=\/wp\/v2\/posts\/2868118\/revisions"}],"predecessor-version":[{"id":2868120,"href":"https:\/\/agpnoticias.com\/news\/index.php?rest_route=\/wp\/v2\/posts\/2868118\/revisions\/2868120"}],"wp:featuredmedia":[{"embeddable":true,"href":"https:\/\/agpnoticias.com\/news\/index.php?rest_route=\/wp\/v2\/media\/2868119"}],"wp:attachment":[{"href":"https:\/\/agpnoticias.com\/news\/index.php?rest_route=%2Fwp%2Fv2%2Fmedia&parent=2868118"}],"wp:term":[{"taxonomy":"category","embeddable":true,"href":"https:\/\/agpnoticias.com\/news\/index.php?rest_route=%2Fwp%2Fv2%2Fcategories&post=2868118"},{"taxonomy":"post_tag","embeddable":true,"href":"https:\/\/agpnoticias.com\/news\/index.php?rest_route=%2Fwp%2Fv2%2Ftags&post=2868118"}],"curies":[{"name":"wp","href":"https:\/\/api.w.org\/{rel}","templated":true}]}}