{"id":2868276,"date":"2016-10-29T22:18:08","date_gmt":"2016-10-30T05:18:08","guid":{"rendered":"http:\/\/agpnoticias.com\/news\/?p=2868276"},"modified":"2016-10-29T22:19:01","modified_gmt":"2016-10-30T05:19:01","slug":"a-micky-no-le-interesa-pelear-con-pina-ni-con-cualquier-otro-boxeador-del-zurdo-felix","status":"publish","type":"post","link":"https:\/\/agpnoticias.com\/news\/?p=2868276","title":{"rendered":"A Micky no le interesa pelear con Pi\u00f1a ni con cualquier otro boxeador del \u00abZurdo\u00bb F\u00e9lix"},"content":{"rendered":"<p>Ensenada, Baja California.- A Sergio \u201cMicky\u201d L\u00f3pez no le preocupa el desaf\u00edo lanzado por Gabriel Pi\u00f1a, su ex compa\u00f1ero de gimnasio, quien le solicit\u00f3 aceptar un combate el viernes 2 de diciembre en la siguiente funci\u00f3n de la empresa Dok Promotions.<\/p>\n<p>\u201cNo tengo problemas con \u00e9l, pero Pi\u00f1a no est\u00e1 en mis planes. Y no quiero tener nada que ver con \u00e9l ni con gente de Salvador F\u00e9lix. Ellos pueden pensar lo que quieran\u201d, afirm\u00f3 el peleador que actualmente alterna su trayectoria entre Los \u00c1ngeles y Ensenada.<\/p>\n<p>En cuanto a la posibilidad de medirse contra \u201cMayu\u201d Garc\u00eda, admiti\u00f3 que s\u00ed le interesa \u201cporque m\u00e1s que una pelea profesional, es algo personal. Pero como son compadres, Pi\u00f1a sali\u00f3 en su defensa\u201d.<\/p>\n<p>\u201cRealmente a m\u00ed la clasificaci\u00f3n y el hecho de que (Pi\u00f1a) haya peleado con boxeadores de renombre me tiene sin cuidado. Le deseo lo mejor y que siga en plena madurez como \u00e9l dice, pero a m\u00ed no me interesan ni \u00e9l ni nada que tenga que ver con Salvador F\u00e9lix (su ex entrenador)\u201d, concluy\u00f3.<\/p>\n<p>\u201cMicky\u201d L\u00f3pez se incorpor\u00f3 a principios de a\u00f1o al gimnasio dirigido por el ex campe\u00f3n del mundo Daniel Ponce de Le\u00f3n y durante el a\u00f1o ha sostenido tres combates, dos en Ensenada y uno en Los \u00c1ngeles.<\/p>\n<p>Su pr\u00f3xima pelea ser\u00e1 el 2 de diciembre en Ensenada, a\u00fan con rival por definir, dentro de la cartelera planeada por Dok Promotions.<\/p>\n","protected":false},"excerpt":{"rendered":"<p>Ensenada, Baja California.- A Sergio \u201cMicky\u201d L\u00f3pez no le preocupa el desaf\u00edo lanzado por Gabriel&#8230;<\/p>\n","protected":false},"author":1,"featured_media":2868288,"comment_status":"closed","ping_status":"closed","sticky":false,"template":"","format":"standard","meta":{"footnotes":""},"categories":[36,7],"tags":[595],"class_list":["post-2868276","post","type-post","status-publish","format-standard","has-post-thumbnail","hentry","category-boxeo","category-deportes","tag-destacado"],"_links":{"self":[{"href":"https:\/\/agpnoticias.com\/news\/index.php?rest_route=\/wp\/v2\/posts\/2868276","targetHints":{"allow":["GET"]}}],"collection":[{"href":"https:\/\/agpnoticias.com\/news\/index.php?rest_route=\/wp\/v2\/posts"}],"about":[{"href":"https:\/\/agpnoticias.com\/news\/index.php?rest_route=\/wp\/v2\/types\/post"}],"author":[{"embeddable":true,"href":"https:\/\/agpnoticias.com\/news\/index.php?rest_route=\/wp\/v2\/users\/1"}],"replies":[{"embeddable":true,"href":"https:\/\/agpnoticias.com\/news\/index.php?rest_route=%2Fwp%2Fv2%2Fcomments&post=2868276"}],"version-history":[{"count":3,"href":"https:\/\/agpnoticias.com\/news\/index.php?rest_route=\/wp\/v2\/posts\/2868276\/revisions"}],"predecessor-version":[{"id":2868290,"href":"https:\/\/agpnoticias.com\/news\/index.php?rest_route=\/wp\/v2\/posts\/2868276\/revisions\/2868290"}],"wp:featuredmedia":[{"embeddable":true,"href":"https:\/\/agpnoticias.com\/news\/index.php?rest_route=\/wp\/v2\/media\/2868288"}],"wp:attachment":[{"href":"https:\/\/agpnoticias.com\/news\/index.php?rest_route=%2Fwp%2Fv2%2Fmedia&parent=2868276"}],"wp:term":[{"taxonomy":"category","embeddable":true,"href":"https:\/\/agpnoticias.com\/news\/index.php?rest_route=%2Fwp%2Fv2%2Fcategories&post=2868276"},{"taxonomy":"post_tag","embeddable":true,"href":"https:\/\/agpnoticias.com\/news\/index.php?rest_route=%2Fwp%2Fv2%2Ftags&post=2868276"}],"curies":[{"name":"wp","href":"https:\/\/api.w.org\/{rel}","templated":true}]}}