{"id":2869875,"date":"2016-12-12T18:37:36","date_gmt":"2016-12-13T02:37:36","guid":{"rendered":"http:\/\/agpnoticias.com\/news\/?p=2869875"},"modified":"2016-12-12T18:37:36","modified_gmt":"2016-12-13T02:37:36","slug":"mision-cumplida-del-torneo-juvenil-hecho-en-mexico-marco-fregoso","status":"publish","type":"post","link":"https:\/\/agpnoticias.com\/news\/?p=2869875","title":{"rendered":"Misi\u00f3n cumplida del torneo juvenil Hecho en M\u00e9xico: Marco Fregoso"},"content":{"rendered":"<p>Ensenada, Baja California.- Los equipos ensenadenses KnowEns, La Raza y Urban ganaron los t\u00edtulos de las categor\u00edas Sub 13, Sub 15 y Sub 17, mientras que Tijuana Sporting obtuvo el de la categor\u00eda Sub 20, durante las finales del torneo Hecho en M\u00e9xico.<\/p>\n<p>El certamen fue avalado por los circuitos norteamericanos USFF y MLF con la promoci\u00f3n de Marco Antonio Fregoso, presidente de la Asociaci\u00f3n Estatal de Futsal y director t\u00e9cnico del equipo KnowEns, entre viernes y domingo en Ensenada.<\/p>\n<p>\u201cPor cuestiones de calendario no asistieron los equipos de Estados Unidos que ven\u00eda de Arizona y San Jos\u00e9, pero s\u00ed estuvieron invitados de Sonora y Sinaloa\u201d, dijo al t\u00e9rmino de la jornada de finales celebradas el domingo por la noche en la cancha Futsal Center.<\/p>\n<figure id=\"attachment_2869879\" aria-describedby=\"caption-attachment-2869879\" style=\"width: 600px\" class=\"wp-caption aligncenter\"><img fetchpriority=\"high\" decoding=\"async\" class=\"size-full wp-image-2869879\" src=\"http:\/\/agpnoticias.com\/news\/wp-content\/uploads\/2016\/12\/Urban-campe\u00f3n-Sub-17-e1481596347397.jpg\" alt=\"\" width=\"600\" height=\"402\" \/><figcaption id=\"caption-attachment-2869879\" class=\"wp-caption-text\">Urban, campe\u00f3n Sub 17<\/figcaption><\/figure>\n<p>En total fueron 30 equipos competidores que se dividieron en las cuatro categor\u00edas comprendidas.<\/p>\n<p>\u201cEl objetivo era cerrar el a\u00f1o con un torneo que englobara el nivel de fustal en Baja California y se cumpli\u00f3 en cuanto a la participaci\u00f3n de planteles que juegan torneos nacionales e internacionales\u201d, indic\u00f3 Marco Antonio Fregoso.<\/p>\n<p>Tras la ceremonia de premiaci\u00f3n agreg\u00f3 que esta competencia sirvi\u00f3 para que los jugadores juveniles fueran observados por los tres planteles bajacalifornianos que competir\u00e1n en la edici\u00f3n 2017 del torneo de la Major League Futsal.<\/p>\n<p>El a\u00f1o pasado, en ese circuito, KnowEns debut\u00f3 ganando la final de la Conferencia Oeste y quedando sub campe\u00f3n en la final nacional de los Estados Unidos contra un rival de Boston, ganador de la Conferencia Este.<\/p>\n<p>\u201cEsa era otra prioridad del torneo: mostrar a Inter de Tijuana y a Diablos y KnowEns de Ensenada jugadores que puedan recibir una oportunidad rumbo al torneo en los Estados Unidos\u201d, afirm\u00f3.<\/p>\n<figure id=\"attachment_2869878\" aria-describedby=\"caption-attachment-2869878\" style=\"width: 600px\" class=\"wp-caption aligncenter\"><img decoding=\"async\" class=\"size-full wp-image-2869878\" src=\"http:\/\/agpnoticias.com\/news\/wp-content\/uploads\/2016\/12\/Tijuana-Sportin-e1481596559773.jpg\" alt=\"\" width=\"600\" height=\"471\" \/><figcaption id=\"caption-attachment-2869878\" class=\"wp-caption-text\">Tijuana Sporting<\/figcaption><\/figure>\n<p><strong>Categor\u00eda Sub 13<\/strong><\/p>\n<p>Campe\u00f3n: KnowEns<\/p>\n<p>Sub campe\u00f3n: Titanes<\/p>\n<p><strong>Categor\u00eda Sub 15<\/strong><\/p>\n<p>Campe\u00f3n: La Raza<\/p>\n<p>Sub campe\u00f3n: Sinaloa<\/p>\n<p><strong>Categor\u00eda Sub 17<\/strong><\/p>\n<p>Campe\u00f3n: Urban Soccer<\/p>\n<p>Sub campe\u00f3n: Innova<\/p>\n<p><strong>Categor\u00eda Sub 20<\/strong><\/p>\n<p>Campe\u00f3n: Tijuana Sporting<\/p>\n<p>Sub campe\u00f3n: Urban Soccer<\/p>\n<figure id=\"attachment_2869880\" aria-describedby=\"caption-attachment-2869880\" style=\"width: 800px\" class=\"wp-caption aligncenter\"><img decoding=\"async\" class=\"size-full wp-image-2869880\" src=\"http:\/\/agpnoticias.com\/news\/wp-content\/uploads\/2016\/12\/La-Raza-campe\u00f3n-Sub-15-e1481596616368.jpg\" alt=\"\" width=\"800\" height=\"535\" \/><figcaption id=\"caption-attachment-2869880\" class=\"wp-caption-text\">La Raza, campe\u00f3n Sub 15<\/figcaption><\/figure>\n","protected":false},"excerpt":{"rendered":"<p>Ensenada, Baja California.- Los equipos ensenadenses KnowEns, La Raza y Urban ganaron los t\u00edtulos de&#8230;<\/p>\n","protected":false},"author":1,"featured_media":2869877,"comment_status":"open","ping_status":"closed","sticky":false,"template":"","format":"standard","meta":{"footnotes":""},"categories":[7,32],"tags":[595],"class_list":["post-2869875","post","type-post","status-publish","format-standard","has-post-thumbnail","hentry","category-deportes","category-soccer","tag-destacado"],"_links":{"self":[{"href":"https:\/\/agpnoticias.com\/news\/index.php?rest_route=\/wp\/v2\/posts\/2869875","targetHints":{"allow":["GET"]}}],"collection":[{"href":"https:\/\/agpnoticias.com\/news\/index.php?rest_route=\/wp\/v2\/posts"}],"about":[{"href":"https:\/\/agpnoticias.com\/news\/index.php?rest_route=\/wp\/v2\/types\/post"}],"author":[{"embeddable":true,"href":"https:\/\/agpnoticias.com\/news\/index.php?rest_route=\/wp\/v2\/users\/1"}],"replies":[{"embeddable":true,"href":"https:\/\/agpnoticias.com\/news\/index.php?rest_route=%2Fwp%2Fv2%2Fcomments&post=2869875"}],"version-history":[{"count":2,"href":"https:\/\/agpnoticias.com\/news\/index.php?rest_route=\/wp\/v2\/posts\/2869875\/revisions"}],"predecessor-version":[{"id":2869881,"href":"https:\/\/agpnoticias.com\/news\/index.php?rest_route=\/wp\/v2\/posts\/2869875\/revisions\/2869881"}],"wp:featuredmedia":[{"embeddable":true,"href":"https:\/\/agpnoticias.com\/news\/index.php?rest_route=\/wp\/v2\/media\/2869877"}],"wp:attachment":[{"href":"https:\/\/agpnoticias.com\/news\/index.php?rest_route=%2Fwp%2Fv2%2Fmedia&parent=2869875"}],"wp:term":[{"taxonomy":"category","embeddable":true,"href":"https:\/\/agpnoticias.com\/news\/index.php?rest_route=%2Fwp%2Fv2%2Fcategories&post=2869875"},{"taxonomy":"post_tag","embeddable":true,"href":"https:\/\/agpnoticias.com\/news\/index.php?rest_route=%2Fwp%2Fv2%2Ftags&post=2869875"}],"curies":[{"name":"wp","href":"https:\/\/api.w.org\/{rel}","templated":true}]}}