{"id":2871481,"date":"2017-01-22T17:24:13","date_gmt":"2017-01-23T01:24:13","guid":{"rendered":"http:\/\/agpnoticias.com\/news\/?p=2871481"},"modified":"2017-01-22T17:24:13","modified_gmt":"2017-01-23T01:24:13","slug":"tormentas-y-fuertes-rafagas-de-viento-tocaran-la-region-a-partir-de-las-seis-de-la-tarde","status":"publish","type":"post","link":"https:\/\/agpnoticias.com\/news\/?p=2871481","title":{"rendered":"Tormentas y fuertes r\u00e1fagas de viento tocar\u00e1n la regi\u00f3n a partir de las seis de la tarde"},"content":{"rendered":"<p>Ensenada, Baja California.- Con base en los \u00faltimos reportes meteorol\u00f3gicos, el XXII Ayuntamiento de Ensenada que preside Marco Antonio Novelo Osuna, informa que se prev\u00e9 que entre las seis y siete de la tarde de este domingo se registre una fuerte tormenta acompa\u00f1ada por vientos con r\u00e1fagas entre los 40 y 100 kil\u00f3metros por hora.<\/p>\n<p>El titular de la Direcci\u00f3n de Protecci\u00f3n Civil Municipal, Jaime Nieto de Mar\u00eda y Campos precis\u00f3 que los modelos pronostican copiosas precipitaciones desde esta tarde-noche y hasta las primeras horas del lunes.<\/p>\n<p>Subray\u00f3 la importancia de que las familias se resguarden desde temprana hora en sus hogares, y que en la medida de lo posible eviten transitar por las calles, ya que se estima que el mayor n\u00famero de afectaciones relacionadas con el temporal se registren en las inmediaciones de la zona urbana.<\/p>\n<p>\u201cEl viernes las rachas de viento alcanzaron los 70 kil\u00f3metros de hora, sin embargo, tenemos datos que nos motivan a redoblar esfuerzos y montar una guardia permanente del personal, pues los vientos que acompa\u00f1ar\u00e1n la tormenta ir\u00e1n de los 40 a los 100 kil\u00f3metros\u201d, afirm\u00f3.<\/p>\n<p>Jaime Nieto record\u00f3 que por indicaci\u00f3n de la Direcci\u00f3n de Protecci\u00f3n Civil de Baja California, el Sistema Educativo Estatal confirm\u00f3 la suspensi\u00f3n de clases en todos los niveles educativos en turnos matutino y vespertino, por lo que exhort\u00f3 a los padres de familia a tomar las medidas conducentes.<\/p>\n<p>\u201cEl presidente municipal, Marco Antonio Novelo Osuna, y la administraci\u00f3n que encabeza est\u00e1 ocupada en salvaguardar la integridad de la poblaci\u00f3n ensenadense, sin embargo pedimos a la comunidad actuar con responsabilidad y no exponerse a situaciones de riesgo\u201d, enfatiz\u00f3.<\/p>\n<p>Respecto a las delegaciones de la zona sur, el funcionario agreg\u00f3 que aunque las lluvias iniciar\u00e1n esta tarde y continuar\u00e1n hasta el lunes, se estima que la intensidad de las mismas sea menor a la que se prev\u00e9 para la zona urbana; no obstante se mantendr\u00e1 vigilancia constante para actuar en caso de requerirse.<\/p>\n<p>Finalmente, el director de Protecci\u00f3n Civil invit\u00f3 a la poblaci\u00f3n ensenadense a permanecer atenta de los reportes oficiales conforme avance la tarde y noche; as\u00ed como a reportar a las l\u00edneas de emergencia cualquier riesgo o anomal\u00eda.<\/p>\n<p><em>Informaci\u00f3n: XX Ayuntamiento de Ensenada.<\/em><\/p>\n","protected":false},"excerpt":{"rendered":"<p>Ensenada, Baja California.- Con base en los \u00faltimos reportes meteorol\u00f3gicos, el XXII Ayuntamiento de Ensenada&#8230;<\/p>\n","protected":false},"author":1,"featured_media":2871484,"comment_status":"open","ping_status":"closed","sticky":false,"template":"","format":"standard","meta":{"footnotes":""},"categories":[7,173],"tags":[595],"class_list":["post-2871481","post","type-post","status-publish","format-standard","has-post-thumbnail","hentry","category-deportes","category-ayuntamiento-de-ensenada","tag-destacado"],"_links":{"self":[{"href":"https:\/\/agpnoticias.com\/news\/index.php?rest_route=\/wp\/v2\/posts\/2871481","targetHints":{"allow":["GET"]}}],"collection":[{"href":"https:\/\/agpnoticias.com\/news\/index.php?rest_route=\/wp\/v2\/posts"}],"about":[{"href":"https:\/\/agpnoticias.com\/news\/index.php?rest_route=\/wp\/v2\/types\/post"}],"author":[{"embeddable":true,"href":"https:\/\/agpnoticias.com\/news\/index.php?rest_route=\/wp\/v2\/users\/1"}],"replies":[{"embeddable":true,"href":"https:\/\/agpnoticias.com\/news\/index.php?rest_route=%2Fwp%2Fv2%2Fcomments&post=2871481"}],"version-history":[{"count":2,"href":"https:\/\/agpnoticias.com\/news\/index.php?rest_route=\/wp\/v2\/posts\/2871481\/revisions"}],"predecessor-version":[{"id":2871483,"href":"https:\/\/agpnoticias.com\/news\/index.php?rest_route=\/wp\/v2\/posts\/2871481\/revisions\/2871483"}],"wp:featuredmedia":[{"embeddable":true,"href":"https:\/\/agpnoticias.com\/news\/index.php?rest_route=\/wp\/v2\/media\/2871484"}],"wp:attachment":[{"href":"https:\/\/agpnoticias.com\/news\/index.php?rest_route=%2Fwp%2Fv2%2Fmedia&parent=2871481"}],"wp:term":[{"taxonomy":"category","embeddable":true,"href":"https:\/\/agpnoticias.com\/news\/index.php?rest_route=%2Fwp%2Fv2%2Fcategories&post=2871481"},{"taxonomy":"post_tag","embeddable":true,"href":"https:\/\/agpnoticias.com\/news\/index.php?rest_route=%2Fwp%2Fv2%2Ftags&post=2871481"}],"curies":[{"name":"wp","href":"https:\/\/api.w.org\/{rel}","templated":true}]}}