{"id":2874306,"date":"2017-03-30T10:39:34","date_gmt":"2017-03-30T17:39:34","guid":{"rendered":"http:\/\/agpnoticias.com\/news\/?p=2874306"},"modified":"2017-03-30T14:43:17","modified_gmt":"2017-03-30T21:43:17","slug":"inde-promueve-clase-fitness-para-celebrar-el-dia-mundial-de-la-actividad-fisica-en-ensenada","status":"publish","type":"post","link":"https:\/\/agpnoticias.com\/news\/?p=2874306","title":{"rendered":"INDE promueve Clase Fitness para celebrar el D\u00eda Mundial de la Actividad F\u00edsica en Ensenada"},"content":{"rendered":"<p>Ensenada, Baja California.- En Ensenada, el D\u00eda Mundial de la Actividad F\u00edsica se celebrar\u00e1 con una Clase Fitness a partir de las 8:00 horas en el Parque Morelos ubicado en la Avenida M\u00e9xico y Diamante.<\/p>\n<p>En rueda de prensa, David Lugo inform\u00f3 las actividades tambi\u00e9n promovidas en Mexicali y Tijuana, donde adem\u00e1s habr\u00e1 una rodada ciclista nocturna.<\/p>\n<p>El director de Alto Nivel de Competencia y Cultura F\u00edsica subray\u00f3 la urgencia de promover acciones de este tipo encaminadas a combatir el sedentarismo y las enfermedades cr\u00f3nico-degenerativas que esto conlleva.<\/p>\n<p>Pablo Medina es el coordinador de la Clase Fitness en Ensenada con participaci\u00f3n abierta a toda la comunidad, sin importar edad o sexo.<\/p>\n<p>Tambi\u00e9n asisti\u00f3 el director del Instituto Municipal del Deporte y Recreaci\u00f3n de Ensenada (Inmudere), Arturo Hern\u00e1ndez Navarro, quien indic\u00f3 que el gobierno de la ciudad se sumar\u00e1 con una activaci\u00f3n en el Palacio Municipal a las 16:00 horas.<\/p>\n","protected":false},"excerpt":{"rendered":"<p>Ensenada, Baja California.- En Ensenada, el D\u00eda Mundial de la Actividad F\u00edsica se celebrar\u00e1 con&#8230;<\/p>\n","protected":false},"author":1,"featured_media":2874307,"comment_status":"open","ping_status":"closed","sticky":false,"template":"","format":"standard","meta":{"footnotes":""},"categories":[73,7],"tags":[595],"class_list":["post-2874306","post","type-post","status-publish","format-standard","has-post-thumbnail","hentry","category-deportebajacalifornia","category-deportes","tag-destacado"],"_links":{"self":[{"href":"https:\/\/agpnoticias.com\/news\/index.php?rest_route=\/wp\/v2\/posts\/2874306","targetHints":{"allow":["GET"]}}],"collection":[{"href":"https:\/\/agpnoticias.com\/news\/index.php?rest_route=\/wp\/v2\/posts"}],"about":[{"href":"https:\/\/agpnoticias.com\/news\/index.php?rest_route=\/wp\/v2\/types\/post"}],"author":[{"embeddable":true,"href":"https:\/\/agpnoticias.com\/news\/index.php?rest_route=\/wp\/v2\/users\/1"}],"replies":[{"embeddable":true,"href":"https:\/\/agpnoticias.com\/news\/index.php?rest_route=%2Fwp%2Fv2%2Fcomments&post=2874306"}],"version-history":[{"count":1,"href":"https:\/\/agpnoticias.com\/news\/index.php?rest_route=\/wp\/v2\/posts\/2874306\/revisions"}],"predecessor-version":[{"id":2874308,"href":"https:\/\/agpnoticias.com\/news\/index.php?rest_route=\/wp\/v2\/posts\/2874306\/revisions\/2874308"}],"wp:featuredmedia":[{"embeddable":true,"href":"https:\/\/agpnoticias.com\/news\/index.php?rest_route=\/wp\/v2\/media\/2874307"}],"wp:attachment":[{"href":"https:\/\/agpnoticias.com\/news\/index.php?rest_route=%2Fwp%2Fv2%2Fmedia&parent=2874306"}],"wp:term":[{"taxonomy":"category","embeddable":true,"href":"https:\/\/agpnoticias.com\/news\/index.php?rest_route=%2Fwp%2Fv2%2Fcategories&post=2874306"},{"taxonomy":"post_tag","embeddable":true,"href":"https:\/\/agpnoticias.com\/news\/index.php?rest_route=%2Fwp%2Fv2%2Ftags&post=2874306"}],"curies":[{"name":"wp","href":"https:\/\/api.w.org\/{rel}","templated":true}]}}