{"id":2874309,"date":"2017-03-30T11:48:22","date_gmt":"2017-03-30T18:48:22","guid":{"rendered":"http:\/\/agpnoticias.com\/news\/?p=2874309"},"modified":"2017-03-30T15:39:56","modified_gmt":"2017-03-30T22:39:56","slug":"unifront-renueva-su-carrera-atletica-programada-el-domingo-7-de-mayo","status":"publish","type":"post","link":"https:\/\/agpnoticias.com\/news\/?p=2874309","title":{"rendered":"Unifront renueva su carrera atl\u00e9tica, programada el domingo 7 de mayo"},"content":{"rendered":"<p>Ensenada, Baja California.- El domingo 7 de mayo ser\u00e1 la 3\u00aa. Carrera Atl\u00e9tica de Colegio Unifront.<\/p>\n<p>En rueda de prensa, el director de la instituci\u00f3n acad\u00e9mica inform\u00f3 los cambios promovidos en relaci\u00f3n a los dos eventos anuales previos, entre los cuales destaca la nueva ruta de mayor distancia, ahora consistente en seis kil\u00f3metros.<\/p>\n<p>Humberto Guti\u00e9rrez Mart\u00ednez precis\u00f3 que, a diferencia de ambos recorridos previos, la carrera que empezar\u00e1 a las 8:00 horas no partir\u00e1 del restaurant Mahi-Mahi, sino que tendr\u00e1 su salida y meta en la avenida Miramar y calle 18 justo a las puertas de Unifront.<\/p>\n<figure id=\"attachment_2874311\" aria-describedby=\"caption-attachment-2874311\" style=\"width: 380px\" class=\"wp-caption alignright\"><a href=\"http:\/\/agpnoticias.com\/news\/unifront-renueva-su-carrera-atletica-programada-el-domingo-7-de-mayo\/humberto-gutierrez-martinez\/\" rel=\"attachment wp-att-2874311\"><img fetchpriority=\"high\" decoding=\"async\" class=\"size-full wp-image-2874311\" src=\"http:\/\/agpnoticias.com\/news\/wp-content\/uploads\/2017\/03\/Humberto-Guti\u00e9rrez-Mart\u00ednez-e1490912508456.jpg\" alt=\"\" width=\"380\" height=\"253\" \/><\/a><figcaption id=\"caption-attachment-2874311\" class=\"wp-caption-text\">Humberto Guti\u00e9rrez Mart\u00ednez, director general de Unifront<\/figcaption><\/figure>\n<p>Y tampoco ser\u00e1 en s\u00e1bado, como las dos anteriores, sino en domingo.<\/p>\n<p>Son esperados alrededor de mil participantes, con una asistencia mayoritaria de alumnos de Unifront, aun cuando el evento es abierto a la comunidad.<\/p>\n<p>Habr\u00e1 carreras infantiles para ni\u00f1os de entre los tres y nueve a\u00f1os, quienes recorrer\u00e1n circuitos con distancias de acuerdo a su edad con un costo de inscripci\u00f3n de 50 pesos, mientras que el resto de los registros valdr\u00e1n 100.<\/p>\n<p>Un porcentaje de lo generado por ese concepto ser\u00e1 destinado a la Casa-Hogar Rancho El Milagro, albergue infantil ubicado a espaldas de Cuatro Cuatros en San Antonio de las Minas.<\/p>\n<p>Humberto Guti\u00e9rrez fue acompa\u00f1ado por el coordinador deportivo V\u00edctor Vea, as\u00ed como por los directores de Unifront: Elena Vel\u00e1squez Olvera (Universidad), Carlos Carrasco Lara (Secundaria), Scarlet Salcedo Meill\u00f3n (Primaria) y Yadira Ur\u00edas Dena (Preescolar), as\u00ed como Antonio Sujo (Estrategia y desarrollo).<\/p>\n<p>El director general de Unifront destac\u00f3 la presencia de la seleccionada nacional de Tenis de Mesa, Jessica Cu\u00e9llar, una de las alumnas que combina sus estudios con el deporte de alto rendimiento.<\/p>\n<p><strong>Premiaci\u00f3n<\/strong><\/p>\n<p>Los tres primeros lugares de cada rama se repartir\u00e1n, respectivamente, dos mil, mil 500 y 700 pesos.<\/p>\n<p>Las medallas estar\u00e1n reservadas a los tres primeros lugares de cada categor\u00eda en la ruta de seis kil\u00f3metros, adem\u00e1s de que se dar\u00e1n camisetas a los primeros 200 corredores que crucen la meta.<\/p>\n<p>Al final, dentro de Unifront, se realizar\u00e1 una rifa con televisores y tabletas como premios principales.<\/p>\n<p><strong>Inscripciones<\/strong><\/p>\n<p>Colegio Unifront (Miramar y 18) y Nava Sport (Espinoza entre Tercera y Cuarta), o en la cuenta Dep\u00f3sito Oxxo Santander 5579 0700 7211 2892.<\/p>\n<p><a href=\"http:\/\/agpnoticias.com\/news\/unifront-renueva-su-carrera-atletica-programada-el-domingo-7-de-mayo\/unifront-carrera\/\" rel=\"attachment wp-att-2874314\"><img decoding=\"async\" class=\"aligncenter size-full wp-image-2874314\" src=\"http:\/\/agpnoticias.com\/news\/wp-content\/uploads\/2017\/03\/Unifront-carrera-e1490913565402.jpg\" alt=\"\" width=\"600\" height=\"300\" \/><\/a><\/p>\n<p><strong>Categor\u00eda<\/strong><\/p>\n<p><strong>Distancias Cortas (8:15 horas)<\/strong><\/p>\n<p>3 a\u00f1os (25 metros)<\/p>\n<p>4 a\u00f1os (30 metros)<\/p>\n<p>5 a\u00f1os (80 metros)<\/p>\n<p>6 a\u00f1os (100 metros)<\/p>\n<p>7 a\u00f1os (100 metros)<\/p>\n<p>8-9 a\u00f1os (150 metros)<\/p>\n<p><strong>Categor\u00edas 6 kms.<\/strong><\/p>\n<p><strong>Varonil y femenil<\/strong><\/p>\n<p>10-12 a\u00f1os<\/p>\n<p>13-15 a\u00f1os<\/p>\n<p>16-18 a\u00f1os<\/p>\n<p>19-20 a\u00f1os<\/p>\n<p>21-29 a\u00f1os<\/p>\n<p>30-39 a\u00f1os<\/p>\n<p>40-49 a\u00f1os<\/p>\n<p>50 a\u00f1os y m\u00e1s<\/p>\n<p>Discapacitados<\/p>\n","protected":false},"excerpt":{"rendered":"<p>Ensenada, Baja California.- El domingo 7 de mayo ser\u00e1 la 3\u00aa. Carrera Atl\u00e9tica de Colegio&#8230;<\/p>\n","protected":false},"author":1,"featured_media":2874310,"comment_status":"open","ping_status":"closed","sticky":false,"template":"","format":"standard","meta":{"footnotes":""},"categories":[31,704,7],"tags":[595],"class_list":["post-2874309","post","type-post","status-publish","format-standard","has-post-thumbnail","hentry","category-atletismo","category-deporte-estudiantil","category-deportes","tag-destacado"],"_links":{"self":[{"href":"https:\/\/agpnoticias.com\/news\/index.php?rest_route=\/wp\/v2\/posts\/2874309","targetHints":{"allow":["GET"]}}],"collection":[{"href":"https:\/\/agpnoticias.com\/news\/index.php?rest_route=\/wp\/v2\/posts"}],"about":[{"href":"https:\/\/agpnoticias.com\/news\/index.php?rest_route=\/wp\/v2\/types\/post"}],"author":[{"embeddable":true,"href":"https:\/\/agpnoticias.com\/news\/index.php?rest_route=\/wp\/v2\/users\/1"}],"replies":[{"embeddable":true,"href":"https:\/\/agpnoticias.com\/news\/index.php?rest_route=%2Fwp%2Fv2%2Fcomments&post=2874309"}],"version-history":[{"count":4,"href":"https:\/\/agpnoticias.com\/news\/index.php?rest_route=\/wp\/v2\/posts\/2874309\/revisions"}],"predecessor-version":[{"id":2874316,"href":"https:\/\/agpnoticias.com\/news\/index.php?rest_route=\/wp\/v2\/posts\/2874309\/revisions\/2874316"}],"wp:featuredmedia":[{"embeddable":true,"href":"https:\/\/agpnoticias.com\/news\/index.php?rest_route=\/wp\/v2\/media\/2874310"}],"wp:attachment":[{"href":"https:\/\/agpnoticias.com\/news\/index.php?rest_route=%2Fwp%2Fv2%2Fmedia&parent=2874309"}],"wp:term":[{"taxonomy":"category","embeddable":true,"href":"https:\/\/agpnoticias.com\/news\/index.php?rest_route=%2Fwp%2Fv2%2Fcategories&post=2874309"},{"taxonomy":"post_tag","embeddable":true,"href":"https:\/\/agpnoticias.com\/news\/index.php?rest_route=%2Fwp%2Fv2%2Ftags&post=2874309"}],"curies":[{"name":"wp","href":"https:\/\/api.w.org\/{rel}","templated":true}]}}