{"id":2875450,"date":"2017-04-26T14:27:05","date_gmt":"2017-04-26T21:27:05","guid":{"rendered":"http:\/\/agpnoticias.com\/news\/?p=2875450"},"modified":"2017-04-26T15:38:55","modified_gmt":"2017-04-26T22:38:55","slug":"miguel-herrera-posible-proximo-dt-de-america-opina-sobre-la-salida-de-ricardo-pelaez","status":"publish","type":"post","link":"https:\/\/agpnoticias.com\/news\/?p=2875450","title":{"rendered":"Miguel Herrera, posible pr\u00f3ximo DT de Am\u00e9rica, opina sobre la salida de Ricardo Pel\u00e1ez"},"content":{"rendered":"<p>Tijuana, Baja California.- Miguel Herrera elogi\u00f3 la gesti\u00f3n de Ricardo Pel\u00e1ez, quien en mayo dejar\u00e1 la presidencia deportiva de Am\u00e9rica, equipo con el que se le vincula en cuanto finalice su participaci\u00f3n con Xoloitzcuintles de Tijuana en el presente torneo Clausura 2017.<\/p>\n<p>En rueda de prensa, previa al viaje a Monterrey para enfrentar a Tigres, el t\u00e9cnico del conjunto l\u00edder del futbol mexicano agradeci\u00f3 adem\u00e1s que Pel\u00e1ez fue quien lo llev\u00f3 a Am\u00e9rica, de donde se proyect\u00f3 a selecci\u00f3n nacional.<\/p>\n<p>\u201cRicardo podr\u00e1 irse tranquilo\u201d, dijo luego de se\u00f1alar que desconoc\u00eda la decisi\u00f3n del directivo cuya trayectoria al frente del \u00e1rea deportiva de Am\u00e9rica calific\u00f3 como \u201csuper exitosa\u201d.<\/p>\n<p>En ese sentido, mencion\u00f3 la llegada de las \u00c1guilas a todas las liguillas que disputaron a su cargo, adem\u00e1s de entregar dos campeonatos de liga, dos de Concacaf y un par de calificaciones al Mundial de Clubes.<\/p>\n<p>El \u201cPiojo\u201d reconoci\u00f3 que cuando asumi\u00f3 la direcci\u00f3n t\u00e9cnica de Am\u00e9rica no lo un\u00eda una amistad con Pel\u00e1ez, pero terminaron \u201cteniendo una gran relaci\u00f3n\u201d.<\/p>\n<p>\u201cPuede irse tranquilo porque hizo una gesti\u00f3n como pocas\u201d, reiter\u00f3. Y le dese\u00f3 \u201clo mejor\u201d luego de la decisi\u00f3n tomada.<\/p>\n<p>Los rumores apuntan a que el puesto de Ricardo Pel\u00e1ez ser\u00e1 ocupado por el auxiliar del mismo Herrera en su paso por Am\u00e9rica, Santiago Ba\u00f1os, mientras que Yon de Luisa asumir\u00eda la presidencia operativa en sustituci\u00f3n de Pepe Romano.<\/p>\n<p>Y junto a ellos, Miguel Herrera regresar\u00eda a la direcci\u00f3n t\u00e9cnica de las \u00c1guilas a partir del pr\u00f3ximo torneo Apertura 2017.<\/p>\n","protected":false},"excerpt":{"rendered":"<p>Tijuana, Baja California.- Miguel Herrera elogi\u00f3 la gesti\u00f3n de Ricardo Pel\u00e1ez, quien en mayo dejar\u00e1&#8230;<\/p>\n","protected":false},"author":1,"featured_media":2875455,"comment_status":"open","ping_status":"closed","sticky":false,"template":"","format":"standard","meta":{"footnotes":""},"categories":[7,32,17],"tags":[595],"class_list":["post-2875450","post","type-post","status-publish","format-standard","has-post-thumbnail","hentry","category-deportes","category-soccer","category-xolos-de-tijuana","tag-destacado"],"_links":{"self":[{"href":"https:\/\/agpnoticias.com\/news\/index.php?rest_route=\/wp\/v2\/posts\/2875450","targetHints":{"allow":["GET"]}}],"collection":[{"href":"https:\/\/agpnoticias.com\/news\/index.php?rest_route=\/wp\/v2\/posts"}],"about":[{"href":"https:\/\/agpnoticias.com\/news\/index.php?rest_route=\/wp\/v2\/types\/post"}],"author":[{"embeddable":true,"href":"https:\/\/agpnoticias.com\/news\/index.php?rest_route=\/wp\/v2\/users\/1"}],"replies":[{"embeddable":true,"href":"https:\/\/agpnoticias.com\/news\/index.php?rest_route=%2Fwp%2Fv2%2Fcomments&post=2875450"}],"version-history":[{"count":1,"href":"https:\/\/agpnoticias.com\/news\/index.php?rest_route=\/wp\/v2\/posts\/2875450\/revisions"}],"predecessor-version":[{"id":2875452,"href":"https:\/\/agpnoticias.com\/news\/index.php?rest_route=\/wp\/v2\/posts\/2875450\/revisions\/2875452"}],"wp:featuredmedia":[{"embeddable":true,"href":"https:\/\/agpnoticias.com\/news\/index.php?rest_route=\/wp\/v2\/media\/2875455"}],"wp:attachment":[{"href":"https:\/\/agpnoticias.com\/news\/index.php?rest_route=%2Fwp%2Fv2%2Fmedia&parent=2875450"}],"wp:term":[{"taxonomy":"category","embeddable":true,"href":"https:\/\/agpnoticias.com\/news\/index.php?rest_route=%2Fwp%2Fv2%2Fcategories&post=2875450"},{"taxonomy":"post_tag","embeddable":true,"href":"https:\/\/agpnoticias.com\/news\/index.php?rest_route=%2Fwp%2Fv2%2Ftags&post=2875450"}],"curies":[{"name":"wp","href":"https:\/\/api.w.org\/{rel}","templated":true}]}}