{"id":2875544,"date":"2017-04-28T14:31:44","date_gmt":"2017-04-28T21:31:44","guid":{"rendered":"http:\/\/agpnoticias.com\/news\/?p=2875544"},"modified":"2017-04-28T14:31:44","modified_gmt":"2017-04-28T21:31:44","slug":"francisco-hernandez-con-animo-de-revancha-retomara-trabajos-con-cuervos-jap","status":"publish","type":"post","link":"https:\/\/agpnoticias.com\/news\/?p=2875544","title":{"rendered":"Francisco Hern\u00e1ndez con \u00e1nimo de revancha retomar\u00e1 trabajos con Cuervos JAP"},"content":{"rendered":"<p>Ensenada, Baja California.- El 1 de junio Francisco Hern\u00e1ndez Rojas se presentar\u00e1 a dirigir los trabajos de Cuervos JAP rumbo al torneo Apertura 2017 en busca de mejorar lo hecho el semestre previo.<\/p>\n<p>El director t\u00e9cnico del conjunto durante las dos temporadas que ha permanecido en Ensenada \u2013la primera con la llegada a una de las\u00a0semifinales de la Segunda Divisi\u00f3n Premier\u2013, sostuvo que el \u00e1nimo para el pr\u00f3ximo certamen es de \u201csed de revancha e ilusi\u00f3n por hacer un buen trabajo\u201d.<\/p>\n<p>Sobre la eliminaci\u00f3n de Cuervos en la fase regular del torneo reci\u00e9n concluido, lament\u00f3 que \u201chubo falta de compromiso y profesionalismo de algunos jugadores en las que se deposit\u00f3 la confianza, pensando en mejorar\u201d.<\/p>\n<p>De acuerdo a lo dado a conocer por el presidente de la organizaci\u00f3n local, Juan Serna-Dur\u00e1n, la conformaci\u00f3n del plantel cambiar\u00e1 con la inclusi\u00f3n de una mayor cantidad de talento local que \u201csienta m\u00e1s la camiseta\u201d.<\/p>\n<p>Para ello est\u00e1n contempladas una serie de visor\u00edas, cuyo inicio entre el 3 y el de junio en el Estadio Municipal de la Ciudad Deportiva para jugadores nacidos entre 1993 y 1998.<\/p>\n","protected":false},"excerpt":{"rendered":"<p>Ensenada, Baja California.- El 1 de junio Francisco Hern\u00e1ndez Rojas se presentar\u00e1 a dirigir los&#8230;<\/p>\n","protected":false},"author":1,"featured_media":2875545,"comment_status":"open","ping_status":"closed","sticky":false,"template":"","format":"standard","meta":{"footnotes":""},"categories":[7,32],"tags":[595],"class_list":["post-2875544","post","type-post","status-publish","format-standard","has-post-thumbnail","hentry","category-deportes","category-soccer","tag-destacado"],"_links":{"self":[{"href":"https:\/\/agpnoticias.com\/news\/index.php?rest_route=\/wp\/v2\/posts\/2875544","targetHints":{"allow":["GET"]}}],"collection":[{"href":"https:\/\/agpnoticias.com\/news\/index.php?rest_route=\/wp\/v2\/posts"}],"about":[{"href":"https:\/\/agpnoticias.com\/news\/index.php?rest_route=\/wp\/v2\/types\/post"}],"author":[{"embeddable":true,"href":"https:\/\/agpnoticias.com\/news\/index.php?rest_route=\/wp\/v2\/users\/1"}],"replies":[{"embeddable":true,"href":"https:\/\/agpnoticias.com\/news\/index.php?rest_route=%2Fwp%2Fv2%2Fcomments&post=2875544"}],"version-history":[{"count":1,"href":"https:\/\/agpnoticias.com\/news\/index.php?rest_route=\/wp\/v2\/posts\/2875544\/revisions"}],"predecessor-version":[{"id":2875546,"href":"https:\/\/agpnoticias.com\/news\/index.php?rest_route=\/wp\/v2\/posts\/2875544\/revisions\/2875546"}],"wp:featuredmedia":[{"embeddable":true,"href":"https:\/\/agpnoticias.com\/news\/index.php?rest_route=\/wp\/v2\/media\/2875545"}],"wp:attachment":[{"href":"https:\/\/agpnoticias.com\/news\/index.php?rest_route=%2Fwp%2Fv2%2Fmedia&parent=2875544"}],"wp:term":[{"taxonomy":"category","embeddable":true,"href":"https:\/\/agpnoticias.com\/news\/index.php?rest_route=%2Fwp%2Fv2%2Fcategories&post=2875544"},{"taxonomy":"post_tag","embeddable":true,"href":"https:\/\/agpnoticias.com\/news\/index.php?rest_route=%2Fwp%2Fv2%2Ftags&post=2875544"}],"curies":[{"name":"wp","href":"https:\/\/api.w.org\/{rel}","templated":true}]}}