{"id":2877651,"date":"2017-06-07T14:29:10","date_gmt":"2017-06-07T21:29:10","guid":{"rendered":"http:\/\/agpnoticias.com\/news\/?p=2877651"},"modified":"2017-06-07T14:29:10","modified_gmt":"2017-06-07T21:29:10","slug":"mauricio-cuero-reemplazo-de-aviles-hurtado-en-el-ataque-de-xolos","status":"publish","type":"post","link":"https:\/\/agpnoticias.com\/news\/?p=2877651","title":{"rendered":"Mauricio Cuero, reemplazo de Avil\u00e9s Hurtado en el ataque de Xolos"},"content":{"rendered":"<p>Tijuana, Baja California.- El Club Tijuana Xoloitzcuintles de Caliente fich\u00f3 al mediocampista colombiano Mauricio Cuero de cara al Torneo Apertura 2017 de la LIGA MX. El futbolista cafetalero proviene de jugar en la LIGA MX con el Club Santos Laguna de Torre\u00f3n.<\/p>\n<p>Cuero se caracteriza por su velocidad en el medio campo, su regate en el espacio corto, as\u00ed como una potente pegada de media distancia. En el futbol mexicano jug\u00f3 26 partidos con Santos Laguna, con quienes marc\u00f3 dos goles.<\/p>\n<p>El colombiano inici\u00f3 su trayectoria con el Club La Equidad en 2011 y para 2013 emprendi\u00f3 su primer paso en el extranjero al jugar Copn el Club Vaslui de Rumania.<\/p>\n<p>Cuero regres\u00f3 al continente americano en 2014 para jugar con el Olimpo de Argentina, pa\u00eds en el que tambi\u00e9n milit\u00f3 en Banfield en 2015. Posteriormente, Maurici\u00f3 volvi\u00f3 a Europa para jugar con el Levante UD de la Liga de Espa\u00f1a en la temporada 2015-2016.<\/p>\n<p>A nivel internacional, Cuero es campe\u00f3n juvenil del Sudamericano Sub20 con la Selecci\u00f3n Colombia, en el torneo de la CONMEBOL que se jug\u00f3 en Argentina en 2013.<\/p>\n<p>FICHA T\u00c9CNICA<br \/>\nNombre completo: Mauricio Andr\u00e9s Cuero Castillo<br \/>\nFecha de nacimiento: 28 de Enero de 1993<br \/>\nLugar de nacimiento: Tumaco, Nari\u00f1o, Colombia<br \/>\nEstatura: 1.78m<br \/>\nPosici\u00f3n: Mediocampista<\/p>\n<p>PALMAR\u00c9S<br \/>\nCampe\u00f3n Sudamericano Sub20 con la Selecci\u00f3n Colombia en 2013<\/p>\n<p>ESTAD\u00cdSTICAS EN EL FUTBOL INTERNACIONAL<br \/>\nEQUIPO\u00a0 \u00a0 \u00a0 \u00a0 \u00a0 \u00a0 \u00a0 \u00a0 \u00a0 TEMP\u00a0 \u00a0 \u00a0 \u00a0 \u00a0 \u00a0 JJ\u00a0 \u00a0 \u00a0 Goles<br \/>\nLa Equidad(Colombia)\u00a0 \u00a0 2011-2013\u00a0 \u00a0 \u00a0 \u00a035\u00a0 \u00a0 \u00a0 2<br \/>\nVaslui (Rumania)\u00a0 \u00a0 \u00a0 \u00a0 \u00a0 \u00a0 \u00a0 \u00a0 2013-2014\u00a0 \u00a0 \u00a0 \u00a08\u00a0 \u00a0 \u00a0 \u00a00<br \/>\nOlimpo (Argentina)\u00a0 \u00a0 \u00a0 \u00a0 \u00a0 \u00a0 \u00a0 2014\u00a0 \u00a0 \u00a0 \u00a0 \u00a0 \u00a0 17\u00a0 \u00a0 \u00a0 1<br \/>\nBanfield (Argentina)\u00a0 \u00a0 \u00a0 \u00a0 \u00a0 \u00a0 2015\u00a0 \u00a0 \u00a0 \u00a0 \u00a0 \u00a0 33\u00a0 \u00a0 \u00a0 7<br \/>\nLevante UD (Espa\u00f1a)\u00a0 \u00a0 \u00a02015-2016\u00a0 \u00a0 \u00a0 \u00a013\u00a0 \u00a0 \u00a0 0<br \/>\nSantos Laguna (M\u00e9xico)\u00a0 2016-2017\u00a0 \u00a0 \u00a0 \u00a026\u00a0 \u00a0 \u00a0 2<br \/>\n132\u00a0 \u00a0 \u00a012<\/p>\n","protected":false},"excerpt":{"rendered":"<p>Tijuana, Baja California.- El Club Tijuana Xoloitzcuintles de Caliente fich\u00f3 al mediocampista colombiano Mauricio Cuero&#8230;<\/p>\n","protected":false},"author":1,"featured_media":2877652,"comment_status":"open","ping_status":"closed","sticky":false,"template":"","format":"standard","meta":{"footnotes":""},"categories":[7,32,17],"tags":[595],"class_list":["post-2877651","post","type-post","status-publish","format-standard","has-post-thumbnail","hentry","category-deportes","category-soccer","category-xolos-de-tijuana","tag-destacado"],"_links":{"self":[{"href":"https:\/\/agpnoticias.com\/news\/index.php?rest_route=\/wp\/v2\/posts\/2877651","targetHints":{"allow":["GET"]}}],"collection":[{"href":"https:\/\/agpnoticias.com\/news\/index.php?rest_route=\/wp\/v2\/posts"}],"about":[{"href":"https:\/\/agpnoticias.com\/news\/index.php?rest_route=\/wp\/v2\/types\/post"}],"author":[{"embeddable":true,"href":"https:\/\/agpnoticias.com\/news\/index.php?rest_route=\/wp\/v2\/users\/1"}],"replies":[{"embeddable":true,"href":"https:\/\/agpnoticias.com\/news\/index.php?rest_route=%2Fwp%2Fv2%2Fcomments&post=2877651"}],"version-history":[{"count":1,"href":"https:\/\/agpnoticias.com\/news\/index.php?rest_route=\/wp\/v2\/posts\/2877651\/revisions"}],"predecessor-version":[{"id":2877653,"href":"https:\/\/agpnoticias.com\/news\/index.php?rest_route=\/wp\/v2\/posts\/2877651\/revisions\/2877653"}],"wp:featuredmedia":[{"embeddable":true,"href":"https:\/\/agpnoticias.com\/news\/index.php?rest_route=\/wp\/v2\/media\/2877652"}],"wp:attachment":[{"href":"https:\/\/agpnoticias.com\/news\/index.php?rest_route=%2Fwp%2Fv2%2Fmedia&parent=2877651"}],"wp:term":[{"taxonomy":"category","embeddable":true,"href":"https:\/\/agpnoticias.com\/news\/index.php?rest_route=%2Fwp%2Fv2%2Fcategories&post=2877651"},{"taxonomy":"post_tag","embeddable":true,"href":"https:\/\/agpnoticias.com\/news\/index.php?rest_route=%2Fwp%2Fv2%2Ftags&post=2877651"}],"curies":[{"name":"wp","href":"https:\/\/api.w.org\/{rel}","templated":true}]}}