{"id":2880040,"date":"2017-08-01T21:31:16","date_gmt":"2017-08-02T04:31:16","guid":{"rendered":"http:\/\/agpnoticias.com\/news\/?p=2880040"},"modified":"2017-08-01T21:32:00","modified_gmt":"2017-08-02T04:32:00","slug":"chacho-contento-por-victoria-en-el-debut-de-xolos-dentro-de-la-copa-mx","status":"publish","type":"post","link":"https:\/\/agpnoticias.com\/news\/?p=2880040","title":{"rendered":"\u00abChacho\u00bb contento por victoria en el debut de Xolos dentro de la Copa-MX"},"content":{"rendered":"<p>Tijuana, Baja California.- Eduardo Coudet ya gan\u00f3 al frente de Xolos de Tijuana. Fue un Copa, no en Liga. Pero igualmente los tres puntos, y ya haber anotado gol despu\u00e9s de dos jornadas en blanco dentro de la liga, fueron factores valorados por el entrenador argentino.<\/p>\n<p>\u201cContento por el triunfo, por sobre todas las cosas\u201d, refiri\u00f3 luego del afortunado debut copero y d\u00edas antes de regresar como local al estadio Caliente por la liga, este viernes contra Monterrey.<\/p>\n<p>En cuanto al funcionamiento, destac\u00f3 el aspecto f\u00edsico como prioridad para sacar adelante el encuentro, con solo dos jugadores que disputaron completo el encuentro del s\u00e1bado por la Liga ante Necaxa.<\/p>\n<p>\u201cEra un partido f\u00edsico de arranque, y salvo (Ignacio) Malcorra y (Dami\u00e1n) P\u00e9rez, todos los dem\u00e1s jugadores estaban frescos desde la parte f\u00edsica. M\u00e1s que a apuntar un sistema apunt\u00e9 a la parte f\u00edsica\u201d, concluy\u00f3.<\/p>\n","protected":false},"excerpt":{"rendered":"<p>Tijuana, Baja California.- Eduardo Coudet ya gan\u00f3 al frente de Xolos de Tijuana. Fue un&#8230;<\/p>\n","protected":false},"author":1,"featured_media":2880041,"comment_status":"open","ping_status":"closed","sticky":false,"template":"","format":"standard","meta":{"footnotes":""},"categories":[7,32,17],"tags":[595],"class_list":["post-2880040","post","type-post","status-publish","format-standard","has-post-thumbnail","hentry","category-deportes","category-soccer","category-xolos-de-tijuana","tag-destacado"],"_links":{"self":[{"href":"https:\/\/agpnoticias.com\/news\/index.php?rest_route=\/wp\/v2\/posts\/2880040","targetHints":{"allow":["GET"]}}],"collection":[{"href":"https:\/\/agpnoticias.com\/news\/index.php?rest_route=\/wp\/v2\/posts"}],"about":[{"href":"https:\/\/agpnoticias.com\/news\/index.php?rest_route=\/wp\/v2\/types\/post"}],"author":[{"embeddable":true,"href":"https:\/\/agpnoticias.com\/news\/index.php?rest_route=\/wp\/v2\/users\/1"}],"replies":[{"embeddable":true,"href":"https:\/\/agpnoticias.com\/news\/index.php?rest_route=%2Fwp%2Fv2%2Fcomments&post=2880040"}],"version-history":[{"count":2,"href":"https:\/\/agpnoticias.com\/news\/index.php?rest_route=\/wp\/v2\/posts\/2880040\/revisions"}],"predecessor-version":[{"id":2880043,"href":"https:\/\/agpnoticias.com\/news\/index.php?rest_route=\/wp\/v2\/posts\/2880040\/revisions\/2880043"}],"wp:featuredmedia":[{"embeddable":true,"href":"https:\/\/agpnoticias.com\/news\/index.php?rest_route=\/wp\/v2\/media\/2880041"}],"wp:attachment":[{"href":"https:\/\/agpnoticias.com\/news\/index.php?rest_route=%2Fwp%2Fv2%2Fmedia&parent=2880040"}],"wp:term":[{"taxonomy":"category","embeddable":true,"href":"https:\/\/agpnoticias.com\/news\/index.php?rest_route=%2Fwp%2Fv2%2Fcategories&post=2880040"},{"taxonomy":"post_tag","embeddable":true,"href":"https:\/\/agpnoticias.com\/news\/index.php?rest_route=%2Fwp%2Fv2%2Ftags&post=2880040"}],"curies":[{"name":"wp","href":"https:\/\/api.w.org\/{rel}","templated":true}]}}